{"id":2216,"date":"2022-12-12T20:04:49","date_gmt":"2022-12-12T18:04:49","guid":{"rendered":"https:\/\/animaweb.cat\/?p=2216"},"modified":"2022-12-18T19:04:55","modified_gmt":"2022-12-18T17:04:55","slug":"el-credit-cosmic-del-doctor-jose-luis-cabouli-en-portugues","status":"publish","type":"post","link":"https:\/\/animaweb.blog.pangea.org\/pt\/2022\/12\/12\/el-credit-cosmic-del-doctor-jose-luis-cabouli-en-portugues\/","title":{"rendered":"O cr\u00e9dito c\u00f3smico do Doutor Jos\u00e9 Luis Cabouli em portugu\u00e9s."},"content":{"rendered":"<p lang=\"pt-PT\" align=\"center\"><span style=\"font-family: Times New Roman, serif\"><span style=\"font-size: x-large\"><b>O cr\u00e9dito c\u00f3smico do Doutor Jos\u00e9 Luis Cabouli em portugu\u00e9s.<\/b><\/span><\/span><\/p>\n<p lang=\"pt-PT\" align=\"justify\"><span style=\"font-family: Times New Roman, serif\"><span style=\"font-size: large\"><img loading=\"lazy\" decoding=\"async\" class=\"alignleft wp-image-1002 size-full\" title=\"Bandeira portuguesa animada.\" src=\"https:\/\/animaweb.cat\/files\/2020\/11\/Bandera_portuguesa_animada.gif\" alt=\"Bandeira portuguesa animada.\" width=\"68\" height=\"50\" \/>Temos \u00e0 disposi\u00e7\u00e3o dos internautas do idioma portugu\u00e8s o v\u00eddeo legendado em sua l\u00edngua sobre \u00ab<i>O cr\u00e9dito c\u00f3smico<\/i>\u00bb, fragmento breve da confer\u00eancia do Doutor Jos\u00e9 Luis Cabouli data 29 de agosto de 2020 em Soler\u00e0s. Agradecemos por seu bom trabalho \u00e0 tradutora Simone de Souza.<\/span><\/span><\/p>\n<p lang=\"pt-PT\" align=\"right\"><span style=\"font-family: Times New Roman, serif\"><span style=\"font-size: large\">Equipe web \u00ab<i>Em corpo e alma<\/i>\u00bb.<br \/>\n<\/span><\/span><span style=\"font-family: Times New Roman, serif\"><span style=\"font-size: large\">Segunda Feira, 12 de Dezembre de 2022.<br \/>\n<\/span><\/span><span style=\"font-family: Times New Roman, serif\"><span style=\"font-size: large\"><b>Tradu\u00e7\u00e3o da postagem: Simone de Souza.<\/b><\/span><\/span><\/p>\n<p lang=\"pt-PT\"><span style=\"font-family: Times New Roman, serif\"><span style=\"font-size: large\">Link para o acesso ao v\u00eddeo legendado em portugu\u00e9s:<\/span><\/span><\/p>\n<p lang=\"pt-PT\" align=\"justify\"><a href=\"\/pt\/el-credit-cosmic-pel-doctor-jose-luis-cabouli-conferencia-en-castella-subtitulada-en-catala\/\"><span style=\"font-family: Times New Roman, serif\"><span style=\"font-size: x-large\"><b>\u00abO cr\u00e9dito c\u00f3smico\u00bb com Doutor Jos\u00e9 Luis Cabouli. Confer\u00eancia en castellano subtitulada en portugu\u00eas.<br \/>\n<\/b><\/span><\/span><\/a><span style=\"font-family: Times New Roman, serif\"><span style=\"font-size: large\">\u00ab<i>Fragmento da conferencia titulada &#8220;a vida antes de nascer&#8221; o Doutor Jos\u00e9 Luis Cabouli celebrada na Sala Polivalente de Soler\u00e0s (Les Garrigues, Catalunya). S\u00e1bado, 29 de agosto de 2020 (&#8230;)<\/i>\u00bb.<br \/>\n<\/span><\/span><span style=\"font-family: Times New Roman, serif\"><span style=\"font-size: large\">Perfil de publica\u00e7\u00e3o de \u00ab<i>Odysee<\/i>\u00bb: Animaweb. Confer\u00eancias em portugu\u00e9s. Data de publica\u00e7\u00e3o en \u00ab<i>Odysee<\/i>\u00bb: Domingo, 11 de dezembro de 2022. Dura\u00e7\u00e3o do v\u00eddeo: 3 minutos e 33 segundos. Idioma: voz en castellano con subt\u00edtulos en portugu\u00e9s.<br \/>\n<\/span><\/span><span style=\"font-family: Times New Roman, serif\"><span style=\"font-size: large\"><b>Tradu\u00e7\u00e3o: Simone de Souza.<\/b><\/span><\/span><\/p>","protected":false},"excerpt":{"rendered":"<p>O cr\u00e9dito c\u00f3smico do Doutor Jos\u00e9 Luis Cabouli em portugu\u00e9s. Temos \u00e0 disposi\u00e7\u00e3o dos internautas do idioma portugu\u00e8s o v\u00eddeo legendado em sua l\u00edngua sobre \u00abO cr\u00e9dito c\u00f3smico\u00bb, fragmento breve &hellip; <a href=\"https:\/\/animaweb.blog.pangea.org\/pt\/2022\/12\/12\/el-credit-cosmic-del-doctor-jose-luis-cabouli-en-portugues\/\" class=\"more-link\">Continuar a ler<span class=\"screen-reader-text\"> &#8220;O cr\u00e9dito c\u00f3smico do Doutor Jos\u00e9 Luis Cabouli em portugu\u00e9s.&#8221;<\/span><\/a><\/p>\n","protected":false},"author":12345698,"featured_media":0,"comment_status":"closed","ping_status":"open","sticky":false,"template":"","format":"standard","meta":{"ngg_post_thumbnail":0,"footnotes":""},"categories":[171135,171134,22366,5378,171133,119692,119881,32748,150057,150034,150058,171099,171190,150049,169490],"tags":[],"class_list":["post-2216","post","type-post","status-publish","format-standard","hentry","category-ajuntament-del-soleras","category-associacio-cultural-de-dones-elaia","category-catalunya","category-conferencies","category-credit-cosmic","category-doctor-jose-luis-cabouli","category-el-soleras","category-familia","category-gestacio","category-karma","category-naixement","category-periode-entre-dues-vides","category-subtitulacions-en-portugues","category-terapia-regressiva","category-video-en-castella"],"views":218,"_links":{"self":[{"href":"https:\/\/animaweb.blog.pangea.org\/pt\/wp-json\/wp\/v2\/posts\/2216","targetHints":{"allow":["GET"]}}],"collection":[{"href":"https:\/\/animaweb.blog.pangea.org\/pt\/wp-json\/wp\/v2\/posts"}],"about":[{"href":"https:\/\/animaweb.blog.pangea.org\/pt\/wp-json\/wp\/v2\/types\/post"}],"author":[{"embeddable":true,"href":"https:\/\/animaweb.blog.pangea.org\/pt\/wp-json\/wp\/v2\/users\/12345698"}],"replies":[{"embeddable":true,"href":"https:\/\/animaweb.blog.pangea.org\/pt\/wp-json\/wp\/v2\/comments?post=2216"}],"version-history":[{"count":4,"href":"https:\/\/animaweb.blog.pangea.org\/pt\/wp-json\/wp\/v2\/posts\/2216\/revisions"}],"predecessor-version":[{"id":2259,"href":"https:\/\/animaweb.blog.pangea.org\/pt\/wp-json\/wp\/v2\/posts\/2216\/revisions\/2259"}],"wp:attachment":[{"href":"https:\/\/animaweb.blog.pangea.org\/pt\/wp-json\/wp\/v2\/media?parent=2216"}],"wp:term":[{"taxonomy":"category","embeddable":true,"href":"https:\/\/animaweb.blog.pangea.org\/pt\/wp-json\/wp\/v2\/categories?post=2216"},{"taxonomy":"post_tag","embeddable":true,"href":"https:\/\/animaweb.blog.pangea.org\/pt\/wp-json\/wp\/v2\/tags?post=2216"}],"curies":[{"name":"wp","href":"https:\/\/api.w.org\/{rel}","templated":true}]}}