{"id":2164,"date":"2022-11-30T22:37:31","date_gmt":"2022-11-30T20:37:31","guid":{"rendered":"https:\/\/animaweb.cat\/?p=2164"},"modified":"2022-12-03T17:06:24","modified_gmt":"2022-12-03T15:06:24","slug":"cites-dels-savis-del-doctor-brian-weiss-en-portugues","status":"publish","type":"post","link":"https:\/\/animaweb.blog.pangea.org\/pt\/2022\/11\/30\/cites-dels-savis-del-doctor-brian-weiss-en-portugues\/","title":{"rendered":"Cita\u00e7\u00f5es dos s\u00e1bios do Doutor Brian Weiss em portugu\u00e9s."},"content":{"rendered":"<p lang=\"pt-PT\"><span style=\"font-family: Times New Roman, serif\"><span style=\"font-size: x-large\"><b>Cita\u00e7\u00f5es dos s\u00e1bios do Doutor Brian Weiss em portugu\u00e9s.<\/b><\/span><\/span><\/p>\n<p lang=\"pt-PT\" align=\"justify\"><span style=\"font-family: Times New Roman, serif\"><span style=\"font-size: large\"><img loading=\"lazy\" decoding=\"async\" class=\"alignleft wp-image-1002 size-full\" title=\"Bandeira portuguesa animada.\" src=\"https:\/\/animaweb.cat\/files\/2020\/11\/Bandera_portuguesa_animada.gif\" alt=\"Bandeira portuguesa animada.\" width=\"68\" height=\"50\" \/>Informamos que j\u00e1 temos na l\u00edngua de Jos\u00e9 Saramago a p\u00e1gina com o fragmento do texto do Doutor Brian Weiss relativo \u00e0s cita\u00e7\u00f5es dos s\u00e1bios. Agradecemos o cuidadoso trabalho de tradu\u00e7\u00e3o e corre\u00e7\u00e3o realizado por Simone de Souza.<\/span><\/span><\/p>\n<p lang=\"pt-PT\" align=\"right\"><span style=\"font-family: Times New Roman, serif\"><span style=\"font-size: large\">Equipe web \u00ab<i>Em corpo e alma<\/i>\u00bb.<br \/>\n<\/span><\/span><span style=\"font-family: Times New Roman, serif\"><span style=\"font-size: large\">Quarta feira, 30 de novembro de 2022.<br \/>\n<\/span><\/span><span style=\"font-family: Times New Roman, serif\"><span style=\"font-size: large\"><b>Tradu\u00e7\u00e3o da postagem: Simone de Souza.<\/b><\/span><\/span><\/p>\n<p lang=\"pt-PT\" align=\"justify\"><span style=\"font-family: Times New Roman, serif\"><span style=\"font-size: large\">Link da p\u00e1gina em sua vers\u00e3o em portugu\u00eas:<\/span><\/span><\/p>\n<p lang=\"pt-PT\" align=\"justify\"><a href=\"\/pt\/tipus-de-karma-karma-collectiu-fama-objectiu-i-perdo-cites-dels-savis\/\"><span style=\"font-family: Times New Roman, serif\"><span style=\"font-size: x-large\"><b>Tipo de karma, karma coletivo, fama, prop\u00f3sito e perd\u00e3o. Nomea\u00e7\u00f5es de pessoas s\u00e1bias.<br \/>\n<\/b><\/span><\/span><\/a><span style=\"font-family: Times New Roman, serif\"><span style=\"font-size: large\">\u00ab<i>Atrav\u00e9s do corpo dos pacientes do Doutor Brian Weiss submetidos a regress\u00e3o hipn\u00f3tica, n\u00e3o s\u00f3 se pode ascender ao passado de sua alma em busca de um acontecimento traum\u00e1tico, se n\u00e3o que tamb\u00e9m almas de diferentes s\u00e1bios ou mestres podem intervir para transmitir ao terapeuta explica\u00e7\u00f5es sobre a evolu\u00e7\u00e3o espiritual (&#8230;)<\/i>\u00bb.<br \/>\n<\/span><\/span><span style=\"font-family: Times New Roman, serif\"><span style=\"font-size: large\">Brian Weiss. <i>S\u00f3 o Amor \u00e9 Real. A hist\u00f3ria do reencontro de Almas G\u00eameas<\/i>. Editora Pergaminho, 1999.<br \/>\n<\/span><\/span><span style=\"font-family: Times New Roman, serif\"><span style=\"font-size: large\"><b>Tradu\u00e7\u00e3o e revis\u00e3o: Simone de Souza.<\/b><\/span><\/span><\/p>","protected":false},"excerpt":{"rendered":"<p>Cita\u00e7\u00f5es dos s\u00e1bios do Doutor Brian Weiss em portugu\u00e9s. Informamos que j\u00e1 temos na l\u00edngua de Jos\u00e9 Saramago a p\u00e1gina com o fragmento do texto do Doutor Brian Weiss relativo &hellip; <a href=\"https:\/\/animaweb.blog.pangea.org\/pt\/2022\/11\/30\/cites-dels-savis-del-doctor-brian-weiss-en-portugues\/\" class=\"more-link\">Continuar a ler<span class=\"screen-reader-text\"> &#8220;Cita\u00e7\u00f5es dos s\u00e1bios do Doutor Brian Weiss em portugu\u00e9s.&#8221;<\/span><\/a><\/p>\n","protected":false},"author":12345698,"featured_media":0,"comment_status":"closed","ping_status":"open","sticky":false,"template":"","format":"standard","meta":{"ngg_post_thumbnail":0,"footnotes":""},"categories":[169539,119420,150019,150034,171185,171184,150018,149986],"tags":[],"class_list":["post-2164","post","type-post","status-publish","format-standard","hentry","category-cites-de-text","category-doctor-brian-weiss","category-fama","category-karma","category-karma-collectiu","category-oblit","category-perdo","category-traduccions-al-portugues"],"views":240,"_links":{"self":[{"href":"https:\/\/animaweb.blog.pangea.org\/pt\/wp-json\/wp\/v2\/posts\/2164","targetHints":{"allow":["GET"]}}],"collection":[{"href":"https:\/\/animaweb.blog.pangea.org\/pt\/wp-json\/wp\/v2\/posts"}],"about":[{"href":"https:\/\/animaweb.blog.pangea.org\/pt\/wp-json\/wp\/v2\/types\/post"}],"author":[{"embeddable":true,"href":"https:\/\/animaweb.blog.pangea.org\/pt\/wp-json\/wp\/v2\/users\/12345698"}],"replies":[{"embeddable":true,"href":"https:\/\/animaweb.blog.pangea.org\/pt\/wp-json\/wp\/v2\/comments?post=2164"}],"version-history":[{"count":3,"href":"https:\/\/animaweb.blog.pangea.org\/pt\/wp-json\/wp\/v2\/posts\/2164\/revisions"}],"predecessor-version":[{"id":2175,"href":"https:\/\/animaweb.blog.pangea.org\/pt\/wp-json\/wp\/v2\/posts\/2164\/revisions\/2175"}],"wp:attachment":[{"href":"https:\/\/animaweb.blog.pangea.org\/pt\/wp-json\/wp\/v2\/media?parent=2164"}],"wp:term":[{"taxonomy":"category","embeddable":true,"href":"https:\/\/animaweb.blog.pangea.org\/pt\/wp-json\/wp\/v2\/categories?post=2164"},{"taxonomy":"post_tag","embeddable":true,"href":"https:\/\/animaweb.blog.pangea.org\/pt\/wp-json\/wp\/v2\/tags?post=2164"}],"curies":[{"name":"wp","href":"https:\/\/api.w.org\/{rel}","templated":true}]}}