{"id":1922,"date":"2022-07-28T08:59:51","date_gmt":"2022-07-28T06:59:51","guid":{"rendered":"https:\/\/animaweb.cat\/?p=1922"},"modified":"2022-08-05T20:38:03","modified_gmt":"2022-08-05T18:38:03","slug":"a-la-comprensio-per-lexperiencia-en-portugues","status":"publish","type":"post","link":"https:\/\/animaweb.blog.pangea.org\/pt\/2022\/07\/28\/a-la-comprensio-per-lexperiencia-en-portugues\/","title":{"rendered":"A compreens\u00e3o atrav\u00e9s da experi\u00eancia em vers\u00e3o idioma portugu\u00eas."},"content":{"rendered":"<p class=\"western\" lang=\"pt-PT\" align=\"center\"><span style=\"font-family: Times New Roman, serif\"><span style=\"font-size: x-large\"><b>A compreens\u00e3o atrav\u00e9s da experi\u00eancia em vers\u00e3o idioma portugu\u00eas.<\/b><\/span><\/span><\/p>\n<p class=\"western\" lang=\"pt-PT\" align=\"justify\"><span style=\"font-family: Times New Roman, serif\"><span style=\"font-size: large\"><img loading=\"lazy\" decoding=\"async\" class=\"alignleft wp-image-1002 size-full\" title=\"Bandeira portuguesa animada.\" src=\"https:\/\/animaweb.cat\/files\/2020\/11\/Bandera_portuguesa_animada.gif\" alt=\"Bandeira portuguesa animada.\" width=\"68\" height=\"50\" \/>L\u00eas informamos que o documento titulado <\/span><\/span><span style=\"font-family: Times New Roman, serif\"><span style=\"font-size: large\"><i>A compreens\u00e3o atrav\u00e9s da experiencia<\/i><\/span><\/span><span style=\"font-family: Times New Roman, serif\"><span style=\"font-size: large\"> do Doutor Brian Weiss j\u00e1 est\u00e1 dispon\u00edvel no idioma de Jose Samarago. Agradecemos a colabora\u00e7\u00e3o na corre\u00e7\u00e3o da int\u00e9rprete Marisabel Tropea.<\/span><\/span><\/p>\n<p class=\"western\" lang=\"pt-PT\" align=\"right\"><span style=\"font-family: Times New Roman, serif\"><span style=\"font-size: large\">Equipe da web \u00ab<\/span><\/span><span style=\"font-family: Times New Roman, serif\"><span style=\"font-size: large\"><i>Em corpo e alma<\/i><\/span><\/span><span style=\"font-family: Times New Roman, serif\"><span style=\"font-size: large\">\u00bb.<br \/>\n<\/span><\/span><span style=\"font-family: Times New Roman, serif\"><span style=\"font-size: large\">Quinta-feira, 28 de julho de 2022.<br \/>\n<\/span><\/span><span style=\"font-family: Times New Roman, serif\"><span style=\"font-size: large\"><b>Tradu\u00e7\u00e3o da introdu\u00e7\u00e3o em vers\u00e3o l\u00edngua portuguesa: Marisabel Tropea.<\/b><\/span><\/span><\/p>\n<p class=\"western\" lang=\"pt-PT\" align=\"left\"><span style=\"font-family: Times New Roman, serif\"><span style=\"font-size: large\">Link do documento em vers\u00e3o portuguesa:<\/span><\/span><\/p>\n<p class=\"western\" lang=\"pt-PT\" align=\"justify\"><span style=\"font-family: Times New Roman, serif\"><span style=\"font-size: x-large\"><b><a href=\"\/pt\/a-la-comprensio-per-lexperiencia\/\">A compreens\u00e3o atrav\u00e9s da experi\u00eancia.<\/a><br \/>\n<\/b><\/span><\/span><span style=\"font-family: Times New Roman, serif\"><span style=\"font-size: large\"><i>O Doutor em Psiquiatria Brian Weiss relata suas investiga\u00e7\u00f5es iniciais em busca de refer\u00eancias sobre a reencarna\u00e7\u00e3o ap\u00f3s seus primeiros passos com a t\u00e9cnica da terapia de vidas passadas.<br \/>\n<\/i><\/span><\/span><span style=\"font-family: Times New Roman, serif\"><span style=\"font-size: large\">Doutor Brian Weiss. <\/span><\/span><span style=\"font-family: Times New Roman, serif\"><span style=\"font-size: large\"><i>O Passado Cura. A Terapia Atrav\u00e9s de Vidas Passadas<\/i><\/span><\/span><span style=\"font-family: Times New Roman, serif\"><span style=\"font-size: large\">. Editora Pergaminho, 1999.<br \/>\n<\/span><\/span><span style=\"font-family: Times New Roman, serif\"><span style=\"font-size: large\"><b>Corre\u00e7\u00e3o em rela\u00e7\u00e3o \u00e0 vers\u00e3o original em ingl\u00eas: Marisabel Tropea.<\/b><\/span><\/span><\/p>","protected":false},"excerpt":{"rendered":"<p>A compreens\u00e3o atrav\u00e9s da experi\u00eancia em vers\u00e3o idioma portugu\u00eas. L\u00eas informamos que o documento titulado A compreens\u00e3o atrav\u00e9s da experiencia do Doutor Brian Weiss j\u00e1 est\u00e1 dispon\u00edvel no idioma de &hellip; <a href=\"https:\/\/animaweb.blog.pangea.org\/pt\/2022\/07\/28\/a-la-comprensio-per-lexperiencia-en-portugues\/\" class=\"more-link\">Continuar a ler<span class=\"screen-reader-text\"> &#8220;A compreens\u00e3o atrav\u00e9s da experi\u00eancia em vers\u00e3o idioma portugu\u00eas.&#8221;<\/span><\/a><\/p>\n","protected":false},"author":12345698,"featured_media":0,"comment_status":"closed","ping_status":"open","sticky":false,"template":"","format":"standard","meta":{"ngg_post_thumbnail":0,"footnotes":""},"categories":[169481,169539,150013,119420,150015,150014,150063,169538,149986],"tags":[],"class_list":["post-1922","post","type-post","status-publish","format-standard","hentry","category-catars","category-cites-de-text","category-cristianisme","category-doctor-brian-weiss","category-islamisme","category-judaisme","category-reencarnacio","category-sufis","category-traduccions-al-portugues"],"views":176,"_links":{"self":[{"href":"https:\/\/animaweb.blog.pangea.org\/pt\/wp-json\/wp\/v2\/posts\/1922","targetHints":{"allow":["GET"]}}],"collection":[{"href":"https:\/\/animaweb.blog.pangea.org\/pt\/wp-json\/wp\/v2\/posts"}],"about":[{"href":"https:\/\/animaweb.blog.pangea.org\/pt\/wp-json\/wp\/v2\/types\/post"}],"author":[{"embeddable":true,"href":"https:\/\/animaweb.blog.pangea.org\/pt\/wp-json\/wp\/v2\/users\/12345698"}],"replies":[{"embeddable":true,"href":"https:\/\/animaweb.blog.pangea.org\/pt\/wp-json\/wp\/v2\/comments?post=1922"}],"version-history":[{"count":7,"href":"https:\/\/animaweb.blog.pangea.org\/pt\/wp-json\/wp\/v2\/posts\/1922\/revisions"}],"predecessor-version":[{"id":1947,"href":"https:\/\/animaweb.blog.pangea.org\/pt\/wp-json\/wp\/v2\/posts\/1922\/revisions\/1947"}],"wp:attachment":[{"href":"https:\/\/animaweb.blog.pangea.org\/pt\/wp-json\/wp\/v2\/media?parent=1922"}],"wp:term":[{"taxonomy":"category","embeddable":true,"href":"https:\/\/animaweb.blog.pangea.org\/pt\/wp-json\/wp\/v2\/categories?post=1922"},{"taxonomy":"post_tag","embeddable":true,"href":"https:\/\/animaweb.blog.pangea.org\/pt\/wp-json\/wp\/v2\/tags?post=1922"}],"curies":[{"name":"wp","href":"https:\/\/api.w.org\/{rel}","templated":true}]}}