{"id":1494,"date":"2021-08-15T10:34:23","date_gmt":"2021-08-15T08:34:23","guid":{"rendered":"https:\/\/animaweb.cat\/?p=1494"},"modified":"2021-08-16T00:08:26","modified_gmt":"2021-08-15T22:08:26","slug":"a-la-comprensio-per-lexperiencia-i-el-testimoni-develyn-en-llengua-occitana","status":"publish","type":"post","link":"https:\/\/animaweb.blog.pangea.org\/oc\/2021\/08\/15\/a-la-comprensio-per-lexperiencia-i-el-testimoni-develyn-en-llengua-occitana\/","title":{"rendered":"A la compreneson per l\u2019experi\u00e9ncia e Lo Testim\u00f2ni d\u2019Evelyn en lenga occitana."},"content":{"rendered":"<p class=\"western\" lang=\"oc-FR\" align=\"center\"><span style=\"font-family: Times New Roman, serif\"><span style=\"font-size: x-large\"><b>A la compreneson per l\u2019experi\u00e9ncia e Lo Testim\u00f2ni d\u2019Evelyn en lenga occitana.<\/b><\/span><\/span><\/p>\n<p class=\"western\" lang=\"oc-FR\" align=\"justify\"><span style=\"font-family: Times New Roman, serif\"><span style=\"font-size: large\"><img loading=\"lazy\" decoding=\"async\" class=\"alignleft wp-image-1260 size-full\" title=\"Bandi\u00e8ra occitana animada.\" src=\"https:\/\/animaweb.cat\/files\/2021\/03\/Bandera_occitana_animada.gif\" alt=\"Bandi\u00e8ra occitana animada.\" width=\"75\" height=\"50\" \/>Vos informam qu\u2019es disponible pels internautas en lenga occitana lo document <i>A la compreneson per l\u2019experi\u00e9ncia<\/i> e <i>Lo Testim\u00f2ni d\u2019Evelyn<\/i>, que son de fragments de l\u2019\u00f2bra de Brian Weiss, Doctor en Psiquiatria e terap\u00e8uta de vidas passadas. Los ligams dels documents son accessibles dins la pagina <i>Citacions e testim\u00f2nis<\/i> en las lengas ont aqueles documents son disponibles.<\/span><\/span><\/p>\n<figure id=\"attachment_1495\" aria-describedby=\"caption-attachment-1495\" style=\"width: 200px\" class=\"wp-caption alignright\"><img loading=\"lazy\" decoding=\"async\" class=\"wp-image-1495 size-full\" title=\"Placa consacrada a la Passejada del c\u00e0tar Gilhem de B\u00e9libaste, a Sant Mateu (Bas Maestrat), per Llapissera, CC BY-LA SI\u00c1 4.0, https:\/\/commons.wikimedia.org\/w\/index.php?curid=18984143\" src=\"https:\/\/animaweb.cat\/files\/2021\/08\/Placa_del_Passeig_del_catar_Gilhem_de_Belibasta_a_Sant_Mateu_72ppp_200x150px.png\" alt=\"Placa consacrada a la Passejada del c\u00e0tar Gilhem de B\u00e9libaste, a Sant Mateu (Bas Maestrat), per Llapissera, CC BY-LA SI\u00c1 4.0, https:\/\/commons.wikimedia.org\/w\/index.php?curid=18984143\" width=\"200\" height=\"150\" \/><figcaption id=\"caption-attachment-1495\" class=\"wp-caption-text\">Placa consacrada a la Passejada del c\u00e0tar Gilhem de B\u00e9libaste, a Sant Mateu (Bas Maestrat), per Llapissera, CC BY-LA SI\u00c1 4.0, https:\/\/commons.wikimedia.org\/w\/index.php?curid=18984143<\/figcaption><\/figure>\n<p class=\"western\" lang=\"oc-FR\" align=\"justify\"><span style=\"font-family: Times New Roman, serif\"><span style=\"font-size: large\">Aicestas reviradas co\u00efncidisson amb lo s\u00e8t cents anniversari de la m\u00f2rt del darri\u00e8r membre istoric conegut de la religion dels nomenats bons \u00f2mes e las bonas femnas, perfi\u00e8chas o catars, Gilh\u00e8m de Belibasta, a Vilaroja de Termen\u00e9s, cremat al lenhi\u00e8r de l&#8217;Inquisicion Catolica. \u00c8ra l\u2019an 1321, lo 24 d\u2019agost o d\u2019oct\u00f2bre, segon las diferentas f\u00f2nts. N\u2019i a qu\u2019afirman que fagu\u00e8t la seguenta profecia pauc abans de morir: \u00ab<i>Al cap de s\u00e8t cents ans, florir\u00e0 lo lauri\u00e8r<\/i>\u00bb.<\/span><\/span><\/p>\n<p class=\"western\" lang=\"oc-FR\" align=\"justify\"><span style=\"font-family: Times New Roman, serif\"><span style=\"font-size: large\">Occit\u00e0nia fogu\u00e8t una nacion que perd\u00e8t la si\u00e1 integritat e las si\u00e1s libertats tot en defendent una fe que combinava la cresen\u00e7a en lo Crist de l\u2019ep\u00f2ca romana e la reencarnacion. Amb aquelas reviradas vol\u00e8m far con\u00e9iser, a las personas de la nacion occitana que remembran aquel fach, que i a de terap\u00e8utas qu\u2019ajudan a garir las feridas de l\u2019inconscient, quitament las provenentas de vidas anterioras. Una granda partida dels ancessors dels occitans e aicestes terap\u00e8utas de l\u2019arma co\u00efncidisson en la coneissen\u00e7a d\u2019aquel domeni de la realitat.<\/span><\/span><\/p>\n<p class=\"western\" lang=\"oc-FR\" align=\"justify\"><span style=\"font-family: Times New Roman, serif\"><span style=\"font-size: large\">De mai, la coneissen\u00e7a de la vertadi\u00e8ra cultura e ist\u00f2ria de caduna de las nacions de la n\u00f2stra planeta es un patrim\u00f2ni comun de l\u2019Umanitat que cal preservar pr\u2019amor qu\u2019aicestes terap\u00e8utas de l\u2019arma ajan melhor documentadas las circonst\u00e0ncias del passat de las armas dels pacients qu\u2019an fach de regressions, aital coma de las armas desencarnadas qu\u2019abitan de c\u00f2rses ali\u00e8nes e que lor cal \u00e8sser remesas dins lo sieu camin d\u2019evolucion esperitala.<\/span><\/span><\/p>\n<p class=\"western\" lang=\"oc-FR\" align=\"justify\"><span style=\"font-family: Times New Roman, serif\"><span style=\"font-size: large\"><span lang=\"ca-ES\"><img loading=\"lazy\" decoding=\"async\" class=\"alignleft wp-image-1496 size-full\" title=\"Cercle d\u2019Afrairament Occitano-Catalan (CAOC). Logo.\" src=\"https:\/\/animaweb.cat\/files\/2021\/08\/Cercle_de_Agermanament_Occitano_Catala_CAOC_Logotip_72ppp_200x194px.png\" alt=\"Cercle d\u2019Afrairament Occitano-Catalan (CAOC). Logo.\" width=\"200\" height=\"194\" \/><\/span>Mercejam un c\u00f2p de mai lo Professor Federico Merino la bon trabalh e al <i>Cercle d\u2019Afrairament Occitano-Catalan (CAOC)<\/i> per la si\u00e1 disponibilitat.<\/span><\/span><\/p>\n<p class=\"western\" lang=\"oc-FR\" align=\"right\"><span style=\"font-family: Times New Roman, serif\"><span style=\"font-size: large\">Equipa del web \u00ab<i>En <\/i><i>c\u00f2rs e arma<\/i> \u00bb.<br \/>\n<\/span><\/span><span style=\"font-family: Times New Roman, serif\"><span style=\"font-size: large\">Dimenge, 15 d&#8217;agost del 2021.<br \/>\n<\/span><\/span><span style=\"font-family: Times New Roman, serif\"><span style=\"font-size: large\"><b>Traduccion a l\u2019occitan: Federico Merino.<\/b><\/span><\/span><\/p>\n<p class=\"western\" lang=\"oc-FR\" align=\"justify\"><span style=\"font-family: Times New Roman, serif\"><span style=\"font-size: large\">Los ligams de las n\u00f2vas traduccions a l\u2019occitan son los seguents:<\/span><\/span><\/p>\n<p class=\"western\" lang=\"oc-FR\" align=\"justify\"><a href=\"\/oc\/respectar-els-individus-de-les-altres-condicions-el-testimoni-develyn\/\"><span style=\"font-size: x-large\"><span style=\"font-family: Times New Roman, serif\"><b>Respectar los individus de las autras condicions. Lo testim\u00f2ni d\u2019Evelyn.<br \/>\n<\/b><\/span><\/span><\/a><span style=\"font-size: large\"><i><span style=\"font-family: Times New Roman, serif\">Aiceste cas del Doctor Brian Weiss aperten a una pacienta qu\u2019a aqu\u00ed lo nom d\u2019Evelyn, ont es confirma la necessitat d\u2019aprene de respectar las personas qu\u2019apertenon a un collectiu ali\u00e8n.<br \/>\n<\/span><\/i><\/span><span style=\"font-size: large\"><span style=\"font-family: Times New Roman, serif\">Brian Weiss. <\/span><span style=\"font-family: Times New Roman, serif\"><i>Same Soul, Many Bodies<\/i><\/span><span style=\"font-family: Times New Roman, serif\"> (<\/span><span style=\"font-family: Times New Roman, serif\"><i>Molts cossos, una mateixa \u00e0nima<\/i><\/span><span style=\"font-family: Times New Roman, serif\">).<br \/>\n<\/span><\/span><span style=\"font-family: Times New Roman, serif\"><span style=\"font-size: large\"><b>Traduccion a l\u2019<\/b><b>occitan<\/b><b> d\u2019apr\u00e8p la version anglesa originala: Federico Merino.<\/b><\/span><\/span><\/p>\n<p class=\"western\" lang=\"oc-FR\"><span style=\"font-family: Times New Roman, serif\"><span style=\"font-size: x-large\"><b><a href=\"\/oc\/a-la-comprensio-per-lexperiencia\/\">A la compreneson per l\u2019experi\u00e9ncia.<\/a><br \/>\n<\/b><\/span><\/span><span style=\"font-family: Times New Roman, serif\"><span style=\"font-size: large\"><i>Lo Doctor en psiquiatria Brian Weiss relata las seiunas investigacions inicialas a la rec\u00e8rca de refer\u00e9ncias sus la reencarnacion apr\u00e8s los sieus primi\u00e8rs passes en la tecnica de la terapia de vidas passadas.<br \/>\n<\/i><\/span><\/span><span style=\"font-family: Times New Roman, serif\"><span style=\"font-size: large\">Brian Weiss. <i>Through Time into Healing<\/i> (<i>A trav\u00e8rs del temps en la guarison<\/i>).<br \/>\n<\/span><\/span><span style=\"font-family: Times New Roman, serif\"><span style=\"font-size: large\"><b>Traduccion a l\u2019occitan d\u2019apr\u00e8p la version anglesa originala: Federico Merino.<\/b><\/span><\/span><\/p>","protected":false},"excerpt":{"rendered":"<p>A la compreneson per l\u2019experi\u00e9ncia e Lo Testim\u00f2ni d\u2019Evelyn en lenga occitana. Vos informam qu\u2019es disponible pels internautas en lenga occitana lo document A la compreneson per l\u2019experi\u00e9ncia e Lo &hellip; <a href=\"https:\/\/animaweb.blog.pangea.org\/oc\/2021\/08\/15\/a-la-comprensio-per-lexperiencia-i-el-testimoni-develyn-en-llengua-occitana\/\" class=\"more-link\">Continue reading<span class=\"screen-reader-text\"> &#8220;A la compreneson per l\u2019experi\u00e9ncia e Lo Testim\u00f2ni d\u2019Evelyn en lenga occitana.&#8221;<\/span><\/a><\/p>\n","protected":false},"author":12345698,"featured_media":0,"comment_status":"closed","ping_status":"open","sticky":false,"template":"","format":"standard","meta":{"ngg_post_thumbnail":0,"footnotes":""},"categories":[150026,119420,150025,19423,150024],"tags":[],"class_list":["post-1494","post","type-post","status-publish","format-standard","hentry","category-cercle-dagermanament-occitano-catala-caoc","category-doctor-brian-weiss","category-federico-merino","category-occitania","category-traduccions-a-loccita"],"views":130,"_links":{"self":[{"href":"https:\/\/animaweb.blog.pangea.org\/oc\/wp-json\/wp\/v2\/posts\/1494","targetHints":{"allow":["GET"]}}],"collection":[{"href":"https:\/\/animaweb.blog.pangea.org\/oc\/wp-json\/wp\/v2\/posts"}],"about":[{"href":"https:\/\/animaweb.blog.pangea.org\/oc\/wp-json\/wp\/v2\/types\/post"}],"author":[{"embeddable":true,"href":"https:\/\/animaweb.blog.pangea.org\/oc\/wp-json\/wp\/v2\/users\/12345698"}],"replies":[{"embeddable":true,"href":"https:\/\/animaweb.blog.pangea.org\/oc\/wp-json\/wp\/v2\/comments?post=1494"}],"version-history":[{"count":3,"href":"https:\/\/animaweb.blog.pangea.org\/oc\/wp-json\/wp\/v2\/posts\/1494\/revisions"}],"predecessor-version":[{"id":1502,"href":"https:\/\/animaweb.blog.pangea.org\/oc\/wp-json\/wp\/v2\/posts\/1494\/revisions\/1502"}],"wp:attachment":[{"href":"https:\/\/animaweb.blog.pangea.org\/oc\/wp-json\/wp\/v2\/media?parent=1494"}],"wp:term":[{"taxonomy":"category","embeddable":true,"href":"https:\/\/animaweb.blog.pangea.org\/oc\/wp-json\/wp\/v2\/categories?post=1494"},{"taxonomy":"post_tag","embeddable":true,"href":"https:\/\/animaweb.blog.pangea.org\/oc\/wp-json\/wp\/v2\/tags?post=1494"}],"curies":[{"name":"wp","href":"https:\/\/api.w.org\/{rel}","templated":true}]}}