{"id":887,"date":"2020-09-16T20:25:03","date_gmt":"2020-09-16T18:25:03","guid":{"rendered":"https:\/\/animaweb.cat\/?p=887"},"modified":"2021-07-29T17:45:52","modified_gmt":"2021-07-29T15:45:52","slug":"conferencia-del-doctor-jose-luis-cabouli-la-vida-abans-de-neixer-el-soleras-29-8-2020","status":"publish","type":"post","link":"https:\/\/animaweb.blog.pangea.org\/es\/2020\/09\/16\/conferencia-del-doctor-jose-luis-cabouli-la-vida-abans-de-neixer-el-soleras-29-8-2020\/","title":{"rendered":"Conferencia del Doctor Jos\u00e9 Lu\u00eds Cabouli: \u00abLa vida antes de nacer\u00bb. El Soler\u00e0s, 29-8-2020."},"content":{"rendered":"<p class=\"western\" align=\"center\"><span style=\"font-size: x-large\"><span style=\"font-family: Times New Roman, serif\"><span lang=\"es-ES\"><b>Conferencia del Doctor Jos\u00e9 Lu\u00eds Cabouli: \u00abLa vida antes de nacer\u00bb. El Soler\u00e0s, 29-8-2020.<\/b><\/span><\/span><\/span><\/p>\n<p class=\"western\" align=\"center\"><span style=\"font-family: Times New Roman, serif\"><span style=\"font-size: large\"><div class=\"su-youtube su-u-responsive-media-yes\"><iframe loading=\"lazy\" width=\"600\" height=\"400\" src=\"https:\/\/www.youtube.com\/embed\/WDqrLCJN9D4?\" frameborder=\"0\" allowfullscreen allow=\"autoplay; encrypted-media; picture-in-picture\" title=\"Conferencia del Doctor Jos\u00e9 Lu\u00eds Cabouli: \u00abLa vida antes de nacer\u00bb. El Soler\u00e0s, 29-8-2020.\"><\/iframe><\/div><\/span><\/span><\/p>\n<p class=\"western\" align=\"center\"><span style=\"color: #000080\"><span lang=\"zxx\"><u><a href=\"https:\/\/www.youtube.com\/watch?v=WDqrLCJN9D4\"><span style=\"font-family: Times New Roman, serif\"><span style=\"font-size: large\"><span lang=\"es-ES\">https:\/\/www.youtube.com\/watch?v=WDqrLCJN9D4<\/span><\/span><\/span><\/a><\/u><\/span><\/span><\/p>\n<p class=\"western\" align=\"justify\"><span style=\"font-family: Times New Roman, serif\"><span style=\"font-size: large\"><span lang=\"es-ES\">Ponente: Doctor <\/span><\/span><\/span><span style=\"font-family: Times New Roman, serif\"><span style=\"font-size: large\"><span lang=\"es-ES\">en Medicina y Cirug\u00eda <\/span><\/span><\/span><span style=\"font-family: Times New Roman, serif\"><span style=\"font-size: large\"><span lang=\"es-ES\">Jos\u00e9 Lu\u00eds Cabouli. Intervienen: Dolors Preixens, Presidenta de la Asociaci\u00f3n de mujeres ELAIA; Cristina Prunera, Secretaria de la Asociaci\u00f3n de mujeres ELAIA y el Ilustr\u00edsimo Se\u00f1or Jordi Sarl\u00e9 Marfull, Alcalde del Soler\u00e0s. Fecha del evento: S\u00e1bado, 29 de Agosto de 2020. <\/span><\/span><\/span><span style=\"font-family: Times New Roman, serif\"><span style=\"font-size: large\"><span lang=\"es-ES\">Filmaci\u00f3n y edici\u00f3n: Manuel Marsan. <\/span><\/span><\/span><span style=\"font-family: Times New Roman, serif\"><span style=\"font-size: large\"><span lang=\"es-ES\">Fecha de publicaci\u00f3n en YouTube: Lunes, 9 de Septiembre de 2020. Duraci\u00f3n: 1 hora, 54 minutos y 15 segundos. Idioma: castellano, con intervenciones en catal\u00e1n.<\/span><\/span><\/span><\/p>\n<p class=\"western\" lang=\"es-ES\" align=\"justify\"><span style=\"font-family: Times New Roman, serif\"><span style=\"font-size: large\"><b>Agradecimientos, disculpas y explicaci\u00f3n.<\/b><\/span><\/span><\/p>\n<p class=\"western\" align=\"justify\"><span style=\"font-family: Times New Roman, serif\"><span style=\"font-size: large\"><span lang=\"es-ES\">El pasado s\u00e1bado, d\u00eda 29 de Septiembre de 2020, se realiz\u00f3 en la Sala Polivalente del Soler\u00e0s, en Les Garrigues, la conferencia del Doctor en Medicina y Cirug\u00eda Jos\u00e9 Lu\u00eds Cabouli titulada \u00ab<\/span><\/span><\/span><span style=\"font-family: Times New Roman, serif\"><span style=\"font-size: large\"><span lang=\"es-ES\"><i>La vida antes de nacer<\/i><\/span><\/span><\/span><span style=\"font-family: Times New Roman, serif\"><span style=\"font-size: large\"><span lang=\"es-ES\">\u00bb, explicativa de la <\/span><\/span><\/span><span style=\"font-family: Times New Roman, serif\"><span style=\"font-size: large\"><span lang=\"es-ES\"><i>Terapia de Vidas Pasadas (TVP)<\/i><\/span><\/span><\/span><span style=\"font-family: Times New Roman, serif\"><span style=\"font-size: large\"><span lang=\"es-ES\"> aplicada a los incidentes en la fase de concepci\u00f3n, gestaci\u00f3n y nacimiento. La convocatoria fue un \u00e9xito de p\u00fablico, con unos 110-111 asistentes de los cuales unos 80 proven\u00edan de fuera del municipio.<\/span><\/span><\/span><\/p>\n<p class=\"western\" align=\"justify\"><span style=\"font-family: Times New Roman, serif\"><span style=\"font-size: large\"><span lang=\"es-ES\">En primer lugar, tenemos que agradecer la colaboraci\u00f3n de la <\/span><\/span><\/span><span style=\"font-family: Times New Roman, serif\"><span style=\"font-size: large\"><span lang=\"es-ES\"><i>Asociaci\u00f3n Cultural de Mujeres Elaia<\/i><\/span><\/span><\/span><span style=\"font-family: Times New Roman, serif\"><span style=\"font-size: large\"><span lang=\"es-ES\"> del Soler\u00e0s que encar\u00f3 con \u00e9xito la realizaci\u00f3n de este evento. Tambi\u00e9n al Ayuntamiento de la misma localidad, que aport\u00f3 todas las facilidades para su realizaci\u00f3n.<\/span><\/span><\/span><\/p>\n<p class=\"western\" align=\"justify\"><span style=\"font-family: Times New Roman, serif\"><span style=\"font-size: large\"><span lang=\"es-ES\">Agradecimiento al conferenciante lo haberse desplazado solo desde Blanes a un peque\u00f1o pueblo de un censo de 350 habitantes, un s\u00e1bado despu\u00e9s de una bajada considerable de las temperaturas y donde debido a esto algunas personas ya est\u00e1bamos previamente resfriadas.<\/span><\/span><\/span><\/p>\n<p class=\"western\" lang=\"es-ES\" align=\"justify\"><span style=\"font-family: Times New Roman, serif\"><span style=\"font-size: large\">Gracias a las junedenses Concepci\u00f3 y Teresa Grau, de la tienda <i>Grabert<\/i> de la Avenida de Blondel 74 de Lleida, por habernos hecho llegar un lote de libros del Doctor. As\u00ed, algunas persones asistentes pudieron comprarlos y recibir la dedicatoria del autor. Ellas dos permanecieron dentro de la sala hasta el final, a pesar de tener un compromiso justo despu\u00e9s.<\/span><\/span><\/p>\n<p class=\"western\" align=\"justify\"><span style=\"font-family: Times New Roman, serif\"><span style=\"font-size: large\"><span lang=\"es-ES\">Muchas gracias por haber venido al campesino ecol\u00f3gico y fundador de la <\/span><\/span><\/span><span style=\"font-family: Times New Roman, serif\"><span style=\"font-size: large\"><span lang=\"es-ES\"><i>Dulce Revoluci\u00f3n de las Plantas Medicinales<\/i><\/span><\/span><\/span><span style=\"font-family: Times New Roman, serif\"><span style=\"font-size: large\"><span lang=\"es-ES\">, Josep P\u00e0mies, que con su mujer nos honraron con su presencia. \u00c9l tambi\u00e9n particip\u00f3 con sus preguntas. Agradecimiento extensivo a todas las personas que vinisteis.<\/span><\/span><\/span><\/p>\n<p class=\"western\" align=\"justify\"><span style=\"font-family: Times New Roman, serif\"><span style=\"font-size: large\"><span lang=\"es-ES\">Agradecemos al Teniente de Alcalde del Soler\u00e0s, Manuel Marsan, la edici\u00f3n de este v\u00eddeo, superando las diferentes dificultades t\u00e9cnicas.<\/span><\/span><\/span><\/p>\n<p class=\"western\" align=\"justify\"><span style=\"font-family: Times New Roman, serif\"><span style=\"font-size: large\"><span lang=\"es-ES\">Por otro lado, nos disculpamos porque, debido a las normas establecidas por la celebraci\u00f3n del evento, se ha tenido que establecer una separaci\u00f3n entre los diferentes asistentes y el requisito inc\u00f3modo de llevar mascarilla, m\u00e1s inc\u00f3modo todav\u00eda para aquellas mujeres asistentes que pueden haber estado preocupadas por su propia gestaci\u00f3n. Hac\u00eda falta que el acto fuese autorizado, hasta el momento de su celebraci\u00f3n no est\u00e1bamos seguros que el evento se pudiera hacer y si habr\u00eda una nueva oportunidad de poder hacer otro en los d\u00edas siguientes en las Tierras del Poniente catal\u00e1n.<\/span><\/span><\/span><\/p>\n<p class=\"western\" align=\"justify\"><span style=\"font-family: Times New Roman, serif\"><span style=\"font-size: large\"><span lang=\"es-ES\">Sabemos que hay expertos en ciencia y en medicina que cuestionan con argumentos no menospreciables la necesidad de estas medidas de control. Por otro lado, hay una necesidad perentoria de dar a conocer de manera p\u00fablica y presencial la <\/span><\/span><\/span><span style=\"font-family: Times New Roman, serif\"><span style=\"font-size: large\"><span lang=\"es-ES\"><i>Terapia de Vidas Pasadas (TVP)<\/i><\/span><\/span><\/span><span style=\"font-family: Times New Roman, serif\"><span style=\"font-size: large\"><span lang=\"es-ES\"> y la <\/span><\/span><\/span><span style=\"font-family: Times New Roman, serif\"><span style=\"font-size: large\"><span lang=\"es-ES\"><i>Terapia de la Posesi\u00f3n Espiritual (TPE)<\/i><\/span><\/span><\/span><span style=\"font-family: Times New Roman, serif\"><span style=\"font-size: large\"><span lang=\"es-ES\"> ante la posible enorme cantidad de muestras de sufrimiento humano acumuladas que calculamos hay pendientes de resolver entre todas las almas encarnadas y desencarnadas de la Humanidad, producidas a lo largo de su historia, que requiere que se conozca esta necesidad, sin m\u00e1s dilaci\u00f3n, entre toda la poblaci\u00f3n.<\/span><\/span><\/span><\/p>\n<p class=\"western\" lang=\"es-ES\" align=\"right\"><span style=\"font-family: Times New Roman, serif\"><span style=\"font-size: large\">Brauli Tamarit Tamarit. Facilitador del acto.<\/span><\/span><\/p>","protected":false},"excerpt":{"rendered":"<p>Conferencia del Doctor Jos\u00e9 Lu\u00eds Cabouli: \u00abLa vida antes de nacer\u00bb. El Soler\u00e0s, 29-8-2020. https:\/\/www.youtube.com\/watch?v=WDqrLCJN9D4 Ponente: Doctor en Medicina y Cirug\u00eda Jos\u00e9 Lu\u00eds Cabouli. Intervienen: Dolors Preixens, Presidenta de la &hellip; <a href=\"https:\/\/animaweb.blog.pangea.org\/es\/2020\/09\/16\/conferencia-del-doctor-jose-luis-cabouli-la-vida-abans-de-neixer-el-soleras-29-8-2020\/\" class=\"more-link\">Continuar leyendo<span class=\"screen-reader-text\"> \u00abConferencia del Doctor Jos\u00e9 Lu\u00eds Cabouli: \u00abLa vida antes de nacer\u00bb. El Soler\u00e0s, 29-8-2020.\u00bb<\/span><\/a><\/p>\n","protected":false},"author":12345698,"featured_media":0,"comment_status":"closed","ping_status":"open","sticky":false,"template":"","format":"standard","meta":{"ngg_post_thumbnail":0,"footnotes":""},"categories":[119890,5378,150012,119886,119692,119885,119881,3,119887,119889,119888,119891],"tags":[],"class_list":["post-887","post","type-post","status-publish","format-standard","hentry","category-concepcio-grau-salla","category-conferencies","category-conferencies-en-video","category-cristina-prunera","category-doctor-jose-luis-cabouli","category-dolors-preixens","category-el-soleras","category-general","category-jordi-sarle-marfull","category-josep-pamies-breu","category-manuel-marsan","category-teresa-grau-salla"],"views":177,"_links":{"self":[{"href":"https:\/\/animaweb.blog.pangea.org\/es\/wp-json\/wp\/v2\/posts\/887","targetHints":{"allow":["GET"]}}],"collection":[{"href":"https:\/\/animaweb.blog.pangea.org\/es\/wp-json\/wp\/v2\/posts"}],"about":[{"href":"https:\/\/animaweb.blog.pangea.org\/es\/wp-json\/wp\/v2\/types\/post"}],"author":[{"embeddable":true,"href":"https:\/\/animaweb.blog.pangea.org\/es\/wp-json\/wp\/v2\/users\/12345698"}],"replies":[{"embeddable":true,"href":"https:\/\/animaweb.blog.pangea.org\/es\/wp-json\/wp\/v2\/comments?post=887"}],"version-history":[{"count":10,"href":"https:\/\/animaweb.blog.pangea.org\/es\/wp-json\/wp\/v2\/posts\/887\/revisions"}],"predecessor-version":[{"id":1438,"href":"https:\/\/animaweb.blog.pangea.org\/es\/wp-json\/wp\/v2\/posts\/887\/revisions\/1438"}],"wp:attachment":[{"href":"https:\/\/animaweb.blog.pangea.org\/es\/wp-json\/wp\/v2\/media?parent=887"}],"wp:term":[{"taxonomy":"category","embeddable":true,"href":"https:\/\/animaweb.blog.pangea.org\/es\/wp-json\/wp\/v2\/categories?post=887"},{"taxonomy":"post_tag","embeddable":true,"href":"https:\/\/animaweb.blog.pangea.org\/es\/wp-json\/wp\/v2\/tags?post=887"}],"curies":[{"name":"wp","href":"https:\/\/api.w.org\/{rel}","templated":true}]}}