{"id":861,"date":"2020-08-09T16:19:04","date_gmt":"2020-08-09T14:19:04","guid":{"rendered":"https:\/\/animaweb.cat\/?p=861"},"modified":"2021-02-19T23:00:11","modified_gmt":"2021-02-19T21:00:11","slug":"conferencia-la-vida-abans-de-neixer-amb-el-doctor-cabouli-29-8-2020","status":"publish","type":"post","link":"https:\/\/animaweb.blog.pangea.org\/es\/2020\/08\/09\/conferencia-la-vida-abans-de-neixer-amb-el-doctor-cabouli-29-8-2020\/","title":{"rendered":"Conferencia \u00abLa vida antes de nacer\u00bb con el Doctor Cabouli, 29-8-2020."},"content":{"rendered":"<p class=\"western\" align=\"center\"><span style=\"font-size: x-large\"><span style=\"font-family: Times New Roman, serif\"><span lang=\"es-ES\"><b>Conferencia \u00abLa vida antes de nacer\u00bb <\/b><\/span><\/span><span style=\"font-family: Times New Roman, serif\"><span lang=\"es-ES\"><b>con el Doctor Cabouli<\/b><\/span><\/span><span style=\"font-family: Times New Roman, serif\"><span lang=\"es-ES\"><b>, 29-8-2020.<\/b><\/span><\/span><\/span><\/p>\n<p class=\"western\" lang=\"es-ES\" align=\"center\"><span style=\"font-family: Times New Roman, serif\"><span style=\"font-size: large\"><b><img loading=\"lazy\" decoding=\"async\" class=\"aligncenter wp-image-866 size-full\" title=\"Elaia. Asociaci\u00f3n Cultural de Mujeres de El Soler\u00e0s.\" src=\"https:\/\/animaweb.cat\/files\/2020\/08\/Elaia_Logotip_72ppp_218x212px.png\" alt=\"Elaia. Asociaci\u00f3n Cultural de Mujeres de El Soler\u00e0s.\" width=\"218\" height=\"212\" \/>Elaia. Asociaci\u00f3n Cultural de Mujeres del Soler\u00e0s.<\/b><\/span><\/span><\/p>\n<p class=\"western\" lang=\"es-ES\" align=\"justify\"><span style=\"font-family: Times New Roman, serif\"><span style=\"font-size: large\"><b>Conferencia:<\/b> s\u00e1bado, 29 de agosto a las 19h30\u2019 en la sala polivalente del Soler\u00e0s.<\/span><\/span><\/p>\n<p class=\"western\" lang=\"es-ES\" style=\"text-align: center\"><strong><span style=\"font-family: Times New Roman, serif\"><span style=\"font-size: large\">La conferencia no se suspende. Se llevar\u00e1 a cabo en la sala polivalente respetando el l\u00edmite de aforo del 50% del total.<\/span><\/span><\/strong><\/p>\n<p class=\"western\" lang=\"es-ES\" align=\"center\"><span style=\"font-family: Times New Roman, serif\"><span style=\"font-size: x-large\"><b>\u00abLa vida antes de nacer\u00bb<\/b><\/span><\/span><\/p>\n<p class=\"western\" lang=\"es-ES\" align=\"justify\"><span style=\"font-family: Times New Roman, serif\"><span style=\"font-size: large\"><i><img loading=\"lazy\" decoding=\"async\" class=\"alignleft wp-image-867 size-full\" title=\"Doctor Jos\u00e9 Lu\u00eds Cabouli.\" src=\"https:\/\/animaweb.cat\/files\/2020\/08\/Jose_Luis_Cabouli_72ppp_200x266px.png\" alt=\"Doctor Jos\u00e9 Lu\u00eds Cabouli.\" width=\"200\" height=\"266\" \/>Uno de los periodos m\u00e1s fascinantes de nuestra historia personal.<\/i><\/span><\/span><\/p>\n<p class=\"western\" lang=\"es-ES\" align=\"justify\"><span style=\"font-family: Times New Roman, serif\"><span style=\"font-size: large\">Impartido por el Doctor Jos\u00e9 Lu\u00eds Cabouli, con 33 a\u00f1os de experiencia en <i>Terapia de vidas pasadas (TVP)<\/i> y autor de 7 libros.<\/span><\/span><\/p>\n<p class=\"western\" lang=\"es-ES\" align=\"justify\"><span style=\"font-family: Times New Roman, serif\"><span style=\"font-size: large\">El Doctor Cabouli compartir\u00e1 su experiencia cl\u00ednica en el trabajo con la vida intrauterina dentro del marco de la <i>Terapia de Vidas Pasadas<\/i>.<\/span><\/span><\/p>\n<p class=\"western\" lang=\"es-ES\" align=\"justify\"><span style=\"font-family: Times New Roman, serif\"><span style=\"font-size: large\">El <b>Doctor Jos\u00e9 Luis Cabouli<\/b> se gradu\u00f3 de m\u00e9dico por la Universidad de Buenos Aires el 1974, form\u00e1ndose en primer lugar como cirujano. El 1988 abandon\u00f3 el ejercicio de la cirug\u00eda para dedicarse exclusivamente al desarrollo y pr\u00e1ctica de la <i>Terapia de Vidas Pasadas (TVP)<\/i>. La <i>TVP<\/i> es una t\u00e9cnica terap\u00e9utica que consiste en llevar a la conciencia los traumas no resueltos ocultos a nivel inconsciente y que desde all\u00ed originan muchos de los conflictos emocionales que nos perturban en la vida cotidiana. Estos traumas pueden tener origen en experiencias de vidas anteriores, de la vida intrauterina, del nacimiento como as\u00ed tambi\u00e9n en la primera infancia y edades posteriores de la vida actual.<\/span><\/span><\/p>\n<p class=\"western\" lang=\"es-ES\" align=\"justify\"><span style=\"font-family: Times New Roman, serif\"><span style=\"font-size: large\"><img loading=\"lazy\" decoding=\"async\" class=\"alignright wp-image-863 size-full\" title=\"Libro \u00abLa vida antes de nacer\u00bb. Portada.\" src=\"https:\/\/animaweb.cat\/files\/2020\/08\/La_vida_antes_de_nacer_portada_72ppp_200x292px.png\" alt=\"Libro \u00abLa vida antes de nacer\u00bb. Portada.\" width=\"200\" height=\"292\" \/>En esta conferencia el <b>Doctor Cabouli<\/b> se referir\u00e1 en particular en \u00ab<i>La Vida antes de Nacer<\/i>\u00bb. Este es uno de los periodos m\u00e1s fascinantes de nuestra historia personal. Dentro del vientre materno el beb\u00e9 puede percibir los estados emocionales y conflictos de la madre y de su entorno familiar y reaccionar ante esto. Ante el rechazo, la agresi\u00f3n o la indiferencia el beb\u00e9 puede reaccionar con impotencia, culpa o p\u00e1nico entre otras emociones originando as\u00ed pautas de conducta y conflictos emocionales que se manifestar\u00e1n m\u00e1s tarde en su vida de adulto. Pero adem\u00e1s el beb\u00e9 en desarrollo es una conciencia que lleva consigo su propia personalidad y el recuerdo de sus experiencias anteriores que se borrar\u00e1n de su memoria consciente a partir del momento del nacimiento.<\/span><\/span><\/p>\n<p class=\"western\" lang=\"es-ES\" align=\"justify\"><span style=\"font-family: Times New Roman, serif\"><span style=\"font-size: large\"><b>Bibliograf\u00eda del Doctor Cabouli:<\/b><\/span><\/span><\/p>\n<ul>\n<li>\n<p class=\"western\" lang=\"es-ES\" align=\"justify\"><span style=\"font-family: Times New Roman, serif\"><span style=\"font-size: large\">\u00ab<i>Terapia de Vidas Pasadas. T\u00e9cnica y pr\u00e1ctica<\/i>\u00bb. 320 p\u00e1ginas.<\/span><\/span><\/p>\n<\/li>\n<li>\n<p class=\"western\" lang=\"es-ES\" align=\"justify\"><span style=\"font-family: Times New Roman, serif\"><span style=\"font-size: large\">\u00ab<i>El Viaje del alma. Experiencias de la vida entre las vidas<\/i>\u00bb. 224 p\u00e1ginas.<\/span><\/span><\/p>\n<\/li>\n<li>\n<p class=\"western\" lang=\"es-ES\" align=\"justify\"><span style=\"font-family: Times New Roman, serif\"><span style=\"font-size: large\">\u00ab<i>La Vida antes de Nacer. Viaje en su origen de nuestra historia personal<\/i>\u00bb. 256 p\u00e1ginas.<\/span><\/span><\/p>\n<\/li>\n<li>\n<p class=\"western\" lang=\"es-ES\" align=\"justify\"><span style=\"font-family: Times New Roman, serif\"><span style=\"font-size: large\">\u00ab<i>El Trabajo del alma. \u00bfQu\u00e9 es la Terapia de Vidas Pasadas?<\/i>\u00bb. 128 p\u00e1ginas.<\/span><\/span><\/p>\n<\/li>\n<li>\n<p class=\"western\" lang=\"es-ES\" align=\"justify\"><span style=\"font-family: Times New Roman, serif\"><span style=\"font-size: large\">\u00ab<i>Terapia de la Posesi\u00f3n Espiritual. T\u00e9cnica y pr\u00e1ctica cl\u00ednica<\/i>\u00bb. 360 p\u00e1ginas.<\/span><\/span><\/p>\n<\/li>\n<li>\n<p class=\"western\" lang=\"es-ES\" align=\"justify\"><span style=\"font-family: Times New Roman, serif\"><span style=\"font-size: large\">\u00ab<i>El Prop\u00f3sito del alma. Cu\u00e1l es nuestra misi\u00f3n en esta vida<\/i>\u00bb. 192 p\u00e1ginas.<\/span><\/span><\/p>\n<\/li>\n<li>\n<p class=\"western\" lang=\"es-ES\" align=\"justify\"><span style=\"font-family: Times New Roman, serif\"><span style=\"font-size: large\">\u00ab<i>Atrapamiento y recuperaci\u00f3n del alma. Terapia de Vidas Pasadas: un nuevo paradigma<\/i>\u00bb. 256 p\u00e1ginas.<\/span><\/span><\/p>\n<\/li>\n<\/ul>\n<p class=\"western\" lang=\"es-ES\" align=\"justify\"><span style=\"font-family: Times New Roman, serif\"><span style=\"font-size: large\">Todos los libros han sido editados por \u00ab<i>Ediciones Continente<\/i>\u00bb.<\/span><\/span><\/p>\n<p>&nbsp;","protected":false},"excerpt":{"rendered":"<p>Conferencia \u00abLa vida antes de nacer\u00bb con el Doctor Cabouli, 29-8-2020. Elaia. Asociaci\u00f3n Cultural de Mujeres del Soler\u00e0s. Conferencia: s\u00e1bado, 29 de agosto a las 19h30\u2019 en la sala polivalente &hellip; <a href=\"https:\/\/animaweb.blog.pangea.org\/es\/2020\/08\/09\/conferencia-la-vida-abans-de-neixer-amb-el-doctor-cabouli-29-8-2020\/\" class=\"more-link\">Continuar leyendo<span class=\"screen-reader-text\"> \u00abConferencia \u00abLa vida antes de nacer\u00bb con el Doctor Cabouli, 29-8-2020.\u00bb<\/span><\/a><\/p>\n","protected":false},"author":12345698,"featured_media":0,"comment_status":"closed","ping_status":"open","sticky":false,"template":"","format":"standard","meta":{"ngg_post_thumbnail":0,"footnotes":""},"categories":[5378,119692,119881,20184],"tags":[],"class_list":["post-861","post","type-post","status-publish","format-standard","hentry","category-conferencies","category-doctor-jose-luis-cabouli","category-el-soleras","category-esdeveniments"],"views":154,"_links":{"self":[{"href":"https:\/\/animaweb.blog.pangea.org\/es\/wp-json\/wp\/v2\/posts\/861","targetHints":{"allow":["GET"]}}],"collection":[{"href":"https:\/\/animaweb.blog.pangea.org\/es\/wp-json\/wp\/v2\/posts"}],"about":[{"href":"https:\/\/animaweb.blog.pangea.org\/es\/wp-json\/wp\/v2\/types\/post"}],"author":[{"embeddable":true,"href":"https:\/\/animaweb.blog.pangea.org\/es\/wp-json\/wp\/v2\/users\/12345698"}],"replies":[{"embeddable":true,"href":"https:\/\/animaweb.blog.pangea.org\/es\/wp-json\/wp\/v2\/comments?post=861"}],"version-history":[{"count":10,"href":"https:\/\/animaweb.blog.pangea.org\/es\/wp-json\/wp\/v2\/posts\/861\/revisions"}],"predecessor-version":[{"id":1183,"href":"https:\/\/animaweb.blog.pangea.org\/es\/wp-json\/wp\/v2\/posts\/861\/revisions\/1183"}],"wp:attachment":[{"href":"https:\/\/animaweb.blog.pangea.org\/es\/wp-json\/wp\/v2\/media?parent=861"}],"wp:term":[{"taxonomy":"category","embeddable":true,"href":"https:\/\/animaweb.blog.pangea.org\/es\/wp-json\/wp\/v2\/categories?post=861"},{"taxonomy":"post_tag","embeddable":true,"href":"https:\/\/animaweb.blog.pangea.org\/es\/wp-json\/wp\/v2\/tags?post=861"}],"curies":[{"name":"wp","href":"https:\/\/api.w.org\/{rel}","templated":true}]}}