{"id":2381,"date":"2023-01-22T23:26:51","date_gmt":"2023-01-22T21:26:51","guid":{"rendered":"https:\/\/animaweb.cat\/?p=2381"},"modified":"2023-02-07T20:05:54","modified_gmt":"2023-02-07T18:05:54","slug":"cites-dels-savis-del-doctor-weiss-i-el-credit-cosmic-del-doctor-cabouli-en-occita","status":"publish","type":"post","link":"https:\/\/animaweb.blog.pangea.org\/es\/2023\/01\/22\/cites-dels-savis-del-doctor-weiss-i-el-credit-cosmic-del-doctor-cabouli-en-occita\/","title":{"rendered":"Citas de los sabios del Doctor Weiss y El cr\u00e9dito c\u00f3smico del Doctor Cabouli en occitano."},"content":{"rendered":"<p class=\"western\" lang=\"es-ES\" align=\"center\"><span style=\"font-family: Times New Roman, serif\"><span style=\"font-size: x-large\"><b>Citas de los sabios del Doctor Weiss y El cr\u00e9dito c\u00f3smico del Doctor Cabouli en occitano.<\/b><\/span><\/span><\/p>\n<p class=\"western\" lang=\"es-ES\" align=\"justify\"><span style=\"font-family: Times New Roman, serif\"><span style=\"font-size: large\"><img loading=\"lazy\" decoding=\"async\" class=\"alignleft wp-image-1260 size-full\" title=\"Bandera occitana animada.\" src=\"https:\/\/animaweb.cat\/files\/2021\/03\/Bandera_occitana_animada.gif\" alt=\"Bandera occitana animada.\" width=\"75\" height=\"50\" \/>Os informamos que los internautas en lengua occitana ya disponen de las p\u00e1ginas con el texto de la <i>Cita de los sabios<\/i> del Doctor Brian Weiss y la que permite acceder al video <i>El cr\u00e9dito c\u00f3smico<\/i> subtitulado en su idioma. Agradecemos la buena labor de traducci\u00f3n de Jordi R\u00e0fols.<\/span><\/span><\/p>\n<p class=\"western\" lang=\"es-ES\" align=\"right\"><span style=\"font-family: Times New Roman, serif\"><span style=\"font-size: large\">Equipo del web \u00ab<i>En cuerpo y alma<\/i>\u00bb.<br \/>\n<\/span><\/span><span style=\"font-family: Times New Roman, serif\"><span style=\"font-size: large\"><span lang=\"es-ES\">Domingo, 22 de <\/span><\/span><\/span><span style=\"color: #000000\"><span style=\"font-family: Times New Roman, serif\"><span style=\"font-size: large\"><span lang=\"es-ES\">E<\/span><\/span><\/span><\/span><span style=\"font-family: Times New Roman, serif\"><span style=\"font-size: large\"><span lang=\"es-ES\">nero del 2023.<\/span><\/span><\/span><\/p>\n<p class=\"western\" lang=\"es-ES\"><span style=\"font-family: Times New Roman, serif\"><span style=\"font-size: large\">Enlaces de las p\u00e1ginas traducidas al occitano:<\/span><\/span><\/p>\n<p class=\"western\" lang=\"oc-FR\" align=\"justify\"><a href=\"\/oc\/tipus-de-karma-karma-collectiu-fama-objectiu-i-perdo-cites-dels-savis\/\"><span style=\"font-family: Times New Roman, serif\"><span style=\"font-size: x-large\"><b>Tipes de karma, karma collectiu, celebritat, objectiu e perdon. Citacions dels savis <\/b><b>(Tipos de karma, karma colectivo, fama, objetivo y perd\u00f3n. Citas de los sabios)<\/b><b>.<br \/>\n<\/b><\/span><\/span><\/a><span style=\"font-family: Times New Roman, serif\"><span style=\"font-size: large\"><span lang=\"oc-FR\"><i>A trav\u00e8rs lo c\u00f2s dels pacients del Dr Brian Weiss en regression ipnotica, non solament se p\u00f2t accedir al passat de lor arma a la rec\u00e8rca d&#8217;un eveniment traumatic, tanben de diferents armas de savis o ensenhants p\u00f2don intervenir per transmetre d&#8217;explicacions al terapeuta sus l\u2019evolucion espirituala (&#8230;).<br \/>\n<\/i><\/span><\/span><\/span><span style=\"font-family: Times New Roman, serif\"><span style=\"font-size: large\"><span lang=\"oc-FR\">Doctor Brian Weiss. <\/span><\/span><\/span><span style=\"font-family: Times New Roman, serif\"><span style=\"font-size: large\"><span lang=\"oc-FR\"><i>Only Love is Real<\/i><\/span><\/span><\/span><span style=\"font-family: Times New Roman, serif\"><span style=\"font-size: large\"><span lang=\"oc-FR\"> (<\/span><\/span><\/span><span style=\"font-family: Times New Roman, serif\"><span style=\"font-size: large\"><span lang=\"oc-FR\"><i>Solament l&#8217;amor es real<\/i><\/span><\/span><\/span><span style=\"font-family: Times New Roman, serif\"><span style=\"font-size: large\"><span lang=\"oc-FR\">).<br \/>\n<\/span><\/span><\/span><span style=\"font-family: Times New Roman, serif\"><span style=\"font-size: large\"><b>Traduccion\u00a0: Jordi R\u00e0fols.<\/b><\/span><\/span><\/p>\n<p class=\"western\" lang=\"oc-FR\" align=\"justify\"><a href=\"\/oc\/el-credit-cosmic-pel-doctor-jose-luis-cabouli-conferencia-en-castella-subtitulada-en-catala\/\"><span style=\"font-family: Times New Roman, serif\"><span style=\"font-size: x-large\"><b>\u00ab\u00a0Lo cr\u00e8dit cosmic\u00a0\u00bb pel Doctor Jos\u00e9 Luis Cabouli. Confer\u00e9ncia en espanh\u00f2l sostitolada en occitan <\/b><\/span><\/span><span style=\"font-family: Times New Roman, serif\"><span style=\"font-size: x-large\"><b>(\u00abEl cr\u00e9dito c\u00f3smico\u00bb por el Doctor Jos\u00e9 Lu\u00eds Cabouli. Conferencia en castellano subtitulada en occitano)<\/b><\/span><\/span><span style=\"font-family: Times New Roman, serif\"><span style=\"font-size: x-large\"><b>.<br \/>\n<\/b><\/span><\/span><\/a><i><span style=\"font-family: Times New Roman, serif\"><span style=\"font-size: large\"><span lang=\"oc-FR\">Tr\u00f2\u00e7 de la confer\u00e9ncia entitolada \u00ab\u00a0La vida abans la naissen\u00e7a\u00a0\u00bb del doctor Jos\u00e9 Lu<\/span><\/span><\/span><span style=\"color: #000000\"><span style=\"font-family: Times New Roman, serif\"><span style=\"font-size: large\"><span lang=\"oc-FR\">i<\/span><\/span><\/span><\/span><span style=\"font-family: Times New Roman, serif\"><span style=\"font-size: large\"><span lang=\"oc-FR\">s Cabouli tenguda a la Sala Polivalenta del Soler\u00e0s (Les Garrigues, Catalonha) lo dissabte 29 d&#8217;agost de 2020 <\/span><\/span><\/span><span style=\"font-family: Times New Roman, serif\"><span style=\"font-size: large\"><span lang=\"oc-FR\">(&#8230;)<\/span><\/span><\/span><span style=\"font-family: Times New Roman, serif\"><span style=\"font-size: large\"><span lang=\"oc-FR\">.<br \/>\n<\/span><\/span><\/span><\/i><span style=\"font-family: Times New Roman, serif\"><span style=\"font-size: large\">Perfil d&#8217;edicion \u00ab\u00a0Odys<\/span><\/span><span style=\"color: #000000\"><span style=\"font-family: Times New Roman, serif\"><span style=\"font-size: large\">e<\/span><\/span><\/span><span style=\"font-family: Times New Roman, serif\"><span style=\"font-size: large\">e\u00a0\u00bb\u00a0: Animaweb. Confer\u00e9ncias en occitan. Data de publicacion dins \u00ab\u00a0Odys<\/span><\/span><span style=\"color: #000000\"><span style=\"font-family: Times New Roman, serif\"><span style=\"font-size: large\">e<\/span><\/span><\/span><span style=\"font-family: Times New Roman, serif\"><span style=\"font-size: large\">e\u00a0\u00bb\u00a0: <\/span><\/span><span style=\"color: #000000\"><span style=\"font-family: Times New Roman, serif\"><span style=\"font-size: large\">diumenge<\/span><\/span><\/span> <span style=\"color: #000000\"><span style=\"font-family: Times New Roman, serif\"><span style=\"font-size: large\">22<\/span><\/span><\/span><span style=\"font-family: Times New Roman, serif\"><span style=\"font-size: large\"> de geni\u00e8r de 2023. Durada de la video\u00a0: 3 minutas e 33 segondas. Lenga\u00a0: Votz espanh\u00f2la amb sost\u00edtols en occitan.<br \/>\n<\/span><\/span><span style=\"font-family: Times New Roman, serif\"><span style=\"font-size: large\"><b>Traduccion\u00a0: Jordi R\u00e0fols.<\/b><\/span><\/span><\/p>","protected":false},"excerpt":{"rendered":"<p>Citas de los sabios del Doctor Weiss y El cr\u00e9dito c\u00f3smico del Doctor Cabouli en occitano. Os informamos que los internautas en lengua occitana ya disponen de las p\u00e1ginas con &hellip; <a href=\"https:\/\/animaweb.blog.pangea.org\/es\/2023\/01\/22\/cites-dels-savis-del-doctor-weiss-i-el-credit-cosmic-del-doctor-cabouli-en-occita\/\" class=\"more-link\">Continuar leyendo<span class=\"screen-reader-text\"> \u00abCitas de los sabios del Doctor Weiss y El cr\u00e9dito c\u00f3smico del Doctor Cabouli en occitano.\u00bb<\/span><\/a><\/p>\n","protected":false},"author":12345698,"featured_media":0,"comment_status":"closed","ping_status":"open","sticky":false,"template":"","format":"standard","meta":{"ngg_post_thumbnail":0,"footnotes":""},"categories":[171135,171134,169539,150012,171133,150016,119420,119692,119881,150019,150057,150034,171185,171198,150058,171099,171221,150049,150024],"tags":[],"class_list":["post-2381","post","type-post","status-publish","format-standard","hentry","category-ajuntament-del-soleras","category-associacio-cultural-de-dones-elaia","category-cites-de-text","category-conferencies-en-video","category-credit-cosmic","category-deutes-de-grup","category-doctor-brian-weiss","category-doctor-jose-luis-cabouli","category-el-soleras","category-fama","category-gestacio","category-karma","category-karma-collectiu","category-mort","category-naixement","category-periode-entre-dues-vides","category-subtitulacions-a-loccita","category-terapia-regressiva","category-traduccions-a-loccita"],"views":259,"_links":{"self":[{"href":"https:\/\/animaweb.blog.pangea.org\/es\/wp-json\/wp\/v2\/posts\/2381","targetHints":{"allow":["GET"]}}],"collection":[{"href":"https:\/\/animaweb.blog.pangea.org\/es\/wp-json\/wp\/v2\/posts"}],"about":[{"href":"https:\/\/animaweb.blog.pangea.org\/es\/wp-json\/wp\/v2\/types\/post"}],"author":[{"embeddable":true,"href":"https:\/\/animaweb.blog.pangea.org\/es\/wp-json\/wp\/v2\/users\/12345698"}],"replies":[{"embeddable":true,"href":"https:\/\/animaweb.blog.pangea.org\/es\/wp-json\/wp\/v2\/comments?post=2381"}],"version-history":[{"count":5,"href":"https:\/\/animaweb.blog.pangea.org\/es\/wp-json\/wp\/v2\/posts\/2381\/revisions"}],"predecessor-version":[{"id":2396,"href":"https:\/\/animaweb.blog.pangea.org\/es\/wp-json\/wp\/v2\/posts\/2381\/revisions\/2396"}],"wp:attachment":[{"href":"https:\/\/animaweb.blog.pangea.org\/es\/wp-json\/wp\/v2\/media?parent=2381"}],"wp:term":[{"taxonomy":"category","embeddable":true,"href":"https:\/\/animaweb.blog.pangea.org\/es\/wp-json\/wp\/v2\/categories?post=2381"},{"taxonomy":"post_tag","embeddable":true,"href":"https:\/\/animaweb.blog.pangea.org\/es\/wp-json\/wp\/v2\/tags?post=2381"}],"curies":[{"name":"wp","href":"https:\/\/api.w.org\/{rel}","templated":true}]}}