{"id":2360,"date":"2023-01-16T20:52:13","date_gmt":"2023-01-16T18:52:13","guid":{"rendered":"https:\/\/animaweb.cat\/?p=2360"},"modified":"2023-02-07T19:50:43","modified_gmt":"2023-02-07T17:50:43","slug":"35-anys-amb-la-terapia-de-vides-passades-doctor-jose-luis-cabouli","status":"publish","type":"post","link":"https:\/\/animaweb.blog.pangea.org\/es\/2023\/01\/16\/35-anys-amb-la-terapia-de-vides-passades-doctor-jose-luis-cabouli\/","title":{"rendered":"35 a\u00f1os con la Terapia de Vidas Pasadas. Doctor Jos\u00e9 Luis Cabouli."},"content":{"rendered":"<p class=\"western\" align=\"center\"><span style=\"font-size: x-large\"><span style=\"font-family: Times New Roman, serif\"><span lang=\"es-ES\"><b>35 a\u00f1os con la Terapia de Vidas Pasadas. Doctor Jos\u00e9 Luis Cabouli.<\/b><\/span><\/span><\/span><\/p>\n<p align=\"center\"><div class=\"su-youtube su-u-responsive-media-yes\"><iframe loading=\"lazy\" width=\"600\" height=\"400\" src=\"https:\/\/www.youtube.com\/embed\/tSjlmU7lG5Q?\" frameborder=\"0\" allowfullscreen allow=\"autoplay; encrypted-media; picture-in-picture\" title=\"35 a\u00f1os con la Terapia de Vidas Pasadas. Doctor Jos\u00e9 Luis Cabouli.\"><\/iframe><\/div>\n<p class=\"western\" align=\"center\"><span style=\"color: #000080\"><span lang=\"zxx\"><u><a href=\"https:\/\/www.youtube.com\/watch?v=tSjlmU7lG5Q\"><span style=\"font-family: Times New Roman, serif\"><span style=\"font-size: large\"><span lang=\"es-ES\">https:\/\/www.youtube.com\/watch?v=tSjlmU7lG5Q<\/span><\/span><\/span><\/a><\/u><\/span><\/span><\/p>\n<p class=\"western\" align=\"justify\"><span style=\"font-family: Times New Roman, serif\"><span style=\"font-size: large\"><span lang=\"es-ES\">Charla pronunciada en las <\/span><\/span><\/span><span style=\"font-family: Times New Roman, serif\"><span style=\"font-size: large\"><span lang=\"es-ES\"><i>Segundas Jornadas Internacionales de Terapia de Vidas Pasadas<\/i><\/span><\/span><\/span><span style=\"font-family: Times New Roman, serif\"><span style=\"font-size: large\"><span lang=\"es-ES\"> organizadas por Lili Bosnic (M\u00e9xico), 10 y 11 de septiembre de 2022. La charla propiamente dicha comienza en el minuto 3&#8217;50\u00bb y finaliza luego de las preguntas en 56&#8217;40\u00bb. Por problemas t\u00e9cnicos durante la grabaci\u00f3n le falta un poco de definici\u00f3n al v\u00eddeo.<\/span><\/span><\/span><\/p>\n<p class=\"western\" align=\"justify\"><span style=\"font-family: Times New Roman, serif\"><span style=\"font-size: large\"><span lang=\"es-ES\">Habla: Doctor en Medicina y Cirug\u00eda Jos\u00e9 Luis Cabouli, presentado por la Psic\u00f3loga Lili Bosnic. Perfil de creaci\u00f3n en \u00ab<\/span><\/span><\/span><span style=\"font-family: Times New Roman, serif\"><span style=\"font-size: large\"><span lang=\"es-ES\"><i>YouTube<\/i><\/span><\/span><\/span><span style=\"font-family: Times New Roman, serif\"><span style=\"font-size: large\"><span lang=\"es-ES\">\u00bb: Dr. Cabouli. Terapia de Vidas Pasadas. Fecha de creaci\u00f3n en \u00ab<\/span><\/span><\/span><span style=\"font-family: Times New Roman, serif\"><span style=\"font-size: large\"><span lang=\"es-ES\"><i>YouTube<\/i><\/span><\/span><\/span><span style=\"font-family: Times New Roman, serif\"><span style=\"font-size: large\"><span lang=\"es-ES\">\u00bb: Mi\u00e9rcoles, 11 de Enero de 2023. Duraci\u00f3n: 1 hora. 3 minutos y 42 segundos. Idioma: castellano.<\/span><\/span><\/span><\/p>","protected":false},"excerpt":{"rendered":"<p>35 a\u00f1os con la Terapia de Vidas Pasadas. Doctor Jos\u00e9 Luis Cabouli. https:\/\/www.youtube.com\/watch?v=tSjlmU7lG5Q Charla pronunciada en las Segundas Jornadas Internacionales de Terapia de Vidas Pasadas organizadas por Lili Bosnic (M\u00e9xico), &hellip; <a href=\"https:\/\/animaweb.blog.pangea.org\/es\/2023\/01\/16\/35-anys-amb-la-terapia-de-vides-passades-doctor-jose-luis-cabouli\/\" class=\"more-link\">Continuar leyendo<span class=\"screen-reader-text\"> \u00ab35 a\u00f1os con la Terapia de Vidas Pasadas. Doctor Jos\u00e9 Luis Cabouli.\u00bb<\/span><\/a><\/p>\n","protected":false},"author":12345698,"featured_media":0,"comment_status":"closed","ping_status":"open","sticky":false,"template":"","format":"standard","meta":{"ngg_post_thumbnail":0,"footnotes":""},"categories":[22366,119692,171175,171219,150041,150044,167,150049,169490],"tags":[],"class_list":["post-2360","post","type-post","status-publish","format-standard","hentry","category-catalunya","category-doctor-jose-luis-cabouli","category-historia-de-la-terapia-de-vides-passades-temes","category-jornades","category-lili-bosnic","category-mexico","category-online","category-terapia-regressiva","category-video-en-castella"],"views":343,"_links":{"self":[{"href":"https:\/\/animaweb.blog.pangea.org\/es\/wp-json\/wp\/v2\/posts\/2360","targetHints":{"allow":["GET"]}}],"collection":[{"href":"https:\/\/animaweb.blog.pangea.org\/es\/wp-json\/wp\/v2\/posts"}],"about":[{"href":"https:\/\/animaweb.blog.pangea.org\/es\/wp-json\/wp\/v2\/types\/post"}],"author":[{"embeddable":true,"href":"https:\/\/animaweb.blog.pangea.org\/es\/wp-json\/wp\/v2\/users\/12345698"}],"replies":[{"embeddable":true,"href":"https:\/\/animaweb.blog.pangea.org\/es\/wp-json\/wp\/v2\/comments?post=2360"}],"version-history":[{"count":3,"href":"https:\/\/animaweb.blog.pangea.org\/es\/wp-json\/wp\/v2\/posts\/2360\/revisions"}],"predecessor-version":[{"id":2395,"href":"https:\/\/animaweb.blog.pangea.org\/es\/wp-json\/wp\/v2\/posts\/2360\/revisions\/2395"}],"wp:attachment":[{"href":"https:\/\/animaweb.blog.pangea.org\/es\/wp-json\/wp\/v2\/media?parent=2360"}],"wp:term":[{"taxonomy":"category","embeddable":true,"href":"https:\/\/animaweb.blog.pangea.org\/es\/wp-json\/wp\/v2\/categories?post=2360"},{"taxonomy":"post_tag","embeddable":true,"href":"https:\/\/animaweb.blog.pangea.org\/es\/wp-json\/wp\/v2\/tags?post=2360"}],"curies":[{"name":"wp","href":"https:\/\/api.w.org\/{rel}","templated":true}]}}