{"id":2224,"date":"2022-12-14T22:13:51","date_gmt":"2022-12-14T20:13:51","guid":{"rendered":"https:\/\/animaweb.cat\/?p=2224"},"modified":"2022-12-18T19:40:40","modified_gmt":"2022-12-18T17:40:40","slug":"el-credit-cosmic-del-doctor-jose-luis-cabouli-en-esperanto-i-euskera","status":"publish","type":"post","link":"https:\/\/animaweb.blog.pangea.org\/es\/2022\/12\/14\/el-credit-cosmic-del-doctor-jose-luis-cabouli-en-esperanto-i-euskera\/","title":{"rendered":"El cr\u00e9dito c\u00f3smico del Doctor Jos\u00e9 Luis Cabouli en esperanto y euskera."},"content":{"rendered":"<p class=\"western\" lang=\"es-ES\" align=\"center\"><span style=\"font-family: Times New Roman, serif\"><span style=\"font-size: x-large\"><b>El cr\u00e9dito c\u00f3smico del Doctor Jos\u00e9 Luis Cabouli en esperanto y euskera.<\/b><\/span><\/span><\/p>\n<p class=\"western\" lang=\"es-ES\" align=\"justify\"><span style=\"font-family: Times New Roman, serif\"><span style=\"font-size: large\"><img loading=\"lazy\" decoding=\"async\" class=\"alignleft wp-image-1980\" title=\"\u00abEl cr\u00e9dito c\u00f3smico\u00bb por el Doctor Jos\u00e9 Lu\u00eds Cabouli.\" src=\"https:\/\/animaweb.cat\/files\/2022\/08\/Doctor_Jose_Luis_Cabouli_El_credito_cosmico_castellano_subtitulado_castellano_primer_fotograma_72ppp_800x450px_castellnoa_2-300x169.png\" alt=\"\u00abEl cr\u00e9dito c\u00f3smico\u00bb por el Doctor Jos\u00e9 Lu\u00eds Cabouli.\" width=\"201\" height=\"113\" srcset=\"https:\/\/animaweb.blog.pangea.org\/files\/2022\/08\/Doctor_Jose_Luis_Cabouli_El_credito_cosmico_castellano_subtitulado_castellano_primer_fotograma_72ppp_800x450px_castellnoa_2-300x169.png 300w, https:\/\/animaweb.blog.pangea.org\/files\/2022\/08\/Doctor_Jose_Luis_Cabouli_El_credito_cosmico_castellano_subtitulado_castellano_primer_fotograma_72ppp_800x450px_castellnoa_2-768x432.png 768w, https:\/\/animaweb.blog.pangea.org\/files\/2022\/08\/Doctor_Jose_Luis_Cabouli_El_credito_cosmico_castellano_subtitulado_castellano_primer_fotograma_72ppp_800x450px_castellnoa_2.png 800w\" sizes=\"auto, (max-width: 201px) 85vw, 201px\" \/>Os informamos que el breve video \u00ab<i>El cr\u00e9dito c\u00f3smico<\/i>\u00bb del Doctor Jos\u00e9 Luis Cabouli ya est\u00e1 disponible en dos versiones de subt\u00edtulos m\u00e1s. Concretamente en esperanto y euskera. Agradecemos a Iraide L\u00f3pez de Gere\u00f1u su traducci\u00f3n a la lengua vasca y a Alfons Tur Garcia a la lengua internacional esperanto.<\/span><\/span><\/p>\n<p class=\"western\" lang=\"es-ES\" align=\"right\"><span style=\"font-family: Times New Roman, serif\"><span style=\"font-size: large\">Equipo del web \u00ab<i>En cuerpo y alma<\/i>\u00bb.<br \/>\n<\/span><\/span><span style=\"font-family: Times New Roman, serif\"><span style=\"font-size: large\">Mi\u00e9rcoles, 14 de diciembre del 2022.<\/span><\/span><\/p>\n<p class=\"western\" lang=\"es-ES\" align=\"justify\"><span style=\"font-family: Times New Roman, serif\"><span style=\"font-size: large\">Enlaces de las nuevas versiones del video subtitulado:<\/span><\/span><\/p>\n<p class=\"western\" lang=\"es-ES\" align=\"justify\"><span style=\"font-family: Times New Roman, serif\"><span style=\"font-size: large\"><img loading=\"lazy\" decoding=\"async\" class=\"alignnone wp-image-951 size-full\" title=\"Bandera vasca animada.\" src=\"https:\/\/animaweb.cat\/files\/2020\/10\/Bandera_basca_animada.gif\" alt=\"Bandera vasca animada.\" width=\"75\" height=\"50\" \/><br \/>\nEuskera:<\/span><\/span><\/p>\n<p class=\"western\" lang=\"eu-ES\" align=\"justify\"><a href=\"\/eu\/el-credit-cosmic-pel-doctor-jose-luis-cabouli-conferencia-en-castella-subtitulada-en-catala\/\"><span style=\"font-family: Times New Roman, serif\"><span style=\"font-size: x-large\"><b>Jose Luis Cabouli doktorearen \u00abKreditu kosmikoa\u00bb. Erdarazko hitzaldia euskaraz azpititulatuta <\/b><b>(\u00abEl cr\u00e9dito c\u00f3smico\u00bb por el Doctor Jos\u00e9 Luis Cabouli. Conferencia en castellano subtitulada en euskera)<\/b><b>.<br \/>\n<\/b><\/span><\/span><\/a><span style=\"font-family: Times New Roman, serif\"><span style=\"font-size: large\"><span lang=\"eu-ES\">\u00ab<\/span><\/span><\/span><span style=\"font-family: Times New Roman, serif\"><span style=\"font-size: large\"><span lang=\"eu-ES\"><i>\u00abBizitza jaio aurretik\u00bb Jose Luis Cabouli doktoreak 2020ko abuztuaren 29an, larunbata, Solerasko Areto Balioanitzean (Las Garrigues, Katalunia) emandako hitzaldiaren pasartea (&#8230;)<\/i><\/span><\/span><\/span><span style=\"font-family: Times New Roman, serif\"><span style=\"font-size: large\"><span lang=\"eu-ES\">\u00bb.<br \/>\n<\/span><\/span><\/span><span style=\"font-family: Times New Roman, serif\"><span style=\"font-size: large\"><span lang=\"eu-ES\">\u00ab<\/span><\/span><\/span><span style=\"font-family: Times New Roman, serif\"><span style=\"font-size: large\"><span lang=\"eu-ES\"><i>Odysee<\/i><\/span><\/span><\/span><span style=\"font-family: Times New Roman, serif\"><span style=\"font-size: large\"><span lang=\"eu-ES\">\u00bb argitaletxearen profila: Animaweb. Hitzaldiak euskaraz. \u00ab<\/span><\/span><\/span><span style=\"font-family: Times New Roman, serif\"><span style=\"font-size: large\"><span lang=\"eu-ES\"><i>Odysee<\/i><\/span><\/span><\/span><span style=\"font-family: Times New Roman, serif\"><span style=\"font-size: large\"><span lang=\"eu-ES\">\u00bbn argitaratu zen eguna: Abenduaren, 2022ko asteazkena 14an. Bideoaren iraupena: 3 minutu eta 33 segundo. Hizkuntza: gaztelaniazko ahotsa euskarazko azpitituluekin.<br \/>\n<\/span><\/span><\/span><span style=\"font-family: Times New Roman, serif\"><span style=\"font-size: large\"><b>Itzulpena: Iraide L\u00f3pez de Gere\u00f1u.<\/b><\/span><\/span><\/p>\n<p class=\"western\" lang=\"es-ES\" align=\"justify\"><span style=\"font-family: Times New Roman, serif\"><span style=\"font-size: large\"><img loading=\"lazy\" decoding=\"async\" class=\"alignnone wp-image-1421 size-full\" title=\"Bandera de esperanto animada.\" src=\"https:\/\/animaweb.cat\/files\/2021\/07\/Bandera_esperanto_animada.gif\" alt=\"Bandera de esperanto animada.\" width=\"61\" height=\"43\" \/><br \/>\nEsperanto:<\/span><\/span><\/p>\n<p class=\"western\" align=\"justify\"><a href=\"\/eo\/el-credit-cosmic-pel-doctor-jose-luis-cabouli-conferencia-en-castella-subtitulada-en-catala\/\"><span style=\"font-family: Times New Roman, serif\"><span style=\"font-size: x-large\"><span lang=\"eo\"><b>\u00abKosma kredito\u00bb de D-ro Jos\u00e9 Luis Cabouli. Prelego en la hispana, subtekstoj en esperanto <\/b><\/span><\/span><\/span><span style=\"font-family: Times New Roman, serif\"><span style=\"font-size: x-large\"><span lang=\"eo\"><b>(\u00abEl cr\u00e9dito c\u00f3smico\u00bb por el Doctor Jos\u00e9 Luis Cabouli. Conferencia en castellano subtitulada en es<\/b><\/span><\/span><\/span><span style=\"font-family: Times New Roman, serif\"><span style=\"font-size: x-large\"><span lang=\"eo\"><b>p<\/b><\/span><\/span><\/span><span style=\"font-family: Times New Roman, serif\"><span style=\"font-size: x-large\"><span lang=\"eo\"><b>eranto)<\/b><\/span><\/span><\/span><span style=\"font-family: Times New Roman, serif\"><span style=\"font-size: x-large\"><span lang=\"eo\"><b>.<\/b><\/span><\/span><\/span><\/a><br \/>\n<span style=\"font-family: Times New Roman, serif\"><span style=\"font-size: large\"><span lang=\"eo\">\u00ab<\/span><\/span><\/span><span style=\"font-family: Times New Roman, serif\"><span style=\"font-size: large\"><span lang=\"eo\"><i>Ero de la prelego kies titolo estas \u00abVivo anta\u016d naski\u011do\u00bb de D-ro Jos\u00e9 Luis Cabouli okazinta en la Pluruza Salono de Soler\u00e0s (Les Garrigues, Katalunio) la sabaton 29-an de a\u016dgusto de 2020 (&#8230;)<\/i><\/span><\/span><\/span><span style=\"font-family: Times New Roman, serif\"><span style=\"font-size: large\"><span lang=\"eo\">\u00bb.<br \/>\n<\/span><\/span><\/span><span style=\"font-family: Times New Roman, serif\"><span style=\"font-size: large\"><span lang=\"eo\">Profilo de publika\u0135o de \u00ab<\/span><\/span><\/span><span style=\"font-family: Times New Roman, serif\"><span style=\"font-size: large\"><span lang=\"eo\"><i>Odys\u00e9e<\/i><\/span><\/span><\/span><span style=\"font-family: Times New Roman, serif\"><span style=\"font-size: large\"><span lang=\"eo\">\u00bb: Animaweb. Prelegoj en esperanto. Dato de publikigo en \u00ab<\/span><\/span><\/span><span style=\"font-family: Times New Roman, serif\"><span style=\"font-size: large\"><span lang=\"eo\"><i>Odys\u00e9e<\/i><\/span><\/span><\/span><span style=\"font-family: Times New Roman, serif\"><span style=\"font-size: large\"><span lang=\"eo\">\u00bb: Lundo, la 12-an de decembro 2022. Da\u016dro de la filmo: 3 minutoj kaj 33 sekundoj. Lingvo: vo\u0109o en la hispana kun subtekstoj en esperanto.<br \/>\n<\/span><\/span><\/span><span style=\"font-family: Times New Roman, serif\"><span style=\"font-size: large\"><b>Tradukis: Alfons Tur Garcia.<\/b><\/span><\/span><\/p>","protected":false},"excerpt":{"rendered":"<p>El cr\u00e9dito c\u00f3smico del Doctor Jos\u00e9 Luis Cabouli en esperanto y euskera. Os informamos que el breve video \u00abEl cr\u00e9dito c\u00f3smico\u00bb del Doctor Jos\u00e9 Luis Cabouli ya est\u00e1 disponible en &hellip; <a href=\"https:\/\/animaweb.blog.pangea.org\/es\/2022\/12\/14\/el-credit-cosmic-del-doctor-jose-luis-cabouli-en-esperanto-i-euskera\/\" class=\"more-link\">Continuar leyendo<span class=\"screen-reader-text\"> \u00abEl cr\u00e9dito c\u00f3smico del Doctor Jos\u00e9 Luis Cabouli en esperanto y euskera.\u00bb<\/span><\/a><\/p>\n","protected":false},"author":12345698,"featured_media":0,"comment_status":"closed","ping_status":"open","sticky":false,"template":"","format":"standard","meta":{"ngg_post_thumbnail":0,"footnotes":""},"categories":[171135,171134,171186,144,22366,5378,150012,119692,119881,32748,150057,150058,171099,169495,150063,171192,171191,150049,150046],"tags":[],"class_list":["post-2224","post","type-post","status-publish","format-standard","hentry","category-ajuntament-del-soleras","category-associacio-cultural-de-dones-elaia","category-audio-en-castella","category-avortament","category-catalunya","category-conferencies","category-conferencies-en-video","category-doctor-jose-luis-cabouli","category-el-soleras","category-familia","category-gestacio","category-naixement","category-periode-entre-dues-vides","category-presentacio-de-llibre","category-reencarnacio","category-subtitulacions-en-esperanto","category-subtitulacions-en-euskera","category-terapia-regressiva","category-vida-fetal"],"views":237,"_links":{"self":[{"href":"https:\/\/animaweb.blog.pangea.org\/es\/wp-json\/wp\/v2\/posts\/2224","targetHints":{"allow":["GET"]}}],"collection":[{"href":"https:\/\/animaweb.blog.pangea.org\/es\/wp-json\/wp\/v2\/posts"}],"about":[{"href":"https:\/\/animaweb.blog.pangea.org\/es\/wp-json\/wp\/v2\/types\/post"}],"author":[{"embeddable":true,"href":"https:\/\/animaweb.blog.pangea.org\/es\/wp-json\/wp\/v2\/users\/12345698"}],"replies":[{"embeddable":true,"href":"https:\/\/animaweb.blog.pangea.org\/es\/wp-json\/wp\/v2\/comments?post=2224"}],"version-history":[{"count":7,"href":"https:\/\/animaweb.blog.pangea.org\/es\/wp-json\/wp\/v2\/posts\/2224\/revisions"}],"predecessor-version":[{"id":2263,"href":"https:\/\/animaweb.blog.pangea.org\/es\/wp-json\/wp\/v2\/posts\/2224\/revisions\/2263"}],"wp:attachment":[{"href":"https:\/\/animaweb.blog.pangea.org\/es\/wp-json\/wp\/v2\/media?parent=2224"}],"wp:term":[{"taxonomy":"category","embeddable":true,"href":"https:\/\/animaweb.blog.pangea.org\/es\/wp-json\/wp\/v2\/categories?post=2224"},{"taxonomy":"post_tag","embeddable":true,"href":"https:\/\/animaweb.blog.pangea.org\/es\/wp-json\/wp\/v2\/tags?post=2224"}],"curies":[{"name":"wp","href":"https:\/\/api.w.org\/{rel}","templated":true}]}}