{"id":2186,"date":"2022-12-06T03:58:55","date_gmt":"2022-12-06T01:58:55","guid":{"rendered":"https:\/\/animaweb.cat\/?p=2186"},"modified":"2022-12-06T18:22:55","modified_gmt":"2022-12-06T16:22:55","slug":"cites-dels-savis-del-doctor-brian-weiss-en-esperanto","status":"publish","type":"post","link":"https:\/\/animaweb.blog.pangea.org\/es\/2022\/12\/06\/cites-dels-savis-del-doctor-brian-weiss-en-esperanto\/","title":{"rendered":"Citas de los sabios del Doctor Brian Weiss en esperanto."},"content":{"rendered":"<p class=\"western\" lang=\"es-ES\" style=\"text-align: center\"><span style=\"font-family: Times New Roman, serif\"><span style=\"font-size: x-large\"><b>Citas de los sabios del Doctor Brian Weiss en esperanto.<\/b><\/span><\/span><\/p>\n<p class=\"western\" lang=\"es-ES\" align=\"justify\"><span style=\"font-family: Times New Roman, serif\"><span style=\"font-size: large\"><img loading=\"lazy\" decoding=\"async\" class=\"alignleft wp-image-1421 size-full\" title=\"Bandera del esperanto animada.\" src=\"https:\/\/animaweb.cat\/files\/2021\/07\/Bandera_esperanto_animada.gif\" alt=\"Bandera del esperanto animada.\" width=\"61\" height=\"43\" \/>El fragmento de texto de las <i>Citas de los sabios<\/i> del Doctor Brian Weiss ya est\u00e1 disponible en la lengua internacional dise\u00f1ada por el Doctor Ludwik Zamenhof. Agradecemos la labor realizada por el traductor Alfons Tur Garcia.<\/span><\/span><\/p>\n<p class=\"western\" lang=\"es-ES\" align=\"right\"><span style=\"font-family: Times New Roman, serif\"><span style=\"font-size: large\">Equipo del web \u00ab<i>En cuerpo y alma<\/i>\u00bb.<br \/>\n<\/span><\/span><span style=\"font-family: Times New Roman, serif\"><span style=\"font-size: large\">Martes, 6 de diciembre del 2022.<\/span><\/span><\/p>\n<p class=\"western\" lang=\"es-ES\" align=\"justify\"><span style=\"font-family: Times New Roman, serif\"><span style=\"font-size: large\">Enlace de la p\u00e1gina en esperanto:<\/span><\/span><\/p>\n<p class=\"western\" lang=\"eo\" align=\"justify\"><a href=\"\/eo\/tipus-de-karma-karma-collectiu-fama-objectiu-i-perdo-cites-dels-savis\/\"><span style=\"font-family: Times New Roman, serif\"><span style=\"font-size: x-large\"><b>Specoj de karmo, kolektiva karmo, famo, celo kaj pardono. Cita\u0135oj de la sa\u011duloj <\/b><b>(Tipos de karma, karma colectivo, fama, objetivo y perd\u00f3n. Citas de los sabios)<\/b><b>.<br \/>\n<\/b><\/span><\/span><\/a><span style=\"font-family: Times New Roman, serif\"><span style=\"font-size: large\">\u00ab<i>Pere de la korpo de la pacientoj de D-ro Brian Weiss submetitaj al hipnoza regreso, ne nur eblas aliri al la pasinto de ilia animo en traser\u0109o de tra\u016dmata fakto, sed anka\u016d animoj de malsimilaj sa\u011duloj a\u016d majstroj povas interveni por transsendi al la saniganto eksplikojn pri la spirita evoluo <\/i><i>(&#8230;)<\/i>\u00bb.<br \/>\n<\/span><\/span><span style=\"font-family: Times New Roman, serif\"><span style=\"font-size: large\">D-ro Brian Weiss. <i>Only Love Is Real<\/i> (<i>Nur Amo Estas Reala<\/i>).<br \/>\n<\/span><\/span><span style=\"font-family: Times New Roman, serif\"><span style=\"font-size: large\"><b>Tradukis: Alfons Tur Garcia.<\/b><\/span><\/span><\/p>","protected":false},"excerpt":{"rendered":"<p>Citas de los sabios del Doctor Brian Weiss en esperanto. El fragmento de texto de las Citas de los sabios del Doctor Brian Weiss ya est\u00e1 disponible en la lengua &hellip; <a href=\"https:\/\/animaweb.blog.pangea.org\/es\/2022\/12\/06\/cites-dels-savis-del-doctor-brian-weiss-en-esperanto\/\" class=\"more-link\">Continuar leyendo<span class=\"screen-reader-text\"> \u00abCitas de los sabios del Doctor Brian Weiss en esperanto.\u00bb<\/span><\/a><\/p>\n","protected":false},"author":12345698,"featured_media":0,"comment_status":"closed","ping_status":"open","sticky":false,"template":"","format":"standard","meta":{"ngg_post_thumbnail":0,"footnotes":""},"categories":[150061,169539,119420,150019,150034,171185,171184,150018,150062],"tags":[],"class_list":["post-2186","post","type-post","status-publish","format-standard","hentry","category-alfons-tur-garcia","category-cites-de-text","category-doctor-brian-weiss","category-fama","category-karma","category-karma-collectiu","category-oblit","category-perdo","category-traduccions-a-lesperanto"],"views":331,"_links":{"self":[{"href":"https:\/\/animaweb.blog.pangea.org\/es\/wp-json\/wp\/v2\/posts\/2186","targetHints":{"allow":["GET"]}}],"collection":[{"href":"https:\/\/animaweb.blog.pangea.org\/es\/wp-json\/wp\/v2\/posts"}],"about":[{"href":"https:\/\/animaweb.blog.pangea.org\/es\/wp-json\/wp\/v2\/types\/post"}],"author":[{"embeddable":true,"href":"https:\/\/animaweb.blog.pangea.org\/es\/wp-json\/wp\/v2\/users\/12345698"}],"replies":[{"embeddable":true,"href":"https:\/\/animaweb.blog.pangea.org\/es\/wp-json\/wp\/v2\/comments?post=2186"}],"version-history":[{"count":3,"href":"https:\/\/animaweb.blog.pangea.org\/es\/wp-json\/wp\/v2\/posts\/2186\/revisions"}],"predecessor-version":[{"id":2196,"href":"https:\/\/animaweb.blog.pangea.org\/es\/wp-json\/wp\/v2\/posts\/2186\/revisions\/2196"}],"wp:attachment":[{"href":"https:\/\/animaweb.blog.pangea.org\/es\/wp-json\/wp\/v2\/media?parent=2186"}],"wp:term":[{"taxonomy":"category","embeddable":true,"href":"https:\/\/animaweb.blog.pangea.org\/es\/wp-json\/wp\/v2\/categories?post=2186"},{"taxonomy":"post_tag","embeddable":true,"href":"https:\/\/animaweb.blog.pangea.org\/es\/wp-json\/wp\/v2\/tags?post=2186"}],"curies":[{"name":"wp","href":"https:\/\/api.w.org\/{rel}","templated":true}]}}