{"id":2164,"date":"2022-11-30T22:37:31","date_gmt":"2022-11-30T20:37:31","guid":{"rendered":"https:\/\/animaweb.cat\/?p=2164"},"modified":"2022-12-03T17:06:24","modified_gmt":"2022-12-03T15:06:24","slug":"cites-dels-savis-del-doctor-brian-weiss-en-portugues","status":"publish","type":"post","link":"https:\/\/animaweb.blog.pangea.org\/es\/2022\/11\/30\/cites-dels-savis-del-doctor-brian-weiss-en-portugues\/","title":{"rendered":"Citas de los sabios del Doctor Brian Weiss en portugu\u00e9s."},"content":{"rendered":"<p class=\"western\" lang=\"es-ES\" align=\"center\"><span style=\"font-family: Times New Roman, serif\"><span style=\"font-size: x-large\"><b>Citas de los sabios del Doctor Brian Weiss en portugu\u00e9s.<\/b><\/span><\/span><\/p>\n<p class=\"western\" lang=\"es-ES\" align=\"justify\"><span style=\"font-family: Times New Roman, serif\"><span style=\"font-size: large\"><img loading=\"lazy\" decoding=\"async\" class=\"alignleft wp-image-1002 size-full\" title=\"Bandera portuguesa animada.\" src=\"https:\/\/animaweb.cat\/files\/2020\/11\/Bandera_portuguesa_animada.gif\" alt=\"Bandera portuguesa animada.\" width=\"68\" height=\"50\" \/>Os informamos que ya tenemos en la lengua de Jos\u00e9 Saramago la p\u00e1gina con el fragmento <\/span><\/span><span style=\"font-family: Times New Roman, serif\"><span style=\"font-size: large\">de texto <\/span><\/span><span style=\"font-family: Times New Roman, serif\"><span style=\"font-size: large\">del Doctor Brian Weiss relativ<\/span><\/span><span style=\"color: #000000\"><span style=\"font-family: Times New Roman, serif\"><span style=\"font-size: large\">a<\/span><\/span><\/span><span style=\"font-family: Times New Roman, serif\"><span style=\"font-size: large\"> a las citas de los sabios. Agradecemos la pulcra labor de traducci\u00f3n y correcci\u00f3n llevada a cabo por Simone de Souza.<\/span><\/span><\/p>\n<p class=\"western\" lang=\"es-ES\" align=\"right\"><span style=\"font-family: Times New Roman, serif\"><span style=\"font-size: large\">Equipo del web \u00ab<i>En cuerpo y alma<\/i>\u00bb.<br \/>\n<\/span><\/span><span style=\"font-family: Times New Roman, serif\"><span style=\"font-size: large\">Mi\u00e9rcoles, 30 de noviembre del 2022.<\/span><\/span><\/p>\n<p class=\"western\" lang=\"es-ES\"><span style=\"font-family: Times New Roman, serif\"><span style=\"font-size: large\">Enlace de la p\u00e1gina en su versi\u00f3n portuguesa:<\/span><\/span><\/p>\n<p class=\"western\" lang=\"pt-PT\" align=\"justify\"><a href=\"\/pt\/tipus-de-karma-karma-collectiu-fama-objectiu-i-perdo-cites-dels-savis\/\"><span style=\"font-family: Times New Roman, serif\"><span style=\"font-size: x-large\"><b>Tipo de karma, karma coletivo, fama, prop\u00f3sito e perd\u00e3o. Nomea\u00e7\u00f5es de pessoas s\u00e1bias <\/b><b>(Tipos de karma, karma colectivo, fama, objetivo y perd\u00f3n. Citas de los sabios)<\/b><b>.<br \/>\n<\/b><\/span><\/span><\/a><span style=\"font-family: Times New Roman, serif\"><span style=\"font-size: large\">\u00ab<i>Atrav\u00e9s do corpo dos pacientes do Doutor Brian Weiss submetidos a regress\u00e3o hipn\u00f3tica, n\u00e3o s\u00f3 se pode ascender ao passado de sua alma em busca de um acontecimento traum\u00e1tico, se n\u00e3o que tamb\u00e9m almas de diferentes s\u00e1bios ou mestres podem intervir para transmitir ao terapeuta explica\u00e7\u00f5es sobre a evolu\u00e7\u00e3o espiritual <\/i>(&#8230;)\u00bb.<br \/>\n<\/span><\/span><span style=\"font-family: Times New Roman, serif\"><span style=\"font-size: large\"><span lang=\"pt-PT\">Brian Weiss. <\/span><\/span><\/span><span style=\"font-family: Times New Roman, serif\"><span style=\"font-size: large\"><span lang=\"pt-PT\"><i>S\u00f3 o Amor \u00e9 Real. A hist\u00f3ria do reencontro de Almas G\u00eameas<\/i><\/span><\/span><\/span><span style=\"font-family: Times New Roman, serif\"><span style=\"font-size: large\"><span lang=\"pt-PT\">. Editora Pergaminho, 1999.<br \/>\n<\/span><\/span><\/span><span style=\"font-family: Times New Roman, serif\"><span style=\"font-size: large\"><b>Tradu\u00e7\u00e3o e revis\u00e3o: Simone de Souza.<\/b><\/span><\/span><\/p>","protected":false},"excerpt":{"rendered":"<p>Citas de los sabios del Doctor Brian Weiss en portugu\u00e9s. Os informamos que ya tenemos en la lengua de Jos\u00e9 Saramago la p\u00e1gina con el fragmento de texto del Doctor &hellip; <a href=\"https:\/\/animaweb.blog.pangea.org\/es\/2022\/11\/30\/cites-dels-savis-del-doctor-brian-weiss-en-portugues\/\" class=\"more-link\">Continuar leyendo<span class=\"screen-reader-text\"> \u00abCitas de los sabios del Doctor Brian Weiss en portugu\u00e9s.\u00bb<\/span><\/a><\/p>\n","protected":false},"author":12345698,"featured_media":0,"comment_status":"closed","ping_status":"open","sticky":false,"template":"","format":"standard","meta":{"ngg_post_thumbnail":0,"footnotes":""},"categories":[169539,119420,150019,150034,171185,171184,150018,149986],"tags":[],"class_list":["post-2164","post","type-post","status-publish","format-standard","hentry","category-cites-de-text","category-doctor-brian-weiss","category-fama","category-karma","category-karma-collectiu","category-oblit","category-perdo","category-traduccions-al-portugues"],"views":240,"_links":{"self":[{"href":"https:\/\/animaweb.blog.pangea.org\/es\/wp-json\/wp\/v2\/posts\/2164","targetHints":{"allow":["GET"]}}],"collection":[{"href":"https:\/\/animaweb.blog.pangea.org\/es\/wp-json\/wp\/v2\/posts"}],"about":[{"href":"https:\/\/animaweb.blog.pangea.org\/es\/wp-json\/wp\/v2\/types\/post"}],"author":[{"embeddable":true,"href":"https:\/\/animaweb.blog.pangea.org\/es\/wp-json\/wp\/v2\/users\/12345698"}],"replies":[{"embeddable":true,"href":"https:\/\/animaweb.blog.pangea.org\/es\/wp-json\/wp\/v2\/comments?post=2164"}],"version-history":[{"count":3,"href":"https:\/\/animaweb.blog.pangea.org\/es\/wp-json\/wp\/v2\/posts\/2164\/revisions"}],"predecessor-version":[{"id":2175,"href":"https:\/\/animaweb.blog.pangea.org\/es\/wp-json\/wp\/v2\/posts\/2164\/revisions\/2175"}],"wp:attachment":[{"href":"https:\/\/animaweb.blog.pangea.org\/es\/wp-json\/wp\/v2\/media?parent=2164"}],"wp:term":[{"taxonomy":"category","embeddable":true,"href":"https:\/\/animaweb.blog.pangea.org\/es\/wp-json\/wp\/v2\/categories?post=2164"},{"taxonomy":"post_tag","embeddable":true,"href":"https:\/\/animaweb.blog.pangea.org\/es\/wp-json\/wp\/v2\/tags?post=2164"}],"curies":[{"name":"wp","href":"https:\/\/api.w.org\/{rel}","templated":true}]}}