{"id":2135,"date":"2022-11-14T20:44:52","date_gmt":"2022-11-14T18:44:52","guid":{"rendered":"https:\/\/animaweb.cat\/?p=2135"},"modified":"2022-11-15T22:08:49","modified_gmt":"2022-11-15T20:08:49","slug":"primera-jornada-internacional-de-terapia-de-vides-passades-organitzada-per-laatvp-4-12-2022","status":"publish","type":"post","link":"https:\/\/animaweb.blog.pangea.org\/es\/2022\/11\/14\/primera-jornada-internacional-de-terapia-de-vides-passades-organitzada-per-laatvp-4-12-2022\/","title":{"rendered":"Primera Jornada Internacional de Terapia de Vidas Pasadas organizada por la AATVP. 4-12-2022."},"content":{"rendered":"<p class=\"western\" lang=\"es-ES\" align=\"center\"><span style=\"font-family: Times New Roman, serif\"><span style=\"font-size: x-large\"><b>Primera Jornada Internacional de Terapia de Vidas Pasadas organizada por la AATVP. 4-12-2022.<\/b><\/span><\/span><\/p>\n<p class=\"western\" lang=\"es-ES\" align=\"justify\"><span style=\"font-family: Times New Roman, serif\"><span style=\"font-size: large\">Domingo, 4 de diciembre de 2022.<\/span><\/span><\/p>\n<p class=\"western\" lang=\"es-ES\" align=\"justify\"><span style=\"font-family: Times New Roman, serif\"><span style=\"font-size: large\">Evento Online.<\/span><\/span><\/p>\n<p class=\"western\" lang=\"es-ES\" align=\"justify\"><span style=\"font-family: Times New Roman, serif\"><span style=\"font-size: large\">Abierto y gratuito por <b>Zoom.<\/b><\/span><\/span><\/p>\n<p class=\"western\" lang=\"es-ES\" align=\"justify\"><span style=\"font-family: Times New Roman, serif\"><span style=\"font-size: large\">Puedes inscribirte en este enlace:<\/span><\/span><\/p>\n<p class=\"western\" lang=\"es-ES\" align=\"justify\"><span style=\"font-family: Times New Roman, serif\"><span style=\"font-size: large\"><a href=\"https:\/\/forms.gle\/xoyoHXXUeyoBtMAA8\">https:\/\/forms.gle\/xoyoHXXUeyoBtMAA8<\/a><\/span><\/span><\/p>\n<p class=\"western\" lang=\"es-ES\" align=\"justify\"><span style=\"font-family: Times New Roman, serif\"><span style=\"font-size: large\">Informes:<\/span><\/span><\/p>\n<p class=\"western\" lang=\"es-ES\" align=\"justify\"><span style=\"font-family: Times New Roman, serif\"><span style=\"font-size: large\">(+54 9) 11 5060-2711<\/span><\/span><\/p>\n<p class=\"western\" lang=\"es-ES\" align=\"justify\"><span style=\"font-family: Times New Roman, serif\"><span style=\"font-size: large\">Evento organizado por la <b>Asociaci\u00f3n Argentina de Terapia de Vidas Pasadas (AATVP).<\/b><\/span><\/span><\/p>\n<p class=\"western\" lang=\"es-ES\" align=\"justify\"><span style=\"font-family: Times New Roman, serif\"><span style=\"font-size: large\"><a href=\"https:\/\/www.aatvp.com\/\">https:\/\/www.aatvp.com<\/a><\/span><\/span><\/p>\n<p class=\"western\" lang=\"es-ES\" align=\"justify\"><span style=\"font-family: Times New Roman, serif\"><span style=\"font-size: large\">info<img loading=\"lazy\" decoding=\"async\" class=\"alignnone size-full wp-image-1634\" src=\"https:\/\/animaweb.cat\/files\/2021\/11\/A_que_dansa.gif\" alt=\"A que dansa.\" width=\"25\" height=\"23\" \/>aatvp.com<\/span><\/span><\/p>\n<p class=\"western\" lang=\"es-ES\" align=\"justify\"><span style=\"font-family: Times New Roman, serif\"><span style=\"font-size: large\"><b>Doctor Jos\u00e9 Lu\u00eds Cabouli.<br \/>\n<\/b><\/span><\/span><span style=\"font-family: Times New Roman, serif\"><span style=\"font-size: large\">Argentina.<\/span><\/span><\/p>\n<p class=\"western\" lang=\"es-ES\" align=\"justify\"><span style=\"font-family: Times New Roman, serif\"><span style=\"font-size: large\"><b>Licenciada Claudia de Vincenzi.<br \/>\n<\/b><\/span><\/span><span style=\"font-family: Times New Roman, serif\"><span style=\"font-size: large\">Argentina.<\/span><\/span><\/p>\n<p class=\"western\" lang=\"es-ES\" align=\"justify\"><span style=\"font-family: Times New Roman, serif\"><span style=\"font-size: large\"><b>Licenciado Carlos Gonz\u00e1lez Delgado.<br \/>\n<\/b><\/span><\/span><span style=\"font-family: Times New Roman, serif\"><span style=\"font-size: large\">Espa\u00f1a.<\/span><\/span><\/p>\n<p class=\"western\" lang=\"es-ES\" align=\"justify\"><span style=\"font-family: Times New Roman, serif\"><span style=\"font-size: large\"><b>Licenciada Sarita Sammartino.<br \/>\n<\/b><\/span><\/span><span style=\"font-family: Times New Roman, serif\"><span style=\"font-size: large\">Argentina.<\/span><\/span><\/p>\n<p class=\"western\" lang=\"es-ES\" align=\"justify\"><span style=\"font-family: Times New Roman, serif\"><span style=\"font-size: large\"><b>Doctor Roberto Brito Atton.<br \/>\n<\/b><\/span><\/span><span style=\"font-family: Times New Roman, serif\"><span style=\"font-size: large\">Chile.<\/span><\/span><\/p>\n<p class=\"western\" lang=\"es-ES\" align=\"justify\"><span style=\"font-family: Times New Roman, serif\"><span style=\"font-size: large\">Primera Jornada Internacional de Terapia de Vidas Pasadas.<\/span><\/span><\/p>\n<p class=\"western\" lang=\"es-ES\" align=\"justify\"><span style=\"font-family: Times New Roman, serif\"><span style=\"font-size: large\">Programa:<\/span><\/span><\/p>\n<p class=\"western\" lang=\"es-ES\" align=\"justify\"><span style=\"font-family: Times New Roman, serif\"><span style=\"font-size: large\">Catalu\u00f1a, Espa\u00f1a: 19h15&#8242;. Argentina, Chile: 15h15&#8242;. <b>Licenciada Claudia de Vincenzi.<\/b> Argentina. \u00ab<i>Atrapamiento del alma y vida intrauterina<\/i>\u00bb.<\/span><\/span><\/p>\n<p class=\"western\" lang=\"es-ES\" align=\"justify\"><span style=\"font-family: Times New Roman, serif\"><span style=\"font-size: large\">Catalu\u00f1a, Espa\u00f1a: 20h00&#8242;. Argentina, Chile: 16h00&#8242;. <b>Licenciada Sarita Sammartino.<\/b> Argentina. \u00ab<i>Amores que vienen de vidas pasadas<\/i>\u00bb.<\/span><\/span><\/p>\n<p class=\"western\" lang=\"es-ES\" align=\"justify\"><span style=\"font-family: Times New Roman, serif\"><span style=\"font-size: large\">Catalu\u00f1a, Espa\u00f1a: 20h45&#8242;. Argentina, Chile: 16h45&#8242;. Recreo.<\/span><\/span><\/p>\n<p class=\"western\" lang=\"es-ES\" align=\"justify\"><span style=\"font-family: Times New Roman, serif\"><span style=\"font-size: large\">Catalu\u00f1a, Espa\u00f1a: 21h00&#8242;. Argentina, Chile: 17h00&#8242;. <b>Doctor Roberto Brito Atton.<\/b> Chile. \u00ab<i>Terapia de Vidas Pasadas (TVP), mundo cu\u00e1ntico y alma<\/i>\u00bb.<\/span><\/span><\/p>\n<p class=\"western\" lang=\"es-ES\" align=\"justify\"><span style=\"font-family: Times New Roman, serif\"><span style=\"font-size: large\">Catalu\u00f1a, Espa\u00f1a: 21h45&#8242;. Argentina, Chile: 17h45&#8242;. <b>Licenciado Carlos Gonz\u00e1lez Delgado.<\/b> Espa\u00f1a. \u00ab<i>Almas perdidas y suicidio<\/i>\u00bb.<\/span><\/span><\/p>\n<p class=\"western\" lang=\"es-ES\" align=\"justify\"><span style=\"font-family: Times New Roman, serif\"><span style=\"font-size: large\">Catalu\u00f1a, Espa\u00f1a: 22h30&#8242;. Argentina, Chile: 18h30&#8242;. <b>Doctor Jos\u00e9 Lu\u00eds Cabouli.<\/b> Argentina. \u00ab<i>35 a\u00f1os con la Terapia de Vidas Pasadas (TVP)<\/i>\u00bb.<\/span><\/span><\/p>\n<p class=\"western\" lang=\"es-ES\" align=\"justify\"><span style=\"font-family: Times New Roman, serif\"><span style=\"font-size: large\">Catalu\u00f1a, Espa\u00f1a: 23h30&#8242;. Argentina, Chile: 19h15&#8242;. Cierre.<\/span><\/span><\/p>\n<p class=\"western\" lang=\"es-ES\" align=\"justify\"><span style=\"font-family: Times New Roman, serif\"><span style=\"font-size: large\">AATVP.<\/span><\/span><\/p>\n<p class=\"western\" lang=\"es-ES\" align=\"justify\"><span style=\"font-family: Times New Roman, serif\"><span style=\"font-size: large\">Informes:<\/span><\/span><\/p>\n<p class=\"western\" lang=\"es-ES\" align=\"justify\"><span style=\"font-family: Times New Roman, serif\"><span style=\"font-size: large\">(+54 9) 11 5060-2711.<\/span><\/span><\/p>\n<p lang=\"es-ES\" style=\"text-align: center\" align=\"justify\"><img loading=\"lazy\" decoding=\"async\" class=\"aligncenter wp-image-2136 size-large\" title=\"Primera Jornada Internacional de Terapia de Vidas Pasadas organizada por la AATVP. 4-12-2022. 1.\" src=\"https:\/\/animaweb.cat\/files\/2022\/11\/2022-12-04_Primera_Jornada_Internacional_de_Terapia_de_Vidas_Pasadas_1_72ppp_1280x1280px-1024x1024.png\" alt=\"Primera Jornada Internacional de Terapia de Vidas Pasadas organizada por la AATVP. 4-12-2022. 1.\" width=\"840\" height=\"840\" srcset=\"https:\/\/animaweb.blog.pangea.org\/files\/2022\/11\/2022-12-04_Primera_Jornada_Internacional_de_Terapia_de_Vidas_Pasadas_1_72ppp_1280x1280px-1024x1024.png 1024w, https:\/\/animaweb.blog.pangea.org\/files\/2022\/11\/2022-12-04_Primera_Jornada_Internacional_de_Terapia_de_Vidas_Pasadas_1_72ppp_1280x1280px-300x300.png 300w, https:\/\/animaweb.blog.pangea.org\/files\/2022\/11\/2022-12-04_Primera_Jornada_Internacional_de_Terapia_de_Vidas_Pasadas_1_72ppp_1280x1280px-150x150.png 150w, https:\/\/animaweb.blog.pangea.org\/files\/2022\/11\/2022-12-04_Primera_Jornada_Internacional_de_Terapia_de_Vidas_Pasadas_1_72ppp_1280x1280px-768x768.png 768w, https:\/\/animaweb.blog.pangea.org\/files\/2022\/11\/2022-12-04_Primera_Jornada_Internacional_de_Terapia_de_Vidas_Pasadas_1_72ppp_1280x1280px-1200x1200.png 1200w, https:\/\/animaweb.blog.pangea.org\/files\/2022\/11\/2022-12-04_Primera_Jornada_Internacional_de_Terapia_de_Vidas_Pasadas_1_72ppp_1280x1280px.png 1280w\" sizes=\"auto, (max-width: 709px) 85vw, (max-width: 909px) 67vw, (max-width: 1362px) 62vw, 840px\" \/><\/p>\n<p lang=\"es-ES\" style=\"text-align: center\" align=\"justify\"><img loading=\"lazy\" decoding=\"async\" class=\"aligncenter wp-image-2137 size-large\" title=\"Primera Jornada Internacional de Terapia de Vidas Pasadas organizada por la AATVP. 4-12-2022. 2.\" src=\"https:\/\/animaweb.cat\/files\/2022\/11\/2022-12-04_Primera_Jornada_Internacional_de_Terapia_de_Vidas_Pasadas_2_72ppp_1280x1280px-1024x1024.png\" alt=\"Primera Jornada Internacional de Terapia de Vidas Pasadas organizada por la AATVP. 4-12-2022. 2.\" width=\"840\" height=\"840\" srcset=\"https:\/\/animaweb.blog.pangea.org\/files\/2022\/11\/2022-12-04_Primera_Jornada_Internacional_de_Terapia_de_Vidas_Pasadas_2_72ppp_1280x1280px-1024x1024.png 1024w, https:\/\/animaweb.blog.pangea.org\/files\/2022\/11\/2022-12-04_Primera_Jornada_Internacional_de_Terapia_de_Vidas_Pasadas_2_72ppp_1280x1280px-300x300.png 300w, https:\/\/animaweb.blog.pangea.org\/files\/2022\/11\/2022-12-04_Primera_Jornada_Internacional_de_Terapia_de_Vidas_Pasadas_2_72ppp_1280x1280px-150x150.png 150w, https:\/\/animaweb.blog.pangea.org\/files\/2022\/11\/2022-12-04_Primera_Jornada_Internacional_de_Terapia_de_Vidas_Pasadas_2_72ppp_1280x1280px-768x768.png 768w, https:\/\/animaweb.blog.pangea.org\/files\/2022\/11\/2022-12-04_Primera_Jornada_Internacional_de_Terapia_de_Vidas_Pasadas_2_72ppp_1280x1280px-1200x1200.png 1200w, https:\/\/animaweb.blog.pangea.org\/files\/2022\/11\/2022-12-04_Primera_Jornada_Internacional_de_Terapia_de_Vidas_Pasadas_2_72ppp_1280x1280px.png 1280w\" sizes=\"auto, (max-width: 709px) 85vw, (max-width: 909px) 67vw, (max-width: 1362px) 62vw, 840px\" \/><\/p>","protected":false},"excerpt":{"rendered":"<p>Primera Jornada Internacional de Terapia de Vidas Pasadas organizada por la AATVP. 4-12-2022. Domingo, 4 de diciembre de 2022. Evento Online. Abierto y gratuito por Zoom. Puedes inscribirte en este &hellip; <a href=\"https:\/\/animaweb.blog.pangea.org\/es\/2022\/11\/14\/primera-jornada-internacional-de-terapia-de-vides-passades-organitzada-per-laatvp-4-12-2022\/\" class=\"more-link\">Continuar leyendo<span class=\"screen-reader-text\"> \u00abPrimera Jornada Internacional de Terapia de Vidas Pasadas organizada por la AATVP. 4-12-2022.\u00bb<\/span><\/a><\/p>\n","protected":false},"author":12345698,"featured_media":0,"comment_status":"closed","ping_status":"open","sticky":false,"template":"","format":"standard","meta":{"ngg_post_thumbnail":0,"footnotes":""},"categories":[171173,39147,171170,150047,81594,119692,171150,21989,171175,119874,171171,171172,169200,171174,150011,150049],"tags":[],"class_list":["post-2135","post","type-post","status-publish","format-standard","hentry","category-animes-bessones","category-argentina","category-associacio-argentina-de-terapia-de-vides-passades-aatvp","category-atrapaments-de-lanima","category-chile","category-doctor-jose-luis-cabouli","category-doctor-roberto-brito","category-espanya","category-historia-de-la-terapia-de-vides-passades-temes","category-jornades-de-treball","category-llicenciada-claudia-de-vincenzi","category-llicenciada-sarita-sammartino","category-llicenciat-carlos-gonzalez-delgado","category-mon-quantic","category-suicidi","category-terapia-regressiva"],"views":317,"_links":{"self":[{"href":"https:\/\/animaweb.blog.pangea.org\/es\/wp-json\/wp\/v2\/posts\/2135","targetHints":{"allow":["GET"]}}],"collection":[{"href":"https:\/\/animaweb.blog.pangea.org\/es\/wp-json\/wp\/v2\/posts"}],"about":[{"href":"https:\/\/animaweb.blog.pangea.org\/es\/wp-json\/wp\/v2\/types\/post"}],"author":[{"embeddable":true,"href":"https:\/\/animaweb.blog.pangea.org\/es\/wp-json\/wp\/v2\/users\/12345698"}],"replies":[{"embeddable":true,"href":"https:\/\/animaweb.blog.pangea.org\/es\/wp-json\/wp\/v2\/comments?post=2135"}],"version-history":[{"count":7,"href":"https:\/\/animaweb.blog.pangea.org\/es\/wp-json\/wp\/v2\/posts\/2135\/revisions"}],"predecessor-version":[{"id":2144,"href":"https:\/\/animaweb.blog.pangea.org\/es\/wp-json\/wp\/v2\/posts\/2135\/revisions\/2144"}],"wp:attachment":[{"href":"https:\/\/animaweb.blog.pangea.org\/es\/wp-json\/wp\/v2\/media?parent=2135"}],"wp:term":[{"taxonomy":"category","embeddable":true,"href":"https:\/\/animaweb.blog.pangea.org\/es\/wp-json\/wp\/v2\/categories?post=2135"},{"taxonomy":"post_tag","embeddable":true,"href":"https:\/\/animaweb.blog.pangea.org\/es\/wp-json\/wp\/v2\/tags?post=2135"}],"curies":[{"name":"wp","href":"https:\/\/api.w.org\/{rel}","templated":true}]}}