{"id":2114,"date":"2022-10-26T18:13:04","date_gmt":"2022-10-26T16:13:04","guid":{"rendered":"https:\/\/animaweb.cat\/?p=2114"},"modified":"2022-11-07T21:58:35","modified_gmt":"2022-11-07T19:58:35","slug":"el-testimoni-develyn-en-romanes","status":"publish","type":"post","link":"https:\/\/animaweb.blog.pangea.org\/es\/2022\/10\/26\/el-testimoni-develyn-en-romanes\/","title":{"rendered":"El Testimonio de Evelyn en rumano."},"content":{"rendered":"<p class=\"western\" lang=\"es-ES\" align=\"center\"><span style=\"font-family: Times New Roman, serif\"><span style=\"font-size: x-large\"><b>El Testi<\/b><\/span><\/span><span style=\"color: #000000\"><span style=\"font-family: Times New Roman, serif\"><span style=\"font-size: x-large\"><b>monio<\/b><\/span><\/span><\/span><span style=\"font-family: Times New Roman, serif\"><span style=\"font-size: x-large\"><b> de Evelyn en rumano.<\/b><\/span><\/span><\/p>\n<p class=\"western\" lang=\"es-ES\" align=\"justify\"><span style=\"font-family: Times New Roman, serif\"><span style=\"font-size: large\"><img loading=\"lazy\" decoding=\"async\" class=\"alignleft wp-image-1776 size-full\" title=\"Bandera rumana animada.\" src=\"https:\/\/animaweb.cat\/files\/2022\/04\/Bandera_romanesa_animada.gif\" alt=\"Bandera rumana animada.\" width=\"68\" height=\"50\" \/>Los lectores de la lengua rumana ya tienen a su disposici\u00f3n, en su lengua <\/span><\/span><span style=\"color: #000000\"><span style=\"font-family: Times New Roman, serif\"><span style=\"font-size: large\">vern\u00e1cula<\/span><\/span><\/span><span style=\"font-family: Times New Roman, serif\"><span style=\"font-size: large\">, la p\u00e1gina con el <\/span><\/span><span style=\"font-family: Times New Roman, serif\"><span style=\"font-size: large\"><i>Testi<\/i><\/span><\/span><span style=\"color: #000000\"><span style=\"font-family: Times New Roman, serif\"><span style=\"font-size: large\"><i>m<\/i><\/span><\/span><\/span><span style=\"font-family: Times New Roman, serif\"><span style=\"font-size: large\"><i>onio de Evelyn<\/i><\/span><\/span><span style=\"font-family: Times New Roman, serif\"><span style=\"font-size: large\"> del Doctor Brian Weiss. Este es un caso dedicado a ense\u00f1arnos el respeto hacia aquellos seres de los colectivos a los cuales no pertenecemos.<\/span><\/span><\/p>\n<p class=\"western\" lang=\"es-ES\" align=\"justify\"><span style=\"font-family: Times New Roman, serif\"><span style=\"font-size: large\">Deseamos que la traducci\u00f3n a varios idiomas de las p\u00e1ginas de nuestro web sea un incentivo para la traducci\u00f3n de los diferentes libros de terapeutas como este. Agradecemos la buena labor de traducci\u00f3n de este caso llevada a cabo por Govor Marian Cosmin.<\/span><\/span><\/p>\n<p class=\"western\" lang=\"es-ES\" align=\"right\"><span style=\"font-family: Times New Roman, serif\"><span style=\"font-size: large\">Equipo del web \u00ab<\/span><\/span><span style=\"font-family: Times New Roman, serif\"><span style=\"font-size: large\"><i>En cuerpo y alma<\/i><\/span><\/span><span style=\"font-family: Times New Roman, serif\"><span style=\"font-size: large\">\u00bb.<br \/>\n<\/span><\/span><span style=\"font-family: Times New Roman, serif\"><span style=\"font-size: large\">Mi\u00e9rcoles, 26 de octubre del 2022.<\/span><\/span><\/p>\n<p class=\"western\" lang=\"es-ES\"><span style=\"font-family: Times New Roman, serif\"><span style=\"font-size: large\">Enlace de la p\u00e1gina del caso traducido al rumano:<\/span><\/span><\/p>\n<p class=\"western\" align=\"justify\"><a href=\"\/ro\/respectar-els-individus-de-les-altres-condicions-el-testimoni-develyn\/\"><span style=\"font-family: Times New Roman, serif\"><span style=\"font-size: x-large\"><span lang=\"ro-RO\"><b>Respecta\u021bi persoanele fizice de alte condi\u021bii. M\u0103rturia lui Evelyn <\/b><\/span><span lang=\"ro-RO\"><b>(Respetar los individuos de las otras condiciones. El testimonio de Evelyn)<\/b><\/span><span lang=\"ro-RO\"><b>.<br \/>\n<\/b><\/span><\/span><\/span><\/a><span style=\"font-family: Times New Roman, serif\"><span style=\"font-size: large\"><i>Acest caz al dr. Brian Weiss apar\u021bine unui pacient care aici ia numele de Evelyn, unde evident \u00ee\u0219i ar\u0103ta nevoia de a \u00eenv\u0103\u021ba s\u0103 respecte persoanele care apar\u021bin unui colectiv str\u0103in.<br \/>\n<\/i><\/span><\/span><span style=\"font-family: Times New Roman, serif\"><span style=\"font-size: large\"><span lang=\"ro-RO\">Doctorul Brian Weiss. <\/span><\/span><\/span><span style=\"font-family: Times New Roman, serif\"><span style=\"font-size: large\"><span lang=\"ro-RO\"><i>Same Soul, Many Bodies<\/i><\/span><\/span><\/span><span style=\"font-family: Times New Roman, serif\"><span style=\"font-size: large\"><span lang=\"ro-RO\"> (<\/span><\/span><\/span><span style=\"font-family: Times New Roman, serif\"><span style=\"font-size: large\"><span lang=\"ro-RO\"><i>Multe trupuri, acela\u0219i suflet)<\/i><\/span><\/span><\/span><span style=\"font-family: Times New Roman, serif\"><span style=\"font-size: large\"><span lang=\"ro-RO\">.<br \/>\n<\/span><\/span><\/span><span style=\"font-family: Times New Roman, serif\"><span style=\"font-size: large\"><b>Traducere: Govor Marian Cosmin.<\/b><\/span><\/span><\/p>","protected":false},"excerpt":{"rendered":"<p>El Testimonio de Evelyn en rumano. Los lectores de la lengua rumana ya tienen a su disposici\u00f3n, en su lengua vern\u00e1cula, la p\u00e1gina con el Testimonio de Evelyn del Doctor &hellip; <a href=\"https:\/\/animaweb.blog.pangea.org\/es\/2022\/10\/26\/el-testimoni-develyn-en-romanes\/\" class=\"more-link\">Continuar leyendo<span class=\"screen-reader-text\"> \u00abEl Testimonio de Evelyn en rumano.\u00bb<\/span><\/a><\/p>\n","protected":false},"author":12345698,"featured_media":0,"comment_status":"closed","ping_status":"open","sticky":false,"template":"","format":"standard","meta":{"ngg_post_thumbnail":0,"footnotes":""},"categories":[119420,169505,150063,150049,169496],"tags":[],"class_list":["post-2114","post","type-post","status-publish","format-standard","hentry","category-doctor-brian-weiss","category-progressio","category-reencarnacio","category-terapia-regressiva","category-traduccions-al-romanes"],"views":238,"_links":{"self":[{"href":"https:\/\/animaweb.blog.pangea.org\/es\/wp-json\/wp\/v2\/posts\/2114","targetHints":{"allow":["GET"]}}],"collection":[{"href":"https:\/\/animaweb.blog.pangea.org\/es\/wp-json\/wp\/v2\/posts"}],"about":[{"href":"https:\/\/animaweb.blog.pangea.org\/es\/wp-json\/wp\/v2\/types\/post"}],"author":[{"embeddable":true,"href":"https:\/\/animaweb.blog.pangea.org\/es\/wp-json\/wp\/v2\/users\/12345698"}],"replies":[{"embeddable":true,"href":"https:\/\/animaweb.blog.pangea.org\/es\/wp-json\/wp\/v2\/comments?post=2114"}],"version-history":[{"count":5,"href":"https:\/\/animaweb.blog.pangea.org\/es\/wp-json\/wp\/v2\/posts\/2114\/revisions"}],"predecessor-version":[{"id":2133,"href":"https:\/\/animaweb.blog.pangea.org\/es\/wp-json\/wp\/v2\/posts\/2114\/revisions\/2133"}],"wp:attachment":[{"href":"https:\/\/animaweb.blog.pangea.org\/es\/wp-json\/wp\/v2\/media?parent=2114"}],"wp:term":[{"taxonomy":"category","embeddable":true,"href":"https:\/\/animaweb.blog.pangea.org\/es\/wp-json\/wp\/v2\/categories?post=2114"},{"taxonomy":"post_tag","embeddable":true,"href":"https:\/\/animaweb.blog.pangea.org\/es\/wp-json\/wp\/v2\/tags?post=2114"}],"curies":[{"name":"wp","href":"https:\/\/api.w.org\/{rel}","templated":true}]}}