{"id":2093,"date":"2022-10-16T07:59:18","date_gmt":"2022-10-16T05:59:18","guid":{"rendered":"https:\/\/animaweb.cat\/?p=2093"},"modified":"2022-10-16T08:07:35","modified_gmt":"2022-10-16T06:07:35","slug":"formacio-en-terapia-regressiva-octubre-2022-juny-2023","status":"publish","type":"post","link":"https:\/\/animaweb.blog.pangea.org\/es\/2022\/10\/16\/formacio-en-terapia-regressiva-octubre-2022-juny-2023\/","title":{"rendered":"Formaci\u00f3n en terapia regresiva. Octubre 2022 &#8211; Junio 2023."},"content":{"rendered":"<p class=\"western\" lang=\"es-ES\" align=\"center\"><span style=\"font-size: x-large\"><b><span style=\"font-family: Times New Roman, serif\">Formaci\u00f3n en terapia regresiva. Octubre 2022 &#8211; <\/span><span style=\"color: #000000\"><span style=\"font-family: Times New Roman, serif\">J<\/span><\/span><span style=\"font-family: Times New Roman, serif\">unio 2023.<\/span><\/b><\/span><\/p>\n<p class=\"western\" lang=\"es-ES\"><span style=\"font-family: Times New Roman, serif\"><span style=\"font-size: large\">Varias modalidades:<\/span><\/span><\/p>\n<ul>\n<li>\n<p class=\"western\" lang=\"es-ES\"><span style=\"font-family: Times New Roman, serif\"><span style=\"font-size: large\">Presencial.<\/span><\/span><\/p>\n<\/li>\n<li>\n<p class=\"western\" lang=\"es-ES\"><span style=\"font-family: Times New Roman, serif\"><span style=\"font-size: large\">On-line grupal o individual.<\/span><\/span><\/p>\n<\/li>\n<li>\n<p class=\"western\" lang=\"es-ES\"><span style=\"font-family: Times New Roman, serif\"><span style=\"font-size: large\">Presencial y online combinadas.<\/span><\/span><\/p>\n<\/li>\n<\/ul>\n<p class=\"western\" lang=\"es-ES\"><span style=\"font-family: Times New Roman, serif\"><span style=\"font-size: large\">Psic\u00f3logo Carlos Gonz\u00e1lez Delgado. Colegiado A011251<\/span><\/span><\/p>\n<p class=\"western\" lang=\"es-ES\"><span style=\"font-family: Times New Roman, serif\"><span style=\"font-size: large\">Informaci\u00f3n y reservas:<\/span><\/span><\/p>\n<p class=\"western\" lang=\"es-ES\"><span style=\"font-family: Times New Roman, serif\"><span style=\"font-size: large\">+34 616 468 958<\/span><\/span><\/p>\n<p class=\"western\" lang=\"es-ES\"><span style=\"font-family: Times New Roman, serif\"><span style=\"font-size: large\">Centro ATMA de C\u00e1rtama.<br \/>\n<\/span><\/span><span style=\"font-family: Times New Roman, serif\"><span style=\"font-size: large\">Diseminado Los Espartales,<br \/>\n<\/span><\/span><span style=\"font-family: Times New Roman, serif\"><span style=\"font-size: large\">Parcela 62.<br \/>\n<\/span><\/span><span style=\"font-family: Times New Roman, serif\"><span style=\"font-size: large\">29570 C\u00e1rtama<br \/>\n<\/span><\/span><span style=\"font-family: Times New Roman, serif\"><span style=\"font-size: large\">(M\u00e1laga)<\/span><\/span><\/p>\n<p class=\"western\"><span style=\"font-family: Times New Roman, serif\"><span style=\"font-size: large\"><span lang=\"es-ES\">centro.atma.cartama<img loading=\"lazy\" decoding=\"async\" class=\"alignnone size-full wp-image-1634\" src=\"https:\/\/animaweb.cat\/files\/2021\/11\/A_que_dansa.gif\" alt=\"A que dansa.\" width=\"25\" height=\"23\" \/>gmail.com<\/span><\/span><\/span><\/p>\n<p class=\"western\"><span style=\"font-family: Times New Roman, serif\"><span style=\"font-size: large\"><a href=\"https:\/\/terapiaregresiva.net\/\"><span lang=\"es-ES\">https:\/\/terapiaregresiva.net\/<\/span><\/a><\/span><\/span><\/p>\n<p class=\"western\" lang=\"es-ES\"><span style=\"font-family: Times New Roman, serif\"><span style=\"font-size: large\">Los encuentros previstos son:<\/span><\/span><\/p>\n<ul>\n<li>\n<p class=\"western\" lang=\"es-ES\"><span style=\"font-family: Times New Roman, serif\"><span style=\"font-size: large\">Seminario 1 = 22-23 de Octubre de 2022.<\/span><\/span><\/p>\n<\/li>\n<li>\n<p class=\"western\" lang=\"es-ES\"><span style=\"font-family: Times New Roman, serif\"><span style=\"font-size: large\">Seminario 2 = 19-20 de Noviembre de 2022.<\/span><\/span><\/p>\n<\/li>\n<li>\n<p class=\"western\" lang=\"es-ES\"><span style=\"font-family: Times New Roman, serif\"><span style=\"font-size: large\">Seminario 3 = 17-18 de Diciembre de 2022.<\/span><\/span><\/p>\n<\/li>\n<li>\n<p class=\"western\" lang=\"es-ES\"><span style=\"font-family: Times New Roman, serif\"><span style=\"font-size: large\">Seminario 4 = 14-15 de Enero de 2023.<\/span><\/span><\/p>\n<\/li>\n<li>\n<p class=\"western\" lang=\"es-ES\"><span style=\"font-family: Times New Roman, serif\"><span style=\"font-size: large\">Seminario 5 = 18-19 de Febrero de 2023.<\/span><\/span><\/p>\n<\/li>\n<li>\n<p class=\"western\" lang=\"es-ES\"><span style=\"font-family: Times New Roman, serif\"><span style=\"font-size: large\">Seminario 6 = 11-12 de Marzo de 2023.<\/span><\/span><\/p>\n<\/li>\n<li>\n<p class=\"western\" lang=\"es-ES\"><span style=\"font-family: Times New Roman, serif\"><span style=\"font-size: large\">Seminario 7 = 15-16 de Abril de 2023.<\/span><\/span><\/p>\n<\/li>\n<li>\n<p class=\"western\" lang=\"es-ES\"><span style=\"font-family: Times New Roman, serif\"><span style=\"font-size: large\">Seminario 8 = 6-7 de Mayo de 2023.<\/span><\/span><\/p>\n<\/li>\n<li>\n<p class=\"western\" lang=\"es-ES\"><span style=\"font-family: Times New Roman, serif\"><span style=\"font-size: large\">Seminario 9 = 19-20-21 de Mayo de 2023. (Intensivo con el Doctor Jos\u00e9 Luis Cabouli).<\/span><\/span><\/p>\n<\/li>\n<li>\n<p class=\"western\" lang=\"es-ES\"><span style=\"font-family: Times New Roman, serif\"><span style=\"font-size: large\">Seminario 10 = 24-25 de Junio de 2023.<\/span><\/span><\/p>\n<\/li>\n<\/ul>\n<p style=\"text-align: center\"><img loading=\"lazy\" decoding=\"async\" class=\"aligncenter wp-image-2095 size-full\" title=\"Formaci\u00f3n en terapia regresiva. Octubre 2022 - Junio 2023. 1.\" src=\"https:\/\/animaweb.cat\/files\/2022\/10\/2022-10_2023-06_Formacion_en_Terapia_Regresiva_1_72ppp_800x1100px.png\" alt=\"Formaci\u00f3n en terapia regresiva. Octubre 2022 - Junio 2023. 1.\" width=\"800\" height=\"1100\" srcset=\"https:\/\/animaweb.blog.pangea.org\/files\/2022\/10\/2022-10_2023-06_Formacion_en_Terapia_Regresiva_1_72ppp_800x1100px.png 800w, https:\/\/animaweb.blog.pangea.org\/files\/2022\/10\/2022-10_2023-06_Formacion_en_Terapia_Regresiva_1_72ppp_800x1100px-218x300.png 218w, https:\/\/animaweb.blog.pangea.org\/files\/2022\/10\/2022-10_2023-06_Formacion_en_Terapia_Regresiva_1_72ppp_800x1100px-745x1024.png 745w, https:\/\/animaweb.blog.pangea.org\/files\/2022\/10\/2022-10_2023-06_Formacion_en_Terapia_Regresiva_1_72ppp_800x1100px-768x1056.png 768w\" sizes=\"auto, (max-width: 709px) 85vw, (max-width: 909px) 67vw, (max-width: 984px) 61vw, (max-width: 1362px) 45vw, 600px\" \/><\/p>\n<p style=\"text-align: center\"><img loading=\"lazy\" decoding=\"async\" class=\"aligncenter wp-image-2096 size-full\" title=\"Formaci\u00f3n en terapia regresiva. Octubre 2022 - Junio 2023. 2.\" src=\"https:\/\/animaweb.cat\/files\/2022\/10\/2022-10_2023-06_Formacion_en_Terapia_Regresiva_2_72ppp_800x1100px.png\" alt=\"Formaci\u00f3n en terapia regresiva. Octubre 2022 - Junio 2023. 2.\" width=\"800\" height=\"1100\" srcset=\"https:\/\/animaweb.blog.pangea.org\/files\/2022\/10\/2022-10_2023-06_Formacion_en_Terapia_Regresiva_2_72ppp_800x1100px.png 800w, https:\/\/animaweb.blog.pangea.org\/files\/2022\/10\/2022-10_2023-06_Formacion_en_Terapia_Regresiva_2_72ppp_800x1100px-218x300.png 218w, https:\/\/animaweb.blog.pangea.org\/files\/2022\/10\/2022-10_2023-06_Formacion_en_Terapia_Regresiva_2_72ppp_800x1100px-745x1024.png 745w, https:\/\/animaweb.blog.pangea.org\/files\/2022\/10\/2022-10_2023-06_Formacion_en_Terapia_Regresiva_2_72ppp_800x1100px-768x1056.png 768w\" sizes=\"auto, (max-width: 709px) 85vw, (max-width: 909px) 67vw, (max-width: 984px) 61vw, (max-width: 1362px) 45vw, 600px\" \/><\/p>","protected":false},"excerpt":{"rendered":"<p>Formaci\u00f3n en terapia regresiva. Octubre 2022 &#8211; Junio 2023. Varias modalidades: Presencial. On-line grupal o individual. Presencial y online combinadas. Psic\u00f3logo Carlos Gonz\u00e1lez Delgado. Colegiado A011251 Informaci\u00f3n y reservas: +34 &hellip; <a href=\"https:\/\/animaweb.blog.pangea.org\/es\/2022\/10\/16\/formacio-en-terapia-regressiva-octubre-2022-juny-2023\/\" class=\"more-link\">Continuar leyendo<span class=\"screen-reader-text\"> \u00abFormaci\u00f3n en terapia regresiva. Octubre 2022 &#8211; Junio 2023.\u00bb<\/span><\/a><\/p>\n","protected":false},"author":12345698,"featured_media":0,"comment_status":"closed","ping_status":"open","sticky":false,"template":"","format":"standard","meta":{"ngg_post_thumbnail":0,"footnotes":""},"categories":[169478,169465,16326,169200,139229,150049],"tags":[],"class_list":["post-2093","post","type-post","status-publish","format-standard","hentry","category-centre-atma-malaga","category-cursos-de-formacio-en-terapia-de-vides-passades-tvp","category-formacio","category-llicenciat-carlos-gonzalez-delgado","category-malaga","category-terapia-regressiva"],"views":482,"_links":{"self":[{"href":"https:\/\/animaweb.blog.pangea.org\/es\/wp-json\/wp\/v2\/posts\/2093","targetHints":{"allow":["GET"]}}],"collection":[{"href":"https:\/\/animaweb.blog.pangea.org\/es\/wp-json\/wp\/v2\/posts"}],"about":[{"href":"https:\/\/animaweb.blog.pangea.org\/es\/wp-json\/wp\/v2\/types\/post"}],"author":[{"embeddable":true,"href":"https:\/\/animaweb.blog.pangea.org\/es\/wp-json\/wp\/v2\/users\/12345698"}],"replies":[{"embeddable":true,"href":"https:\/\/animaweb.blog.pangea.org\/es\/wp-json\/wp\/v2\/comments?post=2093"}],"version-history":[{"count":2,"href":"https:\/\/animaweb.blog.pangea.org\/es\/wp-json\/wp\/v2\/posts\/2093\/revisions"}],"predecessor-version":[{"id":2097,"href":"https:\/\/animaweb.blog.pangea.org\/es\/wp-json\/wp\/v2\/posts\/2093\/revisions\/2097"}],"wp:attachment":[{"href":"https:\/\/animaweb.blog.pangea.org\/es\/wp-json\/wp\/v2\/media?parent=2093"}],"wp:term":[{"taxonomy":"category","embeddable":true,"href":"https:\/\/animaweb.blog.pangea.org\/es\/wp-json\/wp\/v2\/categories?post=2093"},{"taxonomy":"post_tag","embeddable":true,"href":"https:\/\/animaweb.blog.pangea.org\/es\/wp-json\/wp\/v2\/tags?post=2093"}],"curies":[{"name":"wp","href":"https:\/\/api.w.org\/{rel}","templated":true}]}}