{"id":2067,"date":"2022-10-02T14:33:18","date_gmt":"2022-10-02T12:33:18","guid":{"rendered":"https:\/\/animaweb.cat\/?p=2067"},"modified":"2022-10-03T21:02:45","modified_gmt":"2022-10-03T19:02:45","slug":"el-credit-cosmic-del-doctor-jose-luis-cabouli-video-subtitulat-en-angles-frances-i-italia","status":"publish","type":"post","link":"https:\/\/animaweb.blog.pangea.org\/es\/2022\/10\/02\/el-credit-cosmic-del-doctor-jose-luis-cabouli-video-subtitulat-en-angles-frances-i-italia\/","title":{"rendered":"El cr\u00e9dito c\u00f3smico del Doctor Jos\u00e9 Luis Cabouli. Video subtitulado en ingl\u00e9s, franc\u00e9s e italiano."},"content":{"rendered":"<p class=\"western\" align=\"center\"><span style=\"font-family: Times New Roman, serif\"><span style=\"font-size: x-large\"><b>El cr\u00e9dito c\u00f3smico del Doctor Jos\u00e9 Luis Cabouli. Video subtitulado en ingl\u00e9s, franc\u00e9s e italiano.<\/b><\/span><\/span><\/p>\n<p class=\"western\" align=\"justify\"><span style=\"font-family: Times New Roman, serif\"><span style=\"font-size: large\"><img loading=\"lazy\" decoding=\"async\" class=\"alignleft wp-image-2068 size-full\" title=\"\u00abEl cr\u00e9dito c\u00f3smico\u00bb por el Doctor Jos\u00e9 Lu\u00eds Cabouli.\" src=\"https:\/\/animaweb.cat\/files\/2022\/10\/Doctor_Jose_Luis_Cabouli_El_credito_cosmico_castellano_subtitulado_castellano_primer_fotograma_72ppp_200x113px_1.png\" alt=\"\u00abEl cr\u00e9dito c\u00f3smico\u00bb por el Doctor Jos\u00e9 Lu\u00eds Cabouli.\" width=\"200\" height=\"113\" \/>Disponemos, dentro de los respectivos apartados \u00ab<\/span><\/span><span style=\"font-family: Times New Roman, serif\"><span style=\"font-size: large\"><i>Multimedia<\/i><\/span><\/span><span style=\"font-family: Times New Roman, serif\"><span style=\"font-size: large\">\u00bb, del video corto explicativo titulado \u00ab<\/span><\/span><span style=\"font-family: Times New Roman, serif\"><span style=\"font-size: large\"><i>El cr\u00e9dito c\u00f3smico<\/i><\/span><\/span><span style=\"font-family: Times New Roman, serif\"><span style=\"font-size: large\">\u00bb en las versiones subtituladas en ingl\u00e9s, franc\u00e9s e italiano. Recordamos que este video corto es un fragmento de la conferencia titulada \u00ab<\/span><\/span><span style=\"font-family: Times New Roman, serif\"><span style=\"font-size: large\"><i>La vida antes de nacer<\/i><\/span><\/span><span style=\"font-family: Times New Roman, serif\"><span style=\"font-size: large\">\u00bb que imparti\u00f3 el Doctor Jos\u00e9 Luis Cabouli el s\u00e1bado, 29 de agosto del 2020 <\/span><\/span><span style=\"color: #000000\"><span style=\"font-family: Times New Roman, serif\"><span style=\"font-size: large\"><span lang=\"ca-ES\">en<\/span><\/span><\/span><\/span><span style=\"font-family: Times New Roman, serif\"><span style=\"font-size: large\"> la Sala Polivalente del Soler\u00e0s (Las Garrigues, Catalu\u00f1a).<\/span><\/span><\/p>\n<p class=\"western\" align=\"justify\"><span style=\"font-family: Times New Roman, serif\"><span style=\"font-size: large\">Agradecemos a la traductora profesional Loto Perrella su labor, as\u00ed como nuevamente a las personas y entidades que han hicieron posible este <\/span><\/span><span style=\"color: #000000\"><span style=\"font-family: Times New Roman, serif\"><span style=\"font-size: large\"><span lang=\"ca-ES\">ev<\/span><\/span><\/span><\/span><span style=\"font-family: Times New Roman, serif\"><span style=\"font-size: large\">ento y el video original.<\/span><\/span><\/p>\n<p class=\"western\" align=\"right\"><span style=\"font-family: Times New Roman, serif\"><span style=\"font-size: large\">Equipo del web \u00ab<i>En cuerpo y alma<\/i>\u00bb.<br \/>\n<\/span><\/span><span style=\"font-family: Times New Roman, serif\"><span style=\"font-size: large\">Domingo, 2 de octubre del 2022.<\/span><\/span><\/p>\n<p class=\"western\" align=\"justify\"><span style=\"font-family: Times New Roman, serif\"><span style=\"font-size: large\">Enlaces de las nuevas p\u00e1ginas para acceder a las diferentes versiones:<\/span><\/span><\/p>\n<p class=\"western\" lang=\"en-GB\" align=\"justify\"><span style=\"font-family: Times New Roman, serif\"><span style=\"font-size: large\"><img loading=\"lazy\" decoding=\"async\" class=\"alignnone wp-image-984 size-full\" title=\"Bandera inglesa animada.\" src=\"https:\/\/animaweb.cat\/files\/2020\/11\/Bandera_anglesa_animada.gif\" alt=\"Bandera inglesa animada.\" width=\"75\" height=\"50\" \/><br \/>\nEnglish.<\/span><\/span><\/p>\n<p class=\"western\" align=\"justify\"><a href=\"\/en\/el-credit-cosmic-pel-doctor-jose-luis-cabouli-conferencia-en-castella-subtitulada-en-catala\/\"><span style=\"font-family: Times New Roman, serif\"><span style=\"font-size: x-large\"><span lang=\"en-GB\"><b>\u00abThe cosmic credit\u00bb by Doctor Jos\u00e9 Lu\u00eds Cabouli. A talk in Spanish with English subtitles <\/b><\/span><\/span><\/span><span style=\"font-family: Times New Roman, serif\"><span style=\"font-size: x-large\"><span lang=\"en-GB\"><b>(\u00abEl cr\u00e9dito c\u00f3smico\u00bb por el Doctor Jos\u00e9 Lu\u00eds Cabouli. Conferencia en castellano subtitulada en ingl\u00e9s).<\/b><\/span><\/span><\/span><\/a><span style=\"font-family: Times New Roman, serif\"><span style=\"font-size: x-large\"><span lang=\"en-GB\"><b><br \/>\n<\/b><\/span><\/span><\/span><span style=\"font-family: Times New Roman, serif\"><span style=\"font-size: large\"><span lang=\"en-GB\"><i>Excerpt from the talk entitled \u00abLife before birth\u00bb by Dr. Jos\u00e9 Luis Cabouli, held in the multi-purpose Hall at Soler\u00e0s (Les Garrigues, Catalonia), on Saturday 29<\/i><\/span><\/span><\/span><sup><span style=\"font-family: Times New Roman, serif\"><span style=\"font-size: large\"><span lang=\"en-GB\"><i>th<\/i><\/span><\/span><\/span><\/sup><span style=\"font-family: Times New Roman, serif\"><span style=\"font-size: large\"><span lang=\"en-GB\"><i> August 2020 (&#8230;).<br \/>\n<\/i><\/span><\/span><\/span><span style=\"font-family: Times New Roman, serif\"><span style=\"font-size: large\"><span lang=\"en-GB\">Publication profile in \u00ab<\/span><\/span><\/span><span style=\"font-family: Times New Roman, serif\"><span style=\"font-size: large\"><span lang=\"en-GB\"><i>Odyssee<\/i><\/span><\/span><\/span><span style=\"font-family: Times New Roman, serif\"><span style=\"font-size: large\"><span lang=\"en-GB\">\u00ab: Animaweb. Talks in English. Date of publication in \u00ab<\/span><\/span><\/span><span style=\"font-family: Times New Roman, serif\"><span style=\"font-size: large\"><span lang=\"en-GB\"><i>Odyssee<\/i><\/span><\/span><\/span><span style=\"font-family: Times New Roman, serif\"><span style=\"font-size: large\"><span lang=\"en-GB\">\u00ab: Thursday, 29th September 2022. Video length: 3 minutes 33 seconds. Language: voice in Spanish with English subtitles.<br \/>\n<\/span><\/span><\/span><span style=\"font-family: Times New Roman, serif\"><span style=\"font-size: large\"><b>Translation: Loto Perrella.<\/b><\/span><\/span><\/p>\n<p class=\"western\" lang=\"fr-FR\" align=\"justify\"><span style=\"font-family: Times New Roman, serif\"><span style=\"font-size: large\"><img loading=\"lazy\" decoding=\"async\" class=\"wp-image-1240 size-full alignnone\" title=\"Bandera francesa animada.\" src=\"https:\/\/animaweb.cat\/files\/2021\/03\/Bandera_francesa_animada.gif\" alt=\"Bandera francesa animada.\" width=\"68\" height=\"50\" \/><br \/>\nFran\u00e7ais.<\/span><\/span><\/p>\n<p class=\"western\" align=\"justify\"><a href=\"\/fr\/el-credit-cosmic-pel-doctor-jose-luis-cabouli-conferencia-en-castella-subtitulada-en-catala\/\"><span style=\"font-family: Times New Roman, serif\"><span style=\"font-size: x-large\"><span lang=\"fr-FR\"><b>\u00ab\u00a0Le cr\u00e9dit cosmique\u00a0\u00bb par le Docteur Jos\u00e9 Luis Cabouli. Conf\u00e9rence en espagnol sous-titr\u00e9e en fran\u00e7ais <\/b><\/span><\/span><\/span><span style=\"font-family: Times New Roman, serif\"><span style=\"font-size: x-large\"><span lang=\"fr-FR\"><b>(\u00abEl cr\u00e9dito c\u00f3smico\u00bb por el Doctor Jos\u00e9 Lu\u00eds Cabouli. Conferencia en castellano subtitulada en franc\u00e9s).<\/b><\/span><\/span><\/span><\/a><span style=\"font-family: Times New Roman, serif\"><span style=\"font-size: x-large\"><span lang=\"fr-FR\"><b><br \/>\n<\/b><\/span><\/span><\/span><span style=\"font-family: Times New Roman, serif\"><span style=\"font-size: large\"><span lang=\"fr-FR\"><i>Passage de la conf\u00e9rence intitul\u00e9e \u00ab\u00a0La vie avant la naissance\u00a0\u00bb du Docteur Jos\u00e9 Luis Cabouli, tenue dans la Salle Polyvalente de Soler\u00e0s (Les Garrigues, Catalunya) samedi le 29 ao\u00fbt 2020 (&#8230;).<br \/>\n<\/i><\/span><\/span><\/span><span style=\"font-family: Times New Roman, serif\"><span style=\"font-size: large\"><span lang=\"fr-FR\">Profil de publication de \u00ab\u00a0<\/span><\/span><\/span><span style=\"font-family: Times New Roman, serif\"><span style=\"font-size: large\"><span lang=\"fr-FR\"><i>Odyssee<\/i><\/span><\/span><\/span><span style=\"font-family: Times New Roman, serif\"><span style=\"font-size: large\"><span lang=\"fr-FR\">\u00a0\u00bb\u00a0: Animaweb. Conf\u00e9rences en fran\u00e7ais. Date de publication \u00e0 \u00ab\u00a0<\/span><\/span><\/span><span style=\"font-family: Times New Roman, serif\"><span style=\"font-size: large\"><span lang=\"fr-FR\"><i>Odyssee<\/i><\/span><\/span><\/span><span style=\"font-family: Times New Roman, serif\"><span style=\"font-size: large\"><span lang=\"fr-FR\">\u00a0\u00bb\u00a0: samedi, 1 d&#8217;octobre 2022. Dur\u00e9e de la vid\u00e9o\u00a0: 3 minutes 33 secondes. Langue\u00a0: voix en espagnol sous-titr\u00e9e en fran\u00e7ais.<br \/>\n<\/span><\/span><\/span><span style=\"font-family: Times New Roman, serif\"><span style=\"font-size: large\"><b>Traduction\u00a0: Loto Perrella.<\/b><\/span><\/span><\/p>\n<p class=\"western\" lang=\"it-IT\" align=\"justify\"><span style=\"font-family: Times New Roman, serif\"><span style=\"font-size: large\"><img loading=\"lazy\" decoding=\"async\" class=\"alignnone wp-image-1047 size-full\" title=\"Bandera italiana animada.\" src=\"https:\/\/animaweb.cat\/files\/2020\/12\/Bandera_italiana_animada.gif\" alt=\"Bandera italiana animada.\" width=\"68\" height=\"50\" \/><br \/>\nItaliano.<\/span><\/span><\/p>\n<p class=\"western\" align=\"justify\"><a href=\"\/it\/el-credit-cosmic-pel-doctor-jose-luis-cabouli-conferencia-en-castella-subtitulada-en-catala\/\"><span style=\"font-family: Times New Roman, serif\"><span style=\"font-size: x-large\"><span lang=\"it-IT\"><b>\u00abIl credito cosmico\u00bb del Dottor Jos\u00e9 Luis Cabouli. Conferenza in spagnolo con sottotitoli in italiano <\/b><\/span><\/span><\/span><span style=\"font-family: Times New Roman, serif\"><span style=\"font-size: x-large\"><span lang=\"it-IT\"><b>(\u00abEl cr\u00e9dito c\u00f3smico\u00bb por el Doctor Jos\u00e9 Lu\u00eds Cabouli. Conferencia en castellano subtitulada en italiano).<\/b><\/span><\/span><\/span><\/a><span style=\"font-family: Times New Roman, serif\"><span style=\"font-size: x-large\"><span lang=\"it-IT\"><b><br \/>\n<\/b><\/span><\/span><\/span><i><span style=\"font-family: Times New Roman, serif\"><span style=\"font-size: large\"><span lang=\"it-IT\">Frammento della conferenza intitolata \u00abLa vita prima di nascere\u00bb del Dottor Jos\u00e9 Luis Cabouli, tenuta nella Sala Polivalente di Soler\u00e0s (Les Garrigues, Catalunya), sabato 29 agosto del 2020 <\/span><\/span><\/span><span style=\"font-family: Times New Roman, serif\"><span style=\"font-size: large\"><span lang=\"it-IT\">(&#8230;)<\/span><\/span><\/span><span style=\"font-family: Times New Roman, serif\"><span style=\"font-size: large\"><span lang=\"it-IT\">.<br \/>\n<\/span><\/span><\/span><\/i><span style=\"font-family: Times New Roman, serif\"><span style=\"font-size: large\"><span lang=\"it-IT\">Profilo di pubblicazione di \u00ab<\/span><\/span><\/span><span style=\"font-family: Times New Roman, serif\"><span style=\"font-size: large\"><span lang=\"it-IT\"><i>Odyssee<\/i><\/span><\/span><\/span><span style=\"font-family: Times New Roman, serif\"><span style=\"font-size: large\"><span lang=\"it-IT\">\u00bb: Animaweb. Conferenze in italiano. Data di pubblicazione in \u00ab<\/span><\/span><\/span><span style=\"font-family: Times New Roman, serif\"><span style=\"font-size: large\"><span lang=\"it-IT\"><i>Odyssee<\/i><\/span><\/span><\/span><span style=\"font-family: Times New Roman, serif\"><span style=\"font-size: large\"><span lang=\"it-IT\">\u00bb: Domenica 2 ottobre 2022. Durata del video: 3 minuti 33 secondi. Lingua: spagnolo con sottotitoli in italiano.<br \/>\n<\/span><\/span><\/span><span style=\"font-family: Times New Roman, serif\"><span style=\"font-size: large\"><b>Traduzione: Loto Perrella.<\/b><\/span><\/span><\/p>","protected":false},"excerpt":{"rendered":"<p>El cr\u00e9dito c\u00f3smico del Doctor Jos\u00e9 Luis Cabouli. Video subtitulado en ingl\u00e9s, franc\u00e9s e italiano. Disponemos, dentro de los respectivos apartados \u00abMultimedia\u00bb, del video corto explicativo titulado \u00abEl cr\u00e9dito c\u00f3smico\u00bb &hellip; <a href=\"https:\/\/animaweb.blog.pangea.org\/es\/2022\/10\/02\/el-credit-cosmic-del-doctor-jose-luis-cabouli-video-subtitulat-en-angles-frances-i-italia\/\" class=\"more-link\">Continuar leyendo<span class=\"screen-reader-text\"> \u00abEl cr\u00e9dito c\u00f3smico del Doctor Jos\u00e9 Luis Cabouli. Video subtitulado en ingl\u00e9s, franc\u00e9s e italiano.\u00bb<\/span><\/a><\/p>\n","protected":false},"author":12345698,"featured_media":0,"comment_status":"closed","ping_status":"open","sticky":false,"template":"","format":"standard","meta":{"ngg_post_thumbnail":0,"footnotes":""},"categories":[171135,171134,5378,150012,171133,119692,119881,150057,150034,139210,171099,150063,171142,171143,171144,150011,150049,150046],"tags":[],"class_list":["post-2067","post","type-post","status-publish","format-standard","hentry","category-ajuntament-del-soleras","category-associacio-cultural-de-dones-elaia","category-conferencies","category-conferencies-en-video","category-credit-cosmic","category-doctor-jose-luis-cabouli","category-el-soleras","category-gestacio","category-karma","category-loto-perrella-estelles","category-periode-entre-dues-vides","category-reencarnacio","category-subtitulacions-en-angles-documents","category-subtitulacions-en-frances","category-subtitulacions-en-italia","category-suicidi","category-terapia-regressiva","category-vida-fetal"],"views":272,"_links":{"self":[{"href":"https:\/\/animaweb.blog.pangea.org\/es\/wp-json\/wp\/v2\/posts\/2067","targetHints":{"allow":["GET"]}}],"collection":[{"href":"https:\/\/animaweb.blog.pangea.org\/es\/wp-json\/wp\/v2\/posts"}],"about":[{"href":"https:\/\/animaweb.blog.pangea.org\/es\/wp-json\/wp\/v2\/types\/post"}],"author":[{"embeddable":true,"href":"https:\/\/animaweb.blog.pangea.org\/es\/wp-json\/wp\/v2\/users\/12345698"}],"replies":[{"embeddable":true,"href":"https:\/\/animaweb.blog.pangea.org\/es\/wp-json\/wp\/v2\/comments?post=2067"}],"version-history":[{"count":8,"href":"https:\/\/animaweb.blog.pangea.org\/es\/wp-json\/wp\/v2\/posts\/2067\/revisions"}],"predecessor-version":[{"id":2079,"href":"https:\/\/animaweb.blog.pangea.org\/es\/wp-json\/wp\/v2\/posts\/2067\/revisions\/2079"}],"wp:attachment":[{"href":"https:\/\/animaweb.blog.pangea.org\/es\/wp-json\/wp\/v2\/media?parent=2067"}],"wp:term":[{"taxonomy":"category","embeddable":true,"href":"https:\/\/animaweb.blog.pangea.org\/es\/wp-json\/wp\/v2\/categories?post=2067"},{"taxonomy":"post_tag","embeddable":true,"href":"https:\/\/animaweb.blog.pangea.org\/es\/wp-json\/wp\/v2\/tags?post=2067"}],"curies":[{"name":"wp","href":"https:\/\/api.w.org\/{rel}","templated":true}]}}