{"id":2036,"date":"2022-09-20T19:55:04","date_gmt":"2022-09-20T17:55:04","guid":{"rendered":"https:\/\/animaweb.cat\/?p=2036"},"modified":"2022-09-22T18:37:51","modified_gmt":"2022-09-22T16:37:51","slug":"el-credit-cosmic-del-doctor-jose-luis-cabouli-subtitulat-en-llengua-rumana","status":"publish","type":"post","link":"https:\/\/animaweb.blog.pangea.org\/es\/2022\/09\/20\/el-credit-cosmic-del-doctor-jose-luis-cabouli-subtitulat-en-llengua-rumana\/","title":{"rendered":"El cr\u00e9dito c\u00f3smico del Doctor Jos\u00e9 Lu\u00eds Cabouli subtitulado en lengua rumana."},"content":{"rendered":"<p class=\"western\" lang=\"es-ES\" align=\"center\"><span style=\"font-family: Times New Roman, serif\"><span style=\"font-size: x-large\"><b>El cr\u00e9dito c\u00f3smico del Doctor Jos\u00e9 Lu\u00eds Cabouli subtitulado en lengua rumana.<\/b><\/span><\/span><\/p>\n<p class=\"western\" lang=\"es-ES\" align=\"justify\"><span style=\"font-family: Times New Roman, serif\"><span style=\"font-size: large\"><img loading=\"lazy\" decoding=\"async\" class=\"alignleft wp-image-1776 size-full\" title=\"Bandera rumana animada.\" src=\"https:\/\/animaweb.cat\/files\/2022\/04\/Bandera_romanesa_animada.gif\" alt=\"Bandera rumana animada.\" width=\"68\" height=\"50\" \/>El video corto donde el Doctor Jos\u00e9 Lu\u00eds Cabouli expone el tema del cr\u00e9dito c\u00f3smico ya est\u00e1 disponible con subt\u00edtulos en rumano. Agradecemos la labor de traducci\u00f3n llevada a cabo por Govor Marian Cosmin.<\/span><\/span><\/p>\n<p class=\"western\" lang=\"es-ES\" align=\"right\"><span style=\"font-family: Times New Roman, serif\"><span style=\"font-size: large\">Equipo \u00ab<i>En cuerpo y alma<\/i>\u00bb.<br \/>\n<\/span><\/span><span style=\"font-family: Times New Roman, serif\"><span style=\"font-size: large\">Martes, 20 de septiembre del 2022.<\/span><\/span><\/p>\n<p class=\"western\" lang=\"es-ES\" align=\"justify\"><span style=\"font-family: Times New Roman, serif\"><span style=\"font-size: large\">Enlace para acceder en la p\u00e1gina en rumano:<\/span><\/span><\/p>\n<p class=\"western\" lang=\"ro-RO\" align=\"justify\"><a href=\"\/ro\/el-credit-cosmic-pel-doctor-jose-luis-cabouli-conferencia-en-castella-subtitulada-en-catala\/\"><span style=\"font-family: Times New Roman, serif\"><span style=\"font-size: x-large\"><b>\u00abCreditul cosmic\u00bb de doctorul Jos\u00e9 Lu\u00eds Cabouli. Conferin\u021b\u0103 \u00een limba spaniol\u0103 subtitrat\u0103 \u00een <\/b><\/span><\/span><span style=\"font-family: Times New Roman, serif\"><span style=\"font-size: x-large\"><b>limba rom\u00e2n\u0103 <\/b><\/span><\/span><span style=\"font-family: Times New Roman, serif\"><span style=\"font-size: x-large\"><b>(\u00abEl cr\u00e9dito c\u00f3smico\u00bb por el Doctor Jos\u00e9 Lu\u00eds Cabouli. Conferencia en castellano subtitulada en rumano)<\/b><\/span><\/span><\/a><span style=\"font-family: Times New Roman, serif\"><span style=\"font-size: x-large\"><b>.<br \/>\n<\/b><\/span><\/span><i><span style=\"font-family: Times New Roman, serif\"><span style=\"font-size: large\">Fragment din conferin\u021ba intitulat\u0103 \u00abVia\u021ba \u00eenainte de na\u0219tere\u00bb de d<\/span><\/span><span style=\"font-family: Times New Roman, serif\"><span style=\"font-size: large\">octo<\/span><\/span><span style=\"font-family: Times New Roman, serif\"><span style=\"font-size: large\">r<\/span><\/span><span style=\"font-family: Times New Roman, serif\"><span style=\"font-size: large\">ul<\/span><\/span><span style=\"font-family: Times New Roman, serif\"><span style=\"font-size: large\"> Jos\u00e9 Lu\u00eds Cabouli, care a avut loc s\u00e2mb\u0103t\u0103, 29 august 2020, Sala Polivalent\u0103 Soler\u00e0s (L<\/span><\/span><span style=\"color: #000000\"><span style=\"font-family: Times New Roman, serif\"><span style=\"font-size: large\">e<\/span><\/span><\/span><span style=\"font-family: Times New Roman, serif\"><span style=\"font-size: large\">s Garrigues, Catalonia).<br \/>\n<\/span><\/span><\/i><span style=\"font-family: Times New Roman, serif\"><span style=\"font-size: large\">Profilul publica\u021biei \u00ab<\/span><\/span><span style=\"font-family: Times New Roman, serif\"><span style=\"font-size: large\"><i>Odysee<\/i><\/span><\/span><span style=\"font-family: Times New Roman, serif\"><span style=\"font-size: large\">\u00ab: Animaweb. Prelegeri \u00een <\/span><\/span><span style=\"font-family: Times New Roman, serif\"><span style=\"font-size: large\">limba rom\u00e2n\u0103<\/span><\/span><span style=\"font-family: Times New Roman, serif\"><span style=\"font-size: large\">. Data public\u0103rii <\/span><\/span><span style=\"font-family: Times New Roman, serif\"><span style=\"font-size: large\">\u00een<\/span><\/span><span style=\"font-family: Times New Roman, serif\"><span style=\"font-size: large\"> \u00ab<\/span><\/span><span style=\"font-family: Times New Roman, serif\"><span style=\"font-size: large\"><i>Odysee<\/i><\/span><\/span><span style=\"font-family: Times New Roman, serif\"><span style=\"font-size: large\">\u00ab: <\/span><\/span><span style=\"color: #000000\"><span style=\"font-family: Times New Roman, serif\"><span style=\"font-size: large\">m<\/span><\/span><\/span><span style=\"font-family: Times New Roman, serif\"><span style=\"font-size: large\">ar\u021bi, 20 septembrie 2022. Durata videoclipului: 3 minute \u0219i 33 de secunde. Limba: voce \u00een spaniol\u0103 cu subtitrare \u00een <\/span><\/span><span style=\"font-family: Times New Roman, serif\"><span style=\"font-size: large\">limba rom\u00e2n\u0103<\/span><\/span><span style=\"font-family: Times New Roman, serif\"><span style=\"font-size: large\">.<br \/>\n<\/span><\/span><span style=\"font-family: Times New Roman, serif\"><span style=\"font-size: large\"><b>Traducere: Govor Marian Cosmin.<\/b><\/span><\/span><\/p>","protected":false},"excerpt":{"rendered":"<p>El cr\u00e9dito c\u00f3smico del Doctor Jos\u00e9 Lu\u00eds Cabouli subtitulado en lengua rumana. El video corto donde el Doctor Jos\u00e9 Lu\u00eds Cabouli expone el tema del cr\u00e9dito c\u00f3smico ya est\u00e1 disponible &hellip; <a href=\"https:\/\/animaweb.blog.pangea.org\/es\/2022\/09\/20\/el-credit-cosmic-del-doctor-jose-luis-cabouli-subtitulat-en-llengua-rumana\/\" class=\"more-link\">Continuar leyendo<span class=\"screen-reader-text\"> \u00abEl cr\u00e9dito c\u00f3smico del Doctor Jos\u00e9 Lu\u00eds Cabouli subtitulado en lengua rumana.\u00bb<\/span><\/a><\/p>\n","protected":false},"author":12345698,"featured_media":0,"comment_status":"closed","ping_status":"open","sticky":false,"template":"","format":"standard","meta":{"ngg_post_thumbnail":0,"footnotes":""},"categories":[171135,171134,5378,150012,171133,119692,119881,150057,150034,171099,150063,150011,150049,169496,150046],"tags":[],"class_list":["post-2036","post","type-post","status-publish","format-standard","hentry","category-ajuntament-del-soleras","category-associacio-cultural-de-dones-elaia","category-conferencies","category-conferencies-en-video","category-credit-cosmic","category-doctor-jose-luis-cabouli","category-el-soleras","category-gestacio","category-karma","category-periode-entre-dues-vides","category-reencarnacio","category-suicidi","category-terapia-regressiva","category-traduccions-al-romanes","category-vida-fetal"],"views":333,"_links":{"self":[{"href":"https:\/\/animaweb.blog.pangea.org\/es\/wp-json\/wp\/v2\/posts\/2036","targetHints":{"allow":["GET"]}}],"collection":[{"href":"https:\/\/animaweb.blog.pangea.org\/es\/wp-json\/wp\/v2\/posts"}],"about":[{"href":"https:\/\/animaweb.blog.pangea.org\/es\/wp-json\/wp\/v2\/types\/post"}],"author":[{"embeddable":true,"href":"https:\/\/animaweb.blog.pangea.org\/es\/wp-json\/wp\/v2\/users\/12345698"}],"replies":[{"embeddable":true,"href":"https:\/\/animaweb.blog.pangea.org\/es\/wp-json\/wp\/v2\/comments?post=2036"}],"version-history":[{"count":2,"href":"https:\/\/animaweb.blog.pangea.org\/es\/wp-json\/wp\/v2\/posts\/2036\/revisions"}],"predecessor-version":[{"id":2043,"href":"https:\/\/animaweb.blog.pangea.org\/es\/wp-json\/wp\/v2\/posts\/2036\/revisions\/2043"}],"wp:attachment":[{"href":"https:\/\/animaweb.blog.pangea.org\/es\/wp-json\/wp\/v2\/media?parent=2036"}],"wp:term":[{"taxonomy":"category","embeddable":true,"href":"https:\/\/animaweb.blog.pangea.org\/es\/wp-json\/wp\/v2\/categories?post=2036"},{"taxonomy":"post_tag","embeddable":true,"href":"https:\/\/animaweb.blog.pangea.org\/es\/wp-json\/wp\/v2\/tags?post=2036"}],"curies":[{"name":"wp","href":"https:\/\/api.w.org\/{rel}","templated":true}]}}