{"id":1970,"date":"2022-08-22T18:49:06","date_gmt":"2022-08-22T16:49:06","guid":{"rendered":"https:\/\/animaweb.cat\/?p=1970"},"modified":"2022-08-23T15:19:56","modified_gmt":"2022-08-23T13:19:56","slug":"una-prova-de-reencarnacio-per-jordi-griera","status":"publish","type":"post","link":"https:\/\/animaweb.blog.pangea.org\/es\/2022\/08\/22\/una-prova-de-reencarnacio-per-jordi-griera\/","title":{"rendered":"Un caso de reencarnaci\u00f3n, por Jordi Griera."},"content":{"rendered":"<h1 class=\"western\" lang=\"es-ES\" align=\"center\"><span style=\"font-family: Times New Roman, serif\"><span style=\"font-size: x-large\">Un caso de reencarnaci\u00f3n, por Jordi Griera.<\/span><\/span><\/h1>\n<p class=\"western\" align=\"justify\"><span style=\"font-family: Times New Roman, serif\"><span style=\"font-size: large\"><span lang=\"es-ES\"><img loading=\"lazy\" decoding=\"async\" class=\"alignright wp-image-1972 size-full\" title=\"Jordi Griera Roig. Viento de liberaci\u00f3n. Cubierta.\" src=\"https:\/\/animaweb.cat\/files\/2022\/08\/Jordi_Griera_Roig_-_Viento_de_liberacion_cubierta_72ppp_200x300px.png\" alt=\"Jordi Griera Roig. Viento de liberaci\u00f3n. Cubierta.\" width=\"200\" height=\"300\" \/>La madre de mis hijos, Mariona, ten\u00eda sue\u00f1os recurrentes desde que nos hab\u00edamos casado, hac\u00eda quince a\u00f1os. Por la ma\u00f1ana me dec\u00eda \u00ab<\/span><\/span><\/span><span style=\"font-family: Times New Roman, serif\"><span style=\"font-size: large\"><span lang=\"es-ES\"><i>esta noche he tenido uno de esos sue\u00f1os<\/i><\/span><\/span><\/span><span style=\"font-family: Times New Roman, serif\"><span style=\"font-size: large\"><span lang=\"es-ES\">\u00bb y me lo contaba. Eran de un realismo inusual, no siempre era el mismo, pero ten\u00edan elementos comunes que los situaban en ambientes de unos siglos atr\u00e1s.<\/span><\/span><\/span><\/p>\n<p class=\"western\" lang=\"es-ES\" align=\"justify\"><span style=\"font-family: Times New Roman, serif\"><span style=\"font-size: large\">En unos ella llevaba unas cartas secretas por calles desiertas, de noche y sin luz; cre\u00eda que eran para unos conspiradores, porque se escond\u00eda. En otros, ve\u00eda una cripta de una catedral con estatuas de m\u00e1rmol blanco, o se ve\u00eda bajando escaleras para entrar en una iglesia rom\u00e1nica grande y oscura, adornada con unos damascos extraordinariamente ricos; o estaba en un claustro, o en una peregrinaci\u00f3n a pie por la ribera de un r\u00edo, con asnos y vestida \u00abmuy antigua y sencilla\u00bb, atravesando el r\u00edo, durmiendo en una cueva del camino, pasando cerca de un volc\u00e1n inactivo, etc. Otras noches so\u00f1aba que iba por las calles de un pueblo con casas de color ocre, como las del Piamonte o Lombard\u00eda. Tambi\u00e9n recuerdo que hablaba de una ermita dedicada a la Sant\u00edsima Trinidad, situada en un valle entre tres colinas.<\/span><\/span><\/p>\n<p><!--more Continuar leyendo este documento--><\/p>\n<p class=\"western\" lang=\"es-ES\" align=\"justify\"><span style=\"font-family: Times New Roman, serif\"><span style=\"font-size: large\">Aquel a\u00f1o le propuse ir de vacaciones buscando alg\u00fan lugar que se pareciera a sus sue\u00f1os. Como ve\u00eda un volc\u00e1n, el primer lugar que pensamos fue Santa Pau en la Garrotxa catalana. Fuimos, pero no encontramos ninguno de los otros elementos; el monasterio de Ripoll es una joya, pero es mucho m\u00e1s peque\u00f1o que aquella gran iglesia rom\u00e1nica de su sue\u00f1o, y a las iglesias de aqu\u00ed se sube, no se bajan unas escaleras para entrar en ellas. Visitamos las ruinas de San Pedro de Roda, una inveros\u00edmil catedral en la cima de la Albera, donde los Pirineos tocan al Mediterr\u00e1neo, y de la cual dijo Alexandre Deulofeu que fue el primer templo rom\u00e1nico de Europa. Tampoco era la iglesia.<\/span><\/span><\/p>\n<p class=\"western\" align=\"justify\"><span style=\"font-family: Times New Roman, serif\"><span style=\"font-size: large\"><span lang=\"es-ES\">Entonces pensamos en Italia; hay volcanes, no s\u00f3lo el Vesubio, y existen las casas de color ocre. Organizamos un viaje all\u00ed con una caravana nueva y nos llevamos a nuestros tres hijos. En Ventimiglia o Portofino vimos calles como las de sus sue\u00f1os, los de la \u00ab<\/span><\/span><\/span><span style=\"font-family: Times New Roman, serif\"><span style=\"font-size: large\"><span lang=\"es-ES\"><i>serie ocre<\/i><\/span><\/span><\/span><span style=\"font-family: Times New Roman, serif\"><span style=\"font-size: large\"><span lang=\"es-ES\">\u00bb, que se pod\u00edan haber situado en ciudades italianas del siglo XVIII. No encontramos en Italia iglesias rom\u00e1nicas del tama\u00f1o ni caracter\u00edsticas de las de los sue\u00f1os \u00ab<\/span><\/span><\/span><span style=\"font-family: Times New Roman, serif\"><span style=\"font-size: large\"><span lang=\"es-ES\"><i>de iglesias y volcanes<\/i><\/span><\/span><\/span><span style=\"font-family: Times New Roman, serif\"><span style=\"font-size: large\"><span lang=\"es-ES\">\u00bb.<\/span><\/span><\/span><\/p>\n<p class=\"western\" lang=\"es-ES\" align=\"justify\"><span style=\"font-family: Times New Roman, serif\"><span style=\"font-size: large\">\u00cdbamos a desistir, cuando un d\u00eda nos llam\u00f3 mi suegra. Era muy devota de las v\u00edrgenes negras, no dir\u00e9 que las coleccionaba, pero s\u00ed que se preocupaba de saber d\u00f3nde estaban todas. Ese d\u00eda hab\u00eda le\u00eddo que exist\u00eda una Virgen negra en El Puy y nos telefoneaba para que le dij\u00e9ramos d\u00f3nde estaba eso.<\/span><\/span><\/p>\n<p class=\"western\" lang=\"es-ES\" align=\"justify\"><span style=\"font-family: Times New Roman, serif\"><span style=\"font-size: large\">Sin Google, cinco a\u00f1os antes del nacimiento de Internet, una pregunta como aqu\u00e9lla significaba echar mano de enciclopedias y mapas de carreteras. Localizamos el Puy o Pu\u00e8i y su virgen negra en la Auvergne occitana, y&#8230; se nos eriz\u00f3 el cabello: la iglesia del Puy es rom\u00e1nica, toda Auvernia est\u00e1 llena de grandes iglesias rom\u00e1nicas, y tambi\u00e9n es tierra de volcanes.<\/span><\/span><\/p>\n<p class=\"western\" lang=\"es-ES\" align=\"justify\"><span style=\"font-family: Times New Roman, serif\"><span style=\"font-size: large\">No esperamos a las vacaciones; en cuanto tuvimos tres d\u00edas, el 16 de marzo de 1987, nos fuimos a Francia. Antes de salir, sin embargo, le di una libretita y le ped\u00ed que dibujara con tanta exactitud como pudiera algunas de las cosas que so\u00f1aba. Dibuj\u00f3 la planta de la iglesia, la ubicaci\u00f3n de la puerta por donde entraba y el altar. En otro dibujo hab\u00eda una cripta con estatuas en semic\u00edrculo, que ella dec\u00eda que eran de m\u00e1rmol blanco. A la cripta se entraba por una puerta a la derecha, seg\u00fan se mira el \u00e1bside, que daba al r\u00edo.<\/span><\/span><\/p>\n<p class=\"western\" lang=\"es-ES\" align=\"justify\"><span style=\"font-family: Times New Roman, serif\"><span style=\"font-size: large\">Con ayuda del Guide Michelin ubicamos las principales iglesias rom\u00e1nicas entre el Puy y Clermont-Ferrand, todas con v\u00edrgenes negras, y las visitamos una por una.<\/span><\/span><\/p>\n<p class=\"western\" lang=\"es-ES\" align=\"justify\"><span style=\"font-family: Times New Roman, serif\"><span style=\"font-size: large\">Lo primero que constatamos es que, salvo el Pu\u00e8i, se accede a ellas bajando unas escaleras id\u00e9nticas a las de los sue\u00f1os.<\/span><\/span><\/p>\n<p class=\"western\" lang=\"es-ES\" align=\"justify\"><span style=\"font-family: Times New Roman, serif\"><span style=\"font-size: large\">En Clermont la catedral es g\u00f3tica, pero la vieja bas\u00edlica es rom\u00e1nica, y se encuentra junto al r\u00edo Alier. Dedicada a la Virgen del Puerto, es una iglesia fant\u00e1stica, enorme y bell\u00edsima, patrimonio mundial de la UNESCO. Pero no era \u00abaquella\u00bb; sin embargo, como que tiene una cripta bajamos a verla.<\/span><\/span><\/p>\n<p class=\"western\" align=\"justify\"><span style=\"font-family: Times New Roman, serif\"><span style=\"font-size: large\"><span lang=\"es-ES\">\u00a1Oh! era <\/span><\/span><\/span><span style=\"font-family: Times New Roman, serif\"><span style=\"font-size: large\"><span lang=\"es-ES\"><i>su<\/i><\/span><\/span><\/span><span style=\"font-family: Times New Roman, serif\"><span style=\"font-size: large\"><span lang=\"es-ES\"> cripta, con la portezuela que da al r\u00edo, por la que ella entraba llegando de la peregrinaci\u00f3n. Yo miraba el dibujo hecho antes de salir de casa y no me lo cre\u00eda, porque era exacto. Sin embargo, no hab\u00eda ni rastro de las estatuas de m\u00e1rmol blanco. Buscamos un gu\u00eda y le preguntamos si hab\u00eda habido estatuas all\u00ed. Nos respondi\u00f3 que s\u00ed, pero que al empezar la Revoluci\u00f3n, all\u00ed muy violenta, las hab\u00edan llevado a la catedral de Reims, por temor a que las rompieran. \u00a1Eran estatuas de m\u00e1rmol blanco y todav\u00eda est\u00e1n en Reims!<\/span><\/span><\/span><\/p>\n<p class=\"western\" lang=\"es-ES\" align=\"justify\"><span style=\"font-family: Times New Roman, serif\"><span style=\"font-size: large\">La cripta s\u00ed, pero la iglesia no era \u00abla iglesia\u00bb. Cambiamos de poblaci\u00f3n y visitamos Issoire. Preciosa, se parec\u00eda un poco a la del sue\u00f1o, pero no lo era.<\/span><\/span><\/p>\n<p class=\"western\" align=\"justify\"><span style=\"font-family: Times New Roman, serif\"><span style=\"font-size: large\"><span lang=\"es-ES\">Decidimos abandonar y ya hab\u00edamos tomado la carretera de vuelta a Barcelona cuando mi copiloto dijo \u00ab<\/span><\/span><\/span><span style=\"font-family: Times New Roman, serif\"><span style=\"font-size: large\"><span lang=\"es-ES\"><i>aqu\u00ed en Brioude hay otra, que dice la Gu\u00eda que es muy grande.<\/i><\/span><\/span><\/span><span style=\"font-family: Times New Roman, serif\"><span style=\"font-size: large\"><span lang=\"es-ES\">\u00bb A m\u00ed ya me daba pereza detenerme, pero acced\u00ed.<\/span><\/span><\/span><\/p>\n<p class=\"western\" align=\"justify\"><span style=\"font-family: Times New Roman, serif\"><span style=\"font-size: large\"><span lang=\"es-ES\">\u00a1Era \u00e9sta! Yo ve\u00eda a Mariona correr de un lado a otro, identificando detalles, muchos; dec\u00eda \u00ab<\/span><\/span><\/span><span style=\"font-family: Times New Roman, serif\"><span style=\"font-size: large\"><span lang=\"es-ES\"><i>Esta puerta lleva a la sacrist\u00eda<\/i><\/span><\/span><\/span><span style=\"font-family: Times New Roman, serif\"><span style=\"font-size: large\"><span lang=\"es-ES\">\u00bb y as\u00ed era. Era exactamente la iglesia de sus sue\u00f1os, pero hab\u00eda algunas diferencias importantes que hab\u00eda que aclarar: Primero, la puerta por donde ella dec\u00eda que se iba al claustro, daba a la calle. Consultado el sacrist\u00e1n nos dijo que el claustro estaba en tan mal estado despu\u00e9s de la Revoluci\u00f3n de 1789 que lo demolieron al hacer la reconstrucci\u00f3n de la iglesia en 1840.<\/span><\/span><\/span><\/p>\n<p class=\"western\" lang=\"es-ES\" align=\"justify\"><span style=\"font-family: Times New Roman, serif\"><span style=\"font-size: large\">En sus sue\u00f1os ella se ve\u00eda de pie en el umbral de una puerta lateral y ve\u00eda el altar delante, justo en la cruceta de la iglesia; en cambio ahora la pared es lisa, sin rastro de puertas, y el altar est\u00e1 m\u00e1s arriba, hacia el \u00e1bside. El sacrist\u00e1n nos acab\u00f3 de petrificar cuando nos cont\u00f3 que el altar hac\u00eda pocos a\u00f1os que lo hab\u00edan cambiado de lugar, cuando el Papado recomend\u00f3 que la misa se hiciera de cara al pueblo, y, con respecto a la puerta, hab\u00eda o\u00eddo que hab\u00eda una en el lugar del sue\u00f1o, pero la hab\u00edan clausurado unos cien a\u00f1os atr\u00e1s. El rastro de la puerta en la pared hab\u00eda desaparecido con el tiempo, pero en el exterior encontramos unos escalones que llevaban al lugar de la pared donde hab\u00eda estado la puerta.<\/span><\/span><\/p>\n<p class=\"western\" lang=\"es-ES\" align=\"justify\"><span style=\"font-family: Times New Roman, serif\"><span style=\"font-size: large\">Las preciadas colgaduras y los tapices desaparecieron durante la Revoluci\u00f3n, era l\u00f3gico, pero quedaba una gran inc\u00f3gnita: la iglesia del sue\u00f1o era oscura y Saint Julien de Brioude es hoy una bas\u00edlica muy luminosa. No lo entend\u00edamos.<\/span><\/span><\/p>\n<p class=\"western\" lang=\"es-ES\" align=\"justify\"><span style=\"font-family: Times New Roman, serif\"><span style=\"font-size: large\">En el siguiente viaje localizamos los planos originales de la iglesia. Eran id\u00e9nticos a la iglesia actual, con hileras de ventanas altas que daban su gran luminosidad al edificio. A\u00fan se entend\u00eda menos la oscuridad del sue\u00f1o.<\/span><\/span><\/p>\n<p class=\"western\" lang=\"es-ES\" align=\"justify\"><span style=\"font-family: Times New Roman, serif\"><span style=\"font-size: large\">El enigma se resolvi\u00f3 en una consulta que hice al Almanaque de Brioude. Encontr\u00e9 un n\u00famero que explicaba la reconstrucci\u00f3n de San Juli\u00e1n en 1840. El arquitecto tom\u00f3 la decisi\u00f3n de restituir la iglesia a su dise\u00f1o original, seg\u00fan los planos. Para ello tuvo que derruir una segunda cubierta de pizarra que se hab\u00eda construido en 1550 para impermeabilizar la nave central y las laterales. Al parecer entraba demasiada lluvia. La hicieron de una pieza y los ventanales altos de la nave central quedaron obstruidos.<\/span><\/span><\/p>\n<p lang=\"es-ES\" align=\"center\"><img loading=\"lazy\" decoding=\"async\" class=\"aligncenter wp-image-1974 size-full\" title=\"San Juli\u00e1n de Briuda, nave central.\" src=\"https:\/\/animaweb.cat\/files\/2022\/08\/Sant_Julia_de_Briude_nau_central_72ppp_520x640px.png\" alt=\"San Juli\u00e1n de Briuda, nave central.\" width=\"520\" height=\"640\" srcset=\"https:\/\/animaweb.blog.pangea.org\/files\/2022\/08\/Sant_Julia_de_Briude_nau_central_72ppp_520x640px.png 520w, https:\/\/animaweb.blog.pangea.org\/files\/2022\/08\/Sant_Julia_de_Briude_nau_central_72ppp_520x640px-244x300.png 244w\" sizes=\"auto, (max-width: 520px) 85vw, 520px\" \/><\/p>\n<p class=\"western\" lang=\"es-ES\" align=\"center\"><span style=\"font-family: Times New Roman, serif\"><span style=\"font-size: large\"><b>San Juli\u00e1n de Briuda, nave central.<\/b><\/span><\/span><\/p>\n<p class=\"western\" lang=\"es-ES\" align=\"justify\"><span style=\"font-family: Times New Roman, serif\"><span style=\"font-size: large\">Iluminada \u00fanicamente por las naves laterales, la iglesia qued\u00f3 oscurecida entre 1550 y 1840. Los recuerdos de Mariona quedaban as\u00ed fechados entre 1550 y 1789, a\u00f1o de la revoluci\u00f3n, lo que coincid\u00eda con el ambiente y con los atuendos que ella se ve\u00eda vistiendo.<\/span><\/span><\/p>\n<p class=\"western\" lang=\"es-ES\" align=\"justify\"><span style=\"font-family: Times New Roman, serif\"><span style=\"font-size: large\">En los alrededores de Brioude fuimos identificando el vado del r\u00edo en la Bageasse, las grutas, los volcanes apagados en la vecindad, los caminos de peregrinaci\u00f3n hasta la Virgen del Puerto de Clermont, la ermita de la Trinidad&#8230; \u00a1todo!<\/span><\/span><\/p>\n<p class=\"western\" lang=\"es-ES\" align=\"justify\"><span style=\"font-family: Times New Roman, serif\"><span style=\"font-size: large\">Un hallazgo tan extraordinario lo ten\u00edamos que comunicar y entramos en contacto con el Doctor Ian Stevenson, famoso autor de muchos libros sobre reencarnaci\u00f3n. Habl\u00e9 por tel\u00e9fono con \u00e9l; era canadiense, pero estaba en Inglaterra, lo hab\u00edan nombrado presidente de la Society for Psychical Research. Aprovechando un viaje a Londres, por mi trabajo, el 8 de febrero de 1989 \u00a1benditas agendas! nos recibi\u00f3 en su despacho. Qued\u00f3 pasmado. Hab\u00eda estudiado unos tres mil casos de posibles reencarnaciones y el nuestro era de los m\u00e1s detallados y comprobables.<\/span><\/span><\/p>\n<p class=\"western\" align=\"justify\"><span style=\"font-family: Times New Roman, serif\"><span style=\"font-size: large\"><span lang=\"es-ES\">En 2013 la web de Scientific American public\u00f3 un art\u00edculo del prof. Jesse Bering en el que dec\u00eda que \u00ab<\/span><\/span><\/span><span style=\"font-family: Times New Roman, serif\"><span style=\"font-size: large\"><span lang=\"es-ES\"><i>Los trabajos de Stevenson hab\u00edan establecido que la probabilidad estad\u00edstica de que exista la reencarnaci\u00f3n es tan avasalladora, que las pruebas acumuladas no son inferiores a las dem\u00e1s ramas de la ciencia.<\/i><\/span><\/span><\/span><span style=\"font-family: Times New Roman, serif\"><span style=\"font-size: large\"><span lang=\"es-ES\">\u00bb<\/span><\/span><\/span><\/p>\n<p class=\"western\" align=\"justify\"><span style=\"font-family: Times New Roman, serif\"><span style=\"font-size: large\"><span lang=\"es-ES\">Extracto del libro: \u00ab<\/span><\/span><\/span><span style=\"font-family: Times New Roman, serif\"><span style=\"font-size: large\"><span lang=\"es-ES\"><b>V<\/b><\/span><\/span><\/span><span style=\"color: #000000\"><span style=\"font-family: Times New Roman, serif\"><span style=\"font-size: large\"><span lang=\"es-ES\"><b>iento<\/b><\/span><\/span><\/span><\/span><b> <\/b><span style=\"color: #000000\"><span style=\"font-family: Times New Roman, serif\"><span style=\"font-size: large\"><span lang=\"es-ES\"><b>de<\/b><\/span><\/span><\/span><\/span><b> <\/b><span style=\"color: #000000\"><span style=\"font-family: Times New Roman, serif\"><span style=\"font-size: large\"><span lang=\"es-ES\"><b>liberaci\u00f3n<\/b><\/span><\/span><\/span><\/span><span style=\"font-family: Times New Roman, serif\"><span style=\"font-size: large\"><span lang=\"es-ES\">, gu\u00eda para vivir libre y consciente\u00bb. Autor: Jordi Griera. <\/span><\/span><\/span><span style=\"font-family: Times New Roman, serif\"><span style=\"font-size: large\"><span lang=\"es-ES\">P\u00e1ginas 273 a 278. <\/span><\/span><\/span><span style=\"font-family: Times New Roman, serif\"><span style=\"font-size: large\"><span lang=\"es-ES\">Para obtenerlo visitar <\/span><\/span><\/span><span style=\"color: #000080\"><span lang=\"zxx\"><u><a href=\"http:\/\/vientodeliberacion.com\/\"><span style=\"font-family: Times New Roman, serif\"><span style=\"font-size: large\"><span lang=\"es-ES\">http:\/\/vientodeliberacion.com<\/span><\/span><\/span><\/a><\/u><\/span><\/span><\/p>","protected":false},"excerpt":{"rendered":"<p>Disculpa, pero esta entrada est\u00e1 disponible s\u00f3lo en Catal\u00e0.<\/p>\n","protected":false},"author":12345698,"featured_media":0,"comment_status":"closed","ping_status":"open","sticky":false,"template":"","format":"standard","meta":{"ngg_post_thumbnail":0,"footnotes":""},"categories":[18445,171128,252,171110,171125,5377,169502,53528,171116,119863,171122,171112,171108,171117,171129,171123,171126,19423,171114,150063,171118,171127,171119,171111,171113,149981,150021,51295],"tags":[],"class_list":["post-1970","post","type-post","status-publish","format-standard","hentry","category-alexandre-deulofeu","category-bajassa","category-barcelona","category-briude","category-clarmont-dalvernia","category-europa","category-evidencies-cientifiques","category-franca","category-garrotxa","category-ian-stevenson","category-italia","category-jesse-bering","category-jordi-griera-roig","category-llombardia-geografia","category-mare-de-deu-del-port-de-clarmont","category-mare-de-deu-del-puy","category-mariona","category-occitania","category-piemont","category-reencarnacio","category-ripoll","category-sant-julia-de-briude","category-sant-pere-de-roda","category-scientific-american","category-society-for-psychical-research","category-traduccions-a-langles","category-traduccions-al-castella","category-unesco"],"views":266,"_links":{"self":[{"href":"https:\/\/animaweb.blog.pangea.org\/es\/wp-json\/wp\/v2\/posts\/1970","targetHints":{"allow":["GET"]}}],"collection":[{"href":"https:\/\/animaweb.blog.pangea.org\/es\/wp-json\/wp\/v2\/posts"}],"about":[{"href":"https:\/\/animaweb.blog.pangea.org\/es\/wp-json\/wp\/v2\/types\/post"}],"author":[{"embeddable":true,"href":"https:\/\/animaweb.blog.pangea.org\/es\/wp-json\/wp\/v2\/users\/12345698"}],"replies":[{"embeddable":true,"href":"https:\/\/animaweb.blog.pangea.org\/es\/wp-json\/wp\/v2\/comments?post=1970"}],"version-history":[{"count":2,"href":"https:\/\/animaweb.blog.pangea.org\/es\/wp-json\/wp\/v2\/posts\/1970\/revisions"}],"predecessor-version":[{"id":1976,"href":"https:\/\/animaweb.blog.pangea.org\/es\/wp-json\/wp\/v2\/posts\/1970\/revisions\/1976"}],"wp:attachment":[{"href":"https:\/\/animaweb.blog.pangea.org\/es\/wp-json\/wp\/v2\/media?parent=1970"}],"wp:term":[{"taxonomy":"category","embeddable":true,"href":"https:\/\/animaweb.blog.pangea.org\/es\/wp-json\/wp\/v2\/categories?post=1970"},{"taxonomy":"post_tag","embeddable":true,"href":"https:\/\/animaweb.blog.pangea.org\/es\/wp-json\/wp\/v2\/tags?post=1970"}],"curies":[{"name":"wp","href":"https:\/\/api.w.org\/{rel}","templated":true}]}}