{"id":1925,"date":"2022-07-31T21:41:49","date_gmt":"2022-07-31T19:41:49","guid":{"rendered":"https:\/\/animaweb.cat\/?p=1925"},"modified":"2022-08-06T19:54:44","modified_gmt":"2022-08-06T17:54:44","slug":"ii-simposi-internacional-de-terapia-regressiva-inscripcio-a-posteriori","status":"publish","type":"post","link":"https:\/\/animaweb.blog.pangea.org\/es\/2022\/07\/31\/ii-simposi-internacional-de-terapia-regressiva-inscripcio-a-posteriori\/","title":{"rendered":"II Simposio Internacional de Terapia Regresiva. Inscripci\u00f3n a posteriori."},"content":{"rendered":"<p class=\"western\" align=\"center\"><span style=\"font-family: Times New Roman, serif\"><span style=\"font-size: x-large\"><span lang=\"es-ES\"><b>I<\/b><\/span><\/span><\/span><span style=\"color: #000000\"><span style=\"font-family: Times New Roman, serif\"><span style=\"font-size: x-large\"><span lang=\"es-ES\"><b>I<\/b><\/span><\/span><\/span><\/span><span style=\"font-family: Times New Roman, serif\"><span style=\"font-size: x-large\"><span lang=\"es-ES\"><b> Simposio Internacional de Terapia Regresiva. Inscripci\u00f3n a posteriori.<\/b><\/span><\/span><\/span><\/p>\n<p class=\"western\" lang=\"es-ES\" align=\"center\"><span style=\"font-family: Times New Roman, serif\"><span style=\"font-size: large\"><b>y III Congreso de la Asociaci\u00f3n Espa\u00f1ola de Terapia Regresiva (AETR) 2022.<\/b><\/span><\/span><\/p>\n<p class=\"western\" align=\"justify\"><span style=\"font-family: Times New Roman, serif\"><span style=\"font-size: large\"><span lang=\"es-ES\">Inscripci\u00f3n <\/span><\/span><\/span><span style=\"font-family: Times New Roman, serif\"><span style=\"font-size: large\"><span lang=\"es-ES\"><i>a posteriori.<\/i><\/span><\/span><\/span><\/p>\n<p class=\"western\" lang=\"es-ES\" align=\"justify\"><span style=\"font-family: Times New Roman, serif\"><span style=\"font-size: large\"><i>(Para personas no inscritas con anterioridad. Permitir\u00e1 ver los videos grabados durante el Simposio).<\/i><\/span><\/span><\/p>\n<p class=\"western\" lang=\"es-ES\" align=\"justify\"><span style=\"font-family: Times New Roman, serif\"><span style=\"font-size: large\">Queridos Ponentes y Asistentes del Simposio que acabamos de celebrar:<\/span><\/span><\/p>\n<p class=\"western\" align=\"justify\"><span style=\"font-family: Times New Roman, serif\"><span style=\"font-size: large\"><span lang=\"es-ES\">Deseo dar las gracias en nombre de la <\/span><\/span><\/span><span style=\"font-family: Times New Roman, serif\"><span style=\"font-size: large\"><span lang=\"es-ES\"><i>AETR<\/i><\/span><\/span><\/span><span style=\"font-family: Times New Roman, serif\"><span style=\"font-size: large\"><span lang=\"es-ES\"> a los ponentes que tan generosamente han contribuido con su trabajo a la celebraci\u00f3n de nuestro Simposio:<\/span><\/span><\/span><\/p>\n<p class=\"western\" lang=\"es-ES\" align=\"justify\"><span style=\"font-family: Times New Roman, serif\"><span style=\"font-size: large\">Han sido:<\/span><\/span><\/p>\n<ul>\n<li>\n<p class=\"western\" lang=\"es-ES\" align=\"justify\"><span style=\"font-family: Times New Roman, serif\"><span style=\"font-size: large\">Doctor Jos\u00e9 Luis Cabouli.<\/span><\/span><\/p>\n<\/li>\n<li>\n<p class=\"western\" lang=\"es-ES\" align=\"justify\"><span style=\"font-family: Times New Roman, serif\"><span style=\"font-size: large\">Licenciado Andy Tomlinson.<\/span><\/span><\/p>\n<\/li>\n<li>\n<p class=\"western\" align=\"justify\"><span style=\"font-family: Times New Roman, serif\"><span style=\"font-size: large\"><span lang=\"es-ES\">Licenciad<\/span><\/span><\/span><span style=\"color: #000000\"><span style=\"font-family: Times New Roman, serif\"><span style=\"font-size: large\"><span lang=\"es-ES\">a<\/span><\/span><\/span><\/span><span style=\"font-family: Times New Roman, serif\"><span style=\"font-size: large\"><span lang=\"es-ES\"> Marion Boon.<\/span><\/span><\/span><\/p>\n<\/li>\n<li>\n<p class=\"western\" lang=\"es-ES\" align=\"justify\"><span style=\"font-family: Times New Roman, serif\"><span style=\"font-size: large\">Doctor Juan Jos\u00e9 L\u00f3pez Mart\u00ednez.<\/span><\/span><\/p>\n<\/li>\n<li>\n<p class=\"western\" lang=\"es-ES\" align=\"justify\"><span style=\"font-family: Times New Roman, serif\"><span style=\"font-size: large\">Licenciado Carlos Gonz\u00e1lez Delgado.<\/span><\/span><\/p>\n<\/li>\n<li>\n<p class=\"western\" lang=\"es-ES\" align=\"justify\"><span style=\"font-family: Times New Roman, serif\"><span style=\"font-size: large\">Licenciado Jorge Luis Micheli.<\/span><\/span><\/p>\n<\/li>\n<li>\n<p class=\"western\" lang=\"es-ES\" align=\"justify\"><span style=\"font-family: Times New Roman, serif\"><span style=\"font-size: large\">Licenciado Leopoldo Ceballos del Castillo.<\/span><\/span><\/p>\n<\/li>\n<li>\n<p class=\"western\" lang=\"es-ES\" align=\"justify\"><span style=\"font-family: Times New Roman, serif\"><span style=\"font-size: large\">Doctora Sonia Andr\u00e9s Espallardo.<\/span><\/span><\/p>\n<\/li>\n<li>\n<p class=\"western\" lang=\"es-ES\" align=\"justify\"><span style=\"font-family: Times New Roman, serif\"><span style=\"font-size: large\">Licenciada Heike Bettendorf.<\/span><\/span><\/p>\n<\/li>\n<li>\n<p class=\"western\" lang=\"es-ES\" align=\"justify\"><span style=\"font-family: Times New Roman, serif\"><span style=\"font-size: large\">Doctora Laura Cristina Mej\u00eda.<\/span><\/span><\/p>\n<\/li>\n<li>\n<p class=\"western\" lang=\"es-ES\" align=\"justify\"><span style=\"font-family: Times New Roman, serif\"><span style=\"font-size: large\">Terapeuta Jes\u00fas Mar\u00eda Carrizo.<\/span><\/span><\/p>\n<\/li>\n<\/ul>\n<p class=\"western\" lang=\"es-ES\" align=\"justify\"><span style=\"font-family: Times New Roman, serif\"><span style=\"font-size: large\">Tambi\u00e9n deseo dar las gracias a todas las personas que se han inscrito y a sus generosos donativos, gracias a los cuales ha sido posible la realizaci\u00f3n del evento.<\/span><\/span><\/p>\n<p class=\"western\" lang=\"es-ES\" align=\"justify\"><span style=\"font-family: Times New Roman, serif\"><span style=\"font-size: large\">Abrimos un nuevo plazo para que las personas que no pudieron inscribirse al Simposio puedan hacerlo ahora y as\u00ed poder ver los videos grabados durante el evento.<\/span><\/span><\/p>\n<p class=\"western\" align=\"justify\"><span style=\"color: #000080\"><span lang=\"zxx\"><u><a href=\"https:\/\/asoc-terapia-regresiva.es\/simposio\"><span style=\"font-family: Times New Roman, serif\"><span style=\"font-size: large\"><span lang=\"es-ES\">https:\/\/asoc-terapia-regresiva.es\/simposio<\/span><\/span><\/span><\/a><\/u><\/span><\/span><\/p>\n<p class=\"western\" align=\"justify\"><span style=\"font-family: Times New Roman, serif\"><span style=\"font-size: large\"><span lang=\"es-ES\">La <\/span><\/span><\/span><span style=\"font-family: Times New Roman, serif\"><span style=\"font-size: large\"><span lang=\"es-ES\"><i>AETR<\/i><\/span><\/span><\/span><span style=\"font-family: Times New Roman, serif\"><span style=\"font-size: large\"><span lang=\"es-ES\"> es una Asociaci\u00f3n sin \u00e1nimo de lucro y se sustenta de las cuotas de sus miembros; por eso solicitamos a las personas que decidan inscribirse <\/span><\/span><\/span><span style=\"font-family: Times New Roman, serif\"><span style=\"font-size: large\"><span lang=\"es-ES\"><i>a posteriori<\/i><\/span><\/span><\/span><span style=\"font-family: Times New Roman, serif\"><span style=\"font-size: large\"><span lang=\"es-ES\"> para poder ver todos los videos grabados durante el Simposio que realicen una contribuci\u00f3n consciente para poder soportar los gastos que conlleva la celebraci\u00f3n de este tipo de actividades y para poder continuar con la misi\u00f3n de nuestra Asociaci\u00f3n.<\/span><\/span><\/span><\/p>\n<p class=\"western\" align=\"justify\"><span style=\"font-family: Times New Roman, serif\"><span style=\"font-size: large\"><span lang=\"es-ES\">Tanto las personas inscritas antes del Simposio como aquellas que deseen inscribirse a posteriori, recibir\u00e1n dentro de algunos dias un enlace privado de \u00ab<\/span><\/span><\/span><span style=\"font-family: Times New Roman, serif\"><span style=\"font-size: large\"><span lang=\"es-ES\"><i>YouTube<\/i><\/span><\/span><\/span><span style=\"font-family: Times New Roman, serif\"><span style=\"font-size: large\"><span lang=\"es-ES\">\u00bb<\/span><\/span><\/span><span style=\"font-family: Times New Roman, serif\"><span style=\"font-size: large\"><span lang=\"es-ES\"> para poder ver todos los videos grabados.<\/span><\/span><\/span><\/p>\n<p class=\"western\" align=\"justify\"><span style=\"font-family: Times New Roman, serif\"><span style=\"font-size: large\"><span lang=\"es-ES\">En caso de alguna incidencia, poneros en contacto con nuestro Vocal de Asuntos Tecnol\u00f3gicos, <\/span><\/span><\/span><span style=\"font-family: Times New Roman, serif\"><span style=\"font-size: large\"><span lang=\"es-ES\"><b>Jos\u00e9 Antonio Delgado,<\/b><\/span><\/span><\/span><span style=\"font-family: Times New Roman, serif\"><span style=\"font-size: large\"><span lang=\"es-ES\"> en la siguiente direcci\u00f3n:<\/span><\/span><\/span><\/p>\n<p class=\"western\" lang=\"es-ES\" align=\"justify\"><span style=\"font-family: Times New Roman, serif\"><span style=\"font-size: large\">jadelcue<img loading=\"lazy\" decoding=\"async\" class=\"alignnone size-full wp-image-1634\" src=\"https:\/\/animaweb.cat\/files\/2021\/11\/A_que_dansa.gif\" alt=\"A que dansa.\" width=\"25\" height=\"23\" \/>gmail.com<\/span><\/span><\/p>\n<p class=\"western\" style=\"text-align: center\" align=\"justify\"><span style=\"font-family: Times New Roman, serif\"><span style=\"font-size: large\"><span lang=\"es-ES\">Si quieres ayudar y que llegue a quienes pueda interesarles comparte la siguiente imagen por \u00ab<\/span><\/span><\/span><span style=\"font-family: Times New Roman, serif\"><span style=\"font-size: large\"><span lang=\"es-ES\"><i>WhatsApp<\/i><\/span><\/span><\/span><span style=\"font-family: Times New Roman, serif\"><span style=\"font-size: large\"><span lang=\"es-ES\">\u00bb<\/span><\/span><\/span><span style=\"font-family: Times New Roman, serif\"><span style=\"font-size: large\"><span lang=\"es-ES\"> o redes sociales:<\/span><\/span><\/span><\/p>\n<p><img loading=\"lazy\" decoding=\"async\" class=\"aligncenter wp-image-1927 size-full\" title=\"II Simposio Internacional de Terapia Regresiva. Inscripci\u00f3n a posteriori. Cartel.\" src=\"https:\/\/animaweb.cat\/files\/2022\/07\/Cartel_post_2_simposio_72ppp_800x450px.png\" alt=\"II Simposio Internacional de Terapia Regresiva. Inscripci\u00f3n a posteriori. Cartel.\" width=\"800\" height=\"450\" srcset=\"https:\/\/animaweb.blog.pangea.org\/files\/2022\/07\/Cartel_post_2_simposio_72ppp_800x450px.png 800w, https:\/\/animaweb.blog.pangea.org\/files\/2022\/07\/Cartel_post_2_simposio_72ppp_800x450px-300x169.png 300w, https:\/\/animaweb.blog.pangea.org\/files\/2022\/07\/Cartel_post_2_simposio_72ppp_800x450px-768x432.png 768w\" sizes=\"auto, (max-width: 709px) 85vw, (max-width: 909px) 67vw, (max-width: 984px) 61vw, (max-width: 1362px) 45vw, 600px\" \/><span style=\"color: #000080\"><span lang=\"zxx\"><u><a href=\"https:\/\/asoc-terapia-regresiva.es\/wp-content\/uploads\/2022\/07\/cartel-post-simposio.jpg\"><span style=\"font-family: Times New Roman, serif\"><span style=\"font-size: large\"><span lang=\"es-ES\">https:\/\/asoc-terapia-regresiva.es\/wp-content\/uploads\/2022\/07\/cartel-post-simposio.jpg<\/span><\/span><\/span><\/a><\/u><\/span><\/span><\/p>\n<p class=\"western\" lang=\"es-ES\" align=\"justify\"><span style=\"font-family: Times New Roman, serif\"><span style=\"font-size: large\">Recibid un cordial saludo y las mayores Bendiciones de la Vida.<\/span><\/span><\/p>\n<p class=\"western\" lang=\"es-ES\" align=\"justify\"><span style=\"font-family: Times New Roman, serif\"><span style=\"font-size: large\">M\u00e1laga. S\u00e1bado, a 2 de julio de 2022.<\/span><\/span><\/p>\n<p class=\"western\" lang=\"es-ES\" align=\"right\"><span style=\"font-family: Times New Roman, serif\"><span style=\"font-size: large\"><b>Carlos Gonz\u00e1lez Delgado.<\/b><\/span><\/span><\/p>\n<p class=\"western\" align=\"right\"><span style=\"font-family: Times New Roman, serif\"><span style=\"font-size: large\"><span lang=\"es-ES\">Presidente de la <\/span><\/span><\/span><span style=\"font-family: Times New Roman, serif\"><span style=\"font-size: large\"><span lang=\"es-ES\"><i>Asociaci\u00f3n Espa\u00f1ola de Terapia Regresiva (AETR)<\/i><\/span><\/span><\/span><span style=\"font-family: Times New Roman, serif\"><span style=\"font-size: large\"><span lang=\"es-ES\">.<\/span><\/span><\/span><\/p>\n<p class=\"western\" align=\"justify\"><span style=\"font-family: Times New Roman, serif\"><span style=\"font-size: large\"><span lang=\"es-ES\">Pod\u00e9is visualizar la entrevista concedida a <\/span><\/span><\/span><span style=\"font-family: Times New Roman, serif\"><span style=\"font-size: large\"><span lang=\"es-ES\"><b>Carlos Gon<\/b><\/span><\/span><\/span><span style=\"color: #000000\"><span style=\"font-family: Times New Roman, serif\"><span style=\"font-size: large\"><span lang=\"es-ES\"><b>z\u00e1<\/b><\/span><\/span><\/span><\/span><span style=\"font-family: Times New Roman, serif\"><span style=\"font-size: large\"><span lang=\"es-ES\"><b>lez Delgado<\/b><\/span><\/span><\/span><span style=\"font-family: Times New Roman, serif\"><span style=\"font-size: large\"><span lang=\"es-ES\"> por <\/span><\/span><\/span><span style=\"font-family: Times New Roman, serif\"><span style=\"font-size: large\"><span lang=\"es-ES\"><b>M\u00f3nica L\u00f3pez<\/b><\/span><\/span><\/span> <span style=\"color: #000000\"><span style=\"font-family: Times New Roman, serif\"><span style=\"font-size: large\"><span lang=\"es-ES\">desde el programa <\/span><\/span><\/span><\/span><span style=\"color: #000000\"><span style=\"font-family: Times New Roman, serif\"><span style=\"font-size: large\"><span lang=\"es-ES\"><i>Mijas Hoy<\/i><\/span><\/span><\/span><\/span><span style=\"color: #000000\"><span style=\"font-family: Times New Roman, serif\"><span style=\"font-size: large\"><span lang=\"es-ES\">:<\/span><\/span><\/span><\/span><\/p>\n<p align=\"center\"><a href=\"https:\/\/odysee.com\/@libros-castellano:c\/Mijas_Hoy_Entrevista_a_Carlos_Gonzalez_Delgado_presentando_Segundo_Simposio_Internacional_de_Terapia_Regresiva:f\"><img loading=\"lazy\" decoding=\"async\" class=\"aligncenter wp-image-1926 size-full\" title=\"Entrevista de M\u00f3nica L\u00f3pez de Mijas Hoy a Carlos Gonz\u00e1lez Delgado presentat el Segon Simposi Internacional de Ter\u00e0pia Regressiva. Odysee.\" src=\"https:\/\/animaweb.cat\/files\/2022\/07\/2022-06-20_MIjas_Hoy_Entrevista_a_Carlos_Gonzalez_Delgado_72px_800x449px.png\" alt=\"Entrevista de M\u00f3nica L\u00f3pez de Mijas Hoy a Carlos Gonz\u00e1lez Delgado presentat el Segon Simposi Internacional de Ter\u00e0pia Regressiva. Odysee.\" width=\"800\" height=\"449\" srcset=\"https:\/\/animaweb.blog.pangea.org\/files\/2022\/07\/2022-06-20_MIjas_Hoy_Entrevista_a_Carlos_Gonzalez_Delgado_72px_800x449px.png 800w, https:\/\/animaweb.blog.pangea.org\/files\/2022\/07\/2022-06-20_MIjas_Hoy_Entrevista_a_Carlos_Gonzalez_Delgado_72px_800x449px-300x168.png 300w, https:\/\/animaweb.blog.pangea.org\/files\/2022\/07\/2022-06-20_MIjas_Hoy_Entrevista_a_Carlos_Gonzalez_Delgado_72px_800x449px-768x431.png 768w\" sizes=\"auto, (max-width: 709px) 85vw, (max-width: 909px) 67vw, (max-width: 984px) 61vw, (max-width: 1362px) 45vw, 600px\" \/><\/a><\/p>\n<p class=\"western\" align=\"center\"><span style=\"font-family: Times New Roman, serif\"><span style=\"font-size: large\"><a href=\"https:\/\/odysee.com\/@libros-castellano:c\/Mijas_Hoy_Entrevista_a_Carlos_Gonzalez_Delgado_presentando_Segundo_Simposio_Internacional_de_Terapia_Regresiva:f\">https:\/\/odysee.com\/@libros-castellano:c\/Mijas_Hoy_Entrevista_a_Carlos_Gonzalez_Delgado_presentando_Segundo_Simposio_Internacional_de_Terapia_Regresiva:f<\/a><\/span><\/span><\/p>\n<p class=\"western\" align=\"justify\"><span style=\"font-family: Times New Roman, serif\"><span style=\"font-size: large\"><span lang=\"es-ES\">Entrevista de M\u00f3nica L\u00f3pez desde el programa \u00ab<\/span><\/span><\/span><span style=\"font-family: Times New Roman, serif\"><span style=\"font-size: large\"><span lang=\"es-ES\"><i>Mijas Hoy<\/i><\/span><\/span><\/span><span style=\"font-family: Times New Roman, serif\"><span style=\"font-size: large\"><span lang=\"es-ES\">\u00bb al psic\u00f3logo <\/span><\/span><\/span><span style=\"font-family: Times New Roman, serif\"><span style=\"font-size: large\"><span lang=\"es-ES\"><b>Carlos Gonz\u00e1lez Delgado<\/b><\/span><\/span><\/span><span style=\"font-family: Times New Roman, serif\"><span style=\"font-size: large\"><span lang=\"es-ES\"> presentando el tercer encuentro de la <\/span><\/span><\/span><span style=\"font-family: Times New Roman, serif\"><span style=\"font-size: large\"><span lang=\"es-ES\"><i>Asociaci\u00f3n Espa\u00f1ola de Terapia Regresiva (AETR)<\/i><\/span><\/span><\/span><span style=\"font-family: Times New Roman, serif\"><span style=\"font-size: large\"><span lang=\"es-ES\"> y el <\/span><\/span><\/span><span style=\"font-family: Times New Roman, serif\"><span style=\"font-size: large\"><span lang=\"es-ES\"><i>Segundo Simposio Internacional de Terapia Regresiva<\/i><\/span><\/span><\/span> <span style=\"color: #000000\"><span style=\"font-family: Times New Roman, serif\"><span style=\"font-size: large\"><span lang=\"es-ES\">realizado<\/span><\/span><\/span><\/span><span style=\"font-family: Times New Roman, serif\"><span style=\"font-size: large\"><span lang=\"es-ES\"> los d\u00edas 24, 25 y 26 de junio del 2022. Tambi\u00e9n presenta la novedad editorial \u00ab<\/span><\/span><\/span><span style=\"font-family: Times New Roman, serif\"><span style=\"font-size: large\"><span lang=\"es-ES\"><i>El alma sin velo<\/i><\/span><\/span><\/span><span style=\"font-family: Times New Roman, serif\"><span style=\"font-size: large\"><span lang=\"es-ES\">\u00bb, el primer libro editado por la <\/span><\/span><\/span><span style=\"font-family: Times New Roman, serif\"><span style=\"font-size: large\"><span lang=\"es-ES\"><i>AETR.<\/i><\/span><\/span><\/span><\/p>\n<p class=\"western\" lang=\"es-ES\" align=\"justify\"><span style=\"font-family: Times New Roman, serif\"><span style=\"font-size: large\">Hablan: M\u00f3nica L\u00f3pez y Carlos Gonz\u00e1lez Delgado. Duraci\u00f3n: 13 minutos y 2 segundos. Idioma: castellano.<\/span><\/span><\/p>\n<p class=\"western\" lang=\"es-ES\" align=\"justify\"><span style=\"font-family: Times New Roman, serif\"><span style=\"font-size: large\">Enlace del programa original:<\/span><\/span><\/p>\n<p class=\"western\" align=\"justify\"><span style=\"color: #000080\"><span lang=\"zxx\"><u><a href=\"https:\/\/mijascomunicacion.com\/mijas-340-tv\/52\/mijas-hoy-entrevistas\/1922\/\"><span style=\"font-family: Times New Roman, serif\"><span style=\"font-size: large\"><span lang=\"es-ES\">https:\/\/mijascomunicacion.com\/mijas-340-tv\/52\/mijas-hoy-entrevistas\/1922\/<\/span><\/span><\/span><\/a><\/u><\/span><\/span><\/p>\n<p class=\"western\" lang=\"es-ES\" align=\"justify\"><span style=\"font-family: Times New Roman, serif\"><span style=\"font-size: large\">Enlace para descargar el v\u00eddeo de la entrevista:<\/span><\/span><\/p>\n<p class=\"western\" align=\"justify\"><span style=\"color: #000080\"><span lang=\"zxx\"><u><a href=\"https:\/\/d3hxfeymwma1yc.cloudfront.net\/2206201209_20-carlos-gonzalez.mp4\"><span style=\"font-family: Times New Roman, serif\"><span style=\"font-size: large\"><span lang=\"es-ES\">https:\/\/d3hxfeymwma1yc.cloudfront.net\/2206201209_20-carlos-gonzalez.mp4<\/span><\/span><\/span><\/a><\/u><\/span><\/span><\/p>\n<p class=\"western\" align=\"justify\"><span style=\"font-family: Times New Roman, serif\"><span style=\"font-size: large\"><span lang=\"es-ES\">Enlace para aportar donativos para la celebraci\u00f3n de este y otros eventos similares:<\/span><\/span><\/span><\/p>\n<p class=\"western\" align=\"justify\"><span style=\"color: #000080\"><span lang=\"zxx\"><u><a href=\"https:\/\/eventos.asoc-terapia-regresiva.es\/c\/xmyo\/xz_wzv0r\/qlbysodenke\"><span style=\"font-family: Times New Roman, serif\"><span style=\"font-size: large\"><span lang=\"es-ES\">https:\/\/eventos.asoc-terapia-regresiva.es\/c\/xmyo\/xz_wzv0r\/qlbysodenke<\/span><\/span><\/span><\/a><\/u><\/span><\/span><\/p>","protected":false},"excerpt":{"rendered":"<p>II Simposio Internacional de Terapia Regresiva. Inscripci\u00f3n a posteriori. y III Congreso de la Asociaci\u00f3n Espa\u00f1ola de Terapia Regresiva (AETR) 2022. Inscripci\u00f3n a posteriori. (Para personas no inscritas con anterioridad. &hellip; <a href=\"https:\/\/animaweb.blog.pangea.org\/es\/2022\/07\/31\/ii-simposi-internacional-de-terapia-regressiva-inscripcio-a-posteriori\/\" class=\"more-link\">Continuar leyendo<span class=\"screen-reader-text\"> \u00abII Simposio Internacional de Terapia Regresiva. Inscripci\u00f3n a posteriori.\u00bb<\/span><\/a><\/p>\n","protected":false},"author":12345698,"featured_media":0,"comment_status":"closed","ping_status":"open","sticky":false,"template":"","format":"standard","meta":{"ngg_post_thumbnail":0,"footnotes":""},"categories":[169474,119692,169485,169515,169513,150028,169516,169541,169514,171096,169510,169200,169512,169471,139229,169494,167,169507,169540,150011,150049,169490],"tags":[],"class_list":["post-1925","post","type-post","status-publish","format-standard","hentry","category-associacio-espanyola-de-terapia-regressiva","category-doctor-jose-luis-cabouli","category-doctor-juan-jose-lopez-martinez","category-doctora-laura-cristina-mejia","category-doctora-sonia-andres-espallardo","category-entrevistes-de-video","category-jesus-maria-carrizo","category-jose-antonio-delgado","category-licenciada-heike-bettendorf","category-llicenciat-marion-boon","category-licenciado-andy-tomlinson","category-llicenciat-carlos-gonzalez-delgado","category-licenciado-jorge-luis-micheli","category-llicenciat-leopoldo-ceballos","category-malaga","category-mijas-hoy","category-online","category-presentacions-en-video","category-simposis-esdeveniments","category-suicidi","category-terapia-regressiva","category-video-en-castella"],"views":194,"_links":{"self":[{"href":"https:\/\/animaweb.blog.pangea.org\/es\/wp-json\/wp\/v2\/posts\/1925","targetHints":{"allow":["GET"]}}],"collection":[{"href":"https:\/\/animaweb.blog.pangea.org\/es\/wp-json\/wp\/v2\/posts"}],"about":[{"href":"https:\/\/animaweb.blog.pangea.org\/es\/wp-json\/wp\/v2\/types\/post"}],"author":[{"embeddable":true,"href":"https:\/\/animaweb.blog.pangea.org\/es\/wp-json\/wp\/v2\/users\/12345698"}],"replies":[{"embeddable":true,"href":"https:\/\/animaweb.blog.pangea.org\/es\/wp-json\/wp\/v2\/comments?post=1925"}],"version-history":[{"count":3,"href":"https:\/\/animaweb.blog.pangea.org\/es\/wp-json\/wp\/v2\/posts\/1925\/revisions"}],"predecessor-version":[{"id":1950,"href":"https:\/\/animaweb.blog.pangea.org\/es\/wp-json\/wp\/v2\/posts\/1925\/revisions\/1950"}],"wp:attachment":[{"href":"https:\/\/animaweb.blog.pangea.org\/es\/wp-json\/wp\/v2\/media?parent=1925"}],"wp:term":[{"taxonomy":"category","embeddable":true,"href":"https:\/\/animaweb.blog.pangea.org\/es\/wp-json\/wp\/v2\/categories?post=1925"},{"taxonomy":"post_tag","embeddable":true,"href":"https:\/\/animaweb.blog.pangea.org\/es\/wp-json\/wp\/v2\/tags?post=1925"}],"curies":[{"name":"wp","href":"https:\/\/api.w.org\/{rel}","templated":true}]}}