{"id":1880,"date":"2022-06-18T08:07:59","date_gmt":"2022-06-18T06:07:59","guid":{"rendered":"https:\/\/animaweb.cat\/?p=1880"},"modified":"2022-07-11T07:26:11","modified_gmt":"2022-07-11T05:26:11","slug":"novetat-literaria-de-lanima-des-de-malaga","status":"publish","type":"post","link":"https:\/\/animaweb.blog.pangea.org\/es\/2022\/06\/18\/novetat-literaria-de-lanima-des-de-malaga\/","title":{"rendered":"Novedad Literaria del Alma desde M\u00e1laga&#8230;"},"content":{"rendered":"<p class=\"western\" lang=\"es-ES\" align=\"center\"><span style=\"font-family: Times New Roman, serif\"><span style=\"font-size: x-large\"><b>Novedad Literaria del Alma desde M\u00e1laga&#8230;<\/b><\/span><\/span><\/p>\n<p class=\"western\" lang=\"es-ES\" align=\"center\"><span style=\"font-family: Times New Roman, serif\"><span style=\"font-size: large\"><b>Experiencias de Doce Terapeutas con la Terapia Regresiva.<\/b><\/span><\/span><\/p>\n<p align=\"center\"><a href=\"https:\/\/odysee.com\/@libros-castellano:c\/Primer_libro_de_la_Asociacion_Espanola_de_Terapia_Regresiva:e\"><img loading=\"lazy\" decoding=\"async\" class=\"aligncenter wp-image-1881 size-full\" title=\"Experiencias de Doce Terapeutas con la Terapia Regresiva. Portada en castellano.\" src=\"https:\/\/animaweb.cat\/files\/2022\/06\/Presentacion_libro_Experiencias_de_Doce_Terapeutas_con_la_Terapia_Regresiva_AETR_72ppp_800x570px.png\" alt=\"Experiencias de Doce Terapeutas con la Terapia Regresiva. Portada en castellano.\" width=\"800\" height=\"570\" srcset=\"https:\/\/animaweb.blog.pangea.org\/files\/2022\/06\/Presentacion_libro_Experiencias_de_Doce_Terapeutas_con_la_Terapia_Regresiva_AETR_72ppp_800x570px.png 800w, https:\/\/animaweb.blog.pangea.org\/files\/2022\/06\/Presentacion_libro_Experiencias_de_Doce_Terapeutas_con_la_Terapia_Regresiva_AETR_72ppp_800x570px-300x214.png 300w, https:\/\/animaweb.blog.pangea.org\/files\/2022\/06\/Presentacion_libro_Experiencias_de_Doce_Terapeutas_con_la_Terapia_Regresiva_AETR_72ppp_800x570px-768x547.png 768w\" sizes=\"auto, (max-width: 709px) 85vw, (max-width: 909px) 67vw, (max-width: 984px) 61vw, (max-width: 1362px) 45vw, 600px\" \/><\/a><\/p>\n<p align=\"center\"><a href=\"https:\/\/odysee.com\/@libros-castellano:c\/Primer_libro_de_la_Asociacion_Espanola_de_Terapia_Regresiva:e\">https:\/\/odysee.com\/@libros-castellano:c\/Primer_libro_de_la_Asociacion_Espanola_de_Terapia_Regresiva:e<\/a><\/p>\n<p class=\"western\" lang=\"es-ES\" align=\"justify\"><span style=\"font-family: Times New Roman, serif\"><span style=\"font-size: large\">Novedad desde M\u00e1laga. Centro ATMA, sede de la <i>Asociaci\u00f3n Espa\u00f1ola de Terapia Regresiva (AETR)<\/i>. Primer libro sobre Terapia Regresiva editado por nuestra Asociaci\u00f3n. Obra coordinada por Carlos Gonz\u00e1lez Delgado, con la colaboraci\u00f3n de 12 profesionales especializados en Terapia Regresiva miembros de nuestra Asociaci\u00f3n.<\/span><\/span><\/p>\n<p class=\"western\" lang=\"es-ES\" align=\"justify\"><span style=\"font-family: Times New Roman, serif\"><span style=\"font-size: large\">Co-autores de la obra: Andr\u00e9s Lagar, Carlos Gonz\u00e1lez, Chelo Rodr\u00edguez, Gina Rodr\u00edguez, Jos\u00e9 Lu\u00eds Cabouli, Leopoldo Ceballos, Luisa Estremera, Maithe Pardo, Mar\u00eda Jos\u00e9 Panero, Sergi Estrany, Sonia Tapiador y Susana Villegas.<\/span><\/span><\/p>\n<p class=\"western\" lang=\"es-ES\" align=\"justify\"><span style=\"font-family: Times New Roman, serif\"><span style=\"font-size: large\">Si deseas saber m\u00e1s sobre Terapia Regresiva, no dejes de leer nuestro libro con m\u00e1s de 300 p\u00e1ginas. Contiene transcripciones literales de las regresiones, comentarios de los terapeutas y testimonios reales de los propios pacientes. Demuestra la alta eficacia de la t\u00e9cnica en una variedad muy amplia de situaciones terap\u00e9uticas.<\/span><\/span><\/p>\n<p class=\"western\" lang=\"es-ES\" align=\"justify\"><span style=\"font-family: Times New Roman, serif\"><span style=\"font-size: large\">Puedes adquirir el libro en formato de m\u00e1xima calidad a trav\u00e9s de sus propios coautores o de cualquier librer\u00eda. No olvides que las versiones ofrecidas en plataformas pueden carecer de solapas y ser de inferior calidad.<\/span><\/span><\/p>\n<p class=\"western\" lang=\"es-ES\" align=\"justify\"><span style=\"font-family: Times New Roman, serif\"><span style=\"font-size: large\">Este obra ha sido financiada por los propios Co-autores y sus derechos de autor cedidos generosamente a favor de la <i>AETR<\/i>. Como presidente de la <i>AETR<\/i> deseo agradecer este gesto generoso a todos los Co-autores de esta obra, al tiempo de reconocer el alto nivel profesional que han alcanzado y que claramente queda reflejado en sus p\u00e1ginas.<\/span><\/span><\/p>\n<p class=\"western\" align=\"justify\"><span style=\"font-family: Times New Roman, serif\"><span style=\"font-size: large\"><span lang=\"es-ES\">Bendiciones eternas para todos los usuarios de nuestros servicios, para todos los Co-autores de esta obra y para todos los miem<\/span><\/span><\/span><span style=\"color: #000000\"><span style=\"font-family: Times New Roman, serif\"><span style=\"font-size: large\"><span lang=\"es-ES\">br<\/span><\/span><\/span><\/span><span style=\"font-family: Times New Roman, serif\"><span style=\"font-size: large\"><span lang=\"es-ES\">os de la AETR. Juntos seguimos avanzando.<\/span><\/span><\/span><\/p>\n<p class=\"western\" align=\"justify\"><span style=\"font-family: Times New Roman, serif\"><span style=\"font-size: large\"><span lang=\"es-ES\">Libro: Experiencia de doce terapeutas con la terapia regresiva. Coordinador: Carlos Gon<\/span><\/span><\/span><span style=\"color: #000000\"><span style=\"font-family: Times New Roman, serif\"><span style=\"font-size: large\"><span lang=\"es-ES\">z\u00e1<\/span><\/span><\/span><\/span><span style=\"font-family: Times New Roman, serif\"><span style=\"font-size: large\"><span lang=\"es-ES\">lez Delgado.<\/span><\/span><\/span><\/p>\n<p class=\"western\" align=\"justify\"><span style=\"font-family: Times New Roman, serif\"><span style=\"font-size: large\"><span lang=\"es-ES\">Fecha de creaci\u00f3n en \u00ab<\/span><\/span><\/span><span style=\"font-family: Times New Roman, serif\"><span style=\"font-size: large\"><span lang=\"es-ES\"><i>FaceBook<\/i><\/span><\/span><\/span><span style=\"font-family: Times New Roman, serif\"><span style=\"font-size: large\"><span lang=\"es-ES\">\u00bb: <\/span><\/span><\/span><span style=\"font-family: Times New Roman, serif\"><span style=\"font-size: large\"><span lang=\"es-ES\">S\u00e1bado, <\/span><\/span><\/span><span style=\"font-family: Times New Roman, serif\"><span style=\"font-size: large\"><span lang=\"es-ES\">11 de junio del 2022 a las 10 horas y 1 minuto. Duraci\u00f3n: 1 minut<\/span><\/span><\/span><span style=\"color: #000000\"><span style=\"font-family: Times New Roman, serif\"><span style=\"font-size: large\"><span lang=\"es-ES\">o<\/span><\/span><\/span><\/span><span style=\"font-family: Times New Roman, serif\"><span style=\"font-size: large\"><span lang=\"es-ES\"> y 59 segundos. Fecha de creaci\u00f3n en \u00ab<i>Odysee<\/i>\u00bb: S\u00e1bado, 18 de junio del 2022. Idioma: castellano.<br \/>\n<\/span><\/span><\/span><\/p>\n<p class=\"western\" lang=\"es-ES\" align=\"justify\"><span style=\"font-family: Times New Roman, serif\"><span style=\"font-size: large\">Fuente:<\/span><\/span><\/p>\n<p class=\"western\" align=\"justify\"><span style=\"color: #000080\"><span lang=\"zxx\"><u><a href=\"https:\/\/www.facebook.com\/100063754560075\/videos\/352864613539417\/\"><span style=\"font-family: Times New Roman, serif\"><span style=\"font-size: large\"><span lang=\"es-ES\">https:\/\/www.facebook.com\/100063754560075\/videos\/352864613539417\/<\/span><\/span><\/span><\/a><\/u><\/span><\/span><\/p>","protected":false},"excerpt":{"rendered":"<p>Novedad Literaria del Alma desde M\u00e1laga&#8230; Experiencias de Doce Terapeutas con la Terapia Regresiva. https:\/\/odysee.com\/@libros-castellano:c\/Primer_libro_de_la_Asociacion_Espanola_de_Terapia_Regresiva:e Novedad desde M\u00e1laga. Centro ATMA, sede de la Asociaci\u00f3n Espa\u00f1ola de Terapia Regresiva (AETR). Primer &hellip; <a href=\"https:\/\/animaweb.blog.pangea.org\/es\/2022\/06\/18\/novetat-literaria-de-lanima-des-de-malaga\/\" class=\"more-link\">Continuar leyendo<span class=\"screen-reader-text\"> \u00abNovedad Literaria del Alma desde M\u00e1laga&#8230;\u00bb<\/span><\/a><\/p>\n","protected":false},"author":12345698,"featured_media":0,"comment_status":"closed","ping_status":"open","sticky":false,"template":"","format":"standard","meta":{"ngg_post_thumbnail":0,"footnotes":""},"categories":[169522,169474,169478,169523,119692,169524,169200,169471,169525,169526,169527,169507,150063,169528,169529,169530,150049],"tags":[],"class_list":["post-1880","post","type-post","status-publish","format-standard","hentry","category-andres-lagar","category-associacio-espanyola-de-terapia-regressiva","category-centre-atma-malaga","category-chelo-rodriguez","category-doctor-jose-luis-cabouli","category-gina-rodriguez","category-llicenciat-carlos-gonzalez-delgado","category-llicenciat-leopoldo-ceballos","category-luisa-estremera","category-maithe-pardo","category-maria-jose-panero","category-presentacions-en-video","category-reencarnacio","category-sergi-estrany","category-sonia-tapiador","category-susana-villegas","category-terapia-regressiva"],"views":186,"_links":{"self":[{"href":"https:\/\/animaweb.blog.pangea.org\/es\/wp-json\/wp\/v2\/posts\/1880","targetHints":{"allow":["GET"]}}],"collection":[{"href":"https:\/\/animaweb.blog.pangea.org\/es\/wp-json\/wp\/v2\/posts"}],"about":[{"href":"https:\/\/animaweb.blog.pangea.org\/es\/wp-json\/wp\/v2\/types\/post"}],"author":[{"embeddable":true,"href":"https:\/\/animaweb.blog.pangea.org\/es\/wp-json\/wp\/v2\/users\/12345698"}],"replies":[{"embeddable":true,"href":"https:\/\/animaweb.blog.pangea.org\/es\/wp-json\/wp\/v2\/comments?post=1880"}],"version-history":[{"count":7,"href":"https:\/\/animaweb.blog.pangea.org\/es\/wp-json\/wp\/v2\/posts\/1880\/revisions"}],"predecessor-version":[{"id":1913,"href":"https:\/\/animaweb.blog.pangea.org\/es\/wp-json\/wp\/v2\/posts\/1880\/revisions\/1913"}],"wp:attachment":[{"href":"https:\/\/animaweb.blog.pangea.org\/es\/wp-json\/wp\/v2\/media?parent=1880"}],"wp:term":[{"taxonomy":"category","embeddable":true,"href":"https:\/\/animaweb.blog.pangea.org\/es\/wp-json\/wp\/v2\/categories?post=1880"},{"taxonomy":"post_tag","embeddable":true,"href":"https:\/\/animaweb.blog.pangea.org\/es\/wp-json\/wp\/v2\/tags?post=1880"}],"curies":[{"name":"wp","href":"https:\/\/api.w.org\/{rel}","templated":true}]}}