{"id":1875,"date":"2022-06-14T19:24:16","date_gmt":"2022-06-14T17:24:16","guid":{"rendered":"https:\/\/animaweb.cat\/?p=1875"},"modified":"2022-06-15T22:08:41","modified_gmt":"2022-06-15T20:08:41","slug":"entrevista-al-doctor-cabouli-per-el-periodico-en-alemany","status":"publish","type":"post","link":"https:\/\/animaweb.blog.pangea.org\/es\/2022\/06\/14\/entrevista-al-doctor-cabouli-per-el-periodico-en-alemany\/","title":{"rendered":"Entrevista al Doctor Cabouli para El Peri\u00f3dico en alem\u00e1n."},"content":{"rendered":"<p class=\"western\" align=\"center\"><span style=\"font-size: x-large\"><b><span style=\"font-family: Times New Roman, serif\"><span lang=\"es-ES\">Entrevista al Doctor Cabouli p<\/span><\/span><span style=\"color: #000000\"><span style=\"font-family: Times New Roman, serif\"><span lang=\"es-ES\">a<\/span><\/span><\/span><span style=\"font-family: Times New Roman, serif\"><span lang=\"es-ES\">r<\/span><\/span><span style=\"font-family: Times New Roman, serif\"><span lang=\"es-ES\">a<\/span><\/span><span style=\"font-family: Times New Roman, serif\"><span lang=\"es-ES\"> El Peri\u00f3dico en alem\u00e1n.<\/span><\/span><\/b><\/span><\/p>\n<p class=\"western\" align=\"justify\"><span style=\"font-family: Times New Roman, serif\"><span style=\"font-size: large\"><span lang=\"es-ES\"><span lang=\"ca-ES\"><img loading=\"lazy\" decoding=\"async\" class=\"alignleft wp-image-1013 size-full\" title=\"Bandera alemana animada.\" src=\"https:\/\/animaweb.cat\/files\/2020\/11\/Bandera_alemanya_animada.gif\" alt=\"Bandera alemana animada.\" width=\"68\" height=\"50\" \/><\/span>La entrevista concedida por Gaspar Hern\u00e1ndez al Doctor Jos\u00e9 Lu\u00eds Cabouli p<\/span><\/span><\/span><span style=\"color: #000000\"><span style=\"font-family: Times New Roman, serif\"><span style=\"font-size: large\"><span lang=\"es-ES\">a<\/span><\/span><\/span><\/span><span style=\"font-family: Times New Roman, serif\"><span style=\"font-size: large\"><span lang=\"es-ES\">r<\/span><\/span><\/span><span style=\"font-family: Times New Roman, serif\"><span style=\"font-size: large\"><span lang=\"es-ES\">a<\/span><\/span><\/span><span style=\"font-family: Times New Roman, serif\"><span style=\"font-size: large\"><span lang=\"es-ES\"> el rotativo \u00ab<\/span><\/span><\/span><span style=\"font-family: Times New Roman, serif\"><span style=\"font-size: large\"><span lang=\"es-ES\"><i>El Peri\u00f3dico de Catalu\u00f1a<\/i><\/span><\/span><\/span><span style=\"font-family: Times New Roman, serif\"><span style=\"font-size: large\"><span lang=\"es-ES\">\u00bb ya est\u00e1 disponible en lengua alemana. Agradecemos desde aqu\u00ed su buena labor a la persona que ha hecho la traducci\u00f3n.<\/span><\/span><\/span><\/p>\n<p class=\"western\" align=\"justify\"><span style=\"font-family: Times New Roman, serif\"><span style=\"font-size: large\"><span lang=\"es-ES\">Os recordamos que nuestro sitio web muestra directamente los apartados de sus p\u00e1ginas si la pantalla que empleamos es grande. En pantallas peque\u00f1as aparece un bot\u00f3n titulado \u00ab<\/span><\/span><\/span><span style=\"font-family: Times New Roman, serif\"><span style=\"font-size: large\"><span lang=\"es-ES\"><i>Men\u00fa<\/i><\/span><\/span><\/span><span style=\"font-family: Times New Roman, serif\"><span style=\"font-size: large\"><span lang=\"es-ES\">\u00bb. Pulsando este bot\u00f3n se pueden desplegar o bien recoger los apartados que permiten acceder <\/span><\/span><\/span><span style=\"color: #000000\"><span style=\"font-family: Times New Roman, serif\"><span style=\"font-size: large\"><span lang=\"es-ES\">a<\/span><\/span><\/span><\/span><span style=\"font-family: Times New Roman, serif\"><span style=\"font-size: large\"><span lang=\"es-ES\"> las diferentes p\u00e1ginas.<\/span><\/span><\/span><\/p>\n<p class=\"western\" lang=\"es-ES\" align=\"right\"><span style=\"font-family: Times New Roman, serif\"><span style=\"font-size: large\">Equipo del sitio web \u00ab<i>En cuerpo y alma<\/i>\u00bb.<br \/>\n<\/span><\/span><span style=\"font-family: Times New Roman, serif\"><span style=\"font-size: large\">Martes, 14 de junio del 2022.<\/span><\/span><\/p>\n<p class=\"western\" lang=\"es-ES\"><span style=\"font-family: Times New Roman, serif\"><span style=\"font-size: large\">Enlace en la p\u00e1gina de la entrevista en alem\u00e1n:<\/span><\/span><\/p>\n<p align=\"justify\"><a href=\"\/de\/jose-luis-cabouli-lanima-es-el-xofer-el-cos-el-vehicle\/\"><span style=\"font-family: Liberation Serif, Times New Roman, serif\"><span style=\"font-size: medium\"><span style=\"font-family: Times New Roman, serif\"><span style=\"font-size: x-large\"><span lang=\"de-DE\"><b>Jos\u00e9 Luis Cabouli: \u201eDie Seele ist der Fahrer; der K\u00f6rper, das Fahrzeug\u201c <\/b><\/span><\/span><\/span><span style=\"font-family: Times New Roman, serif\"><span style=\"font-size: x-large\"><span lang=\"de-DE\"><b>(<\/b><\/span><\/span><\/span><span style=\"font-family: Times New Roman, serif\"><span style=\"font-size: x-large\"><span lang=\"es-ES\"><b>Jos\u00e9 Luis Cabouli: \u00abEl alma es el ch\u00f3fer; el cuerpo, el veh\u00edculo\u00bb<\/b><\/span><\/span><\/span><span style=\"font-family: Times New Roman, serif\"><span style=\"font-size: x-large\"><span lang=\"de-DE\"><b>)<\/b><\/span><\/span><\/span><span style=\"font-family: Times New Roman, serif\"><span style=\"font-size: x-large\"><span lang=\"de-DE\"><b>.<br \/>\n<\/b><\/span><\/span><\/span><\/span><\/span><\/a><span style=\"font-family: Liberation Serif, Times New Roman, serif\"><span style=\"font-size: medium\"><span style=\"font-family: Times New Roman, serif\"><span style=\"font-size: large\"><span lang=\"de-DE\"><b>Die Zeitung \u00abEl Peri\u00f3dico de Catalunya\u00bb. Mittwoch, 8. Oktober 2008.<br \/>\n<\/b><\/span><\/span><\/span><\/span><\/span><span style=\"font-family: Times New Roman, serif\"><span style=\"font-size: large\"><span lang=\"de-DE\"><i>Jos\u00e9 Luis Cabouli praktiziert die Therapie vergangener Leben. Er ist Arzt und Chirurg der Seele. Er geht davon aus, dass Reinkarnation existiert und arbeitet mit Patienten, die die Last von Traumata aus anderen Leben tragen.<\/i><\/span><\/span><\/span><\/p>","protected":false},"excerpt":{"rendered":"<p>Entrevista al Doctor Cabouli para El Peri\u00f3dico en alem\u00e1n. La entrevista concedida por Gaspar Hern\u00e1ndez al Doctor Jos\u00e9 Lu\u00eds Cabouli para el rotativo \u00abEl Peri\u00f3dico de Catalu\u00f1a\u00bb ya est\u00e1 disponible &hellip; <a href=\"https:\/\/animaweb.blog.pangea.org\/es\/2022\/06\/14\/entrevista-al-doctor-cabouli-per-el-periodico-en-alemany\/\" class=\"more-link\">Continuar leyendo<span class=\"screen-reader-text\"> \u00abEntrevista al Doctor Cabouli para El Peri\u00f3dico en alem\u00e1n.\u00bb<\/span><\/a><\/p>\n","protected":false},"author":12345698,"featured_media":0,"comment_status":"closed","ping_status":"open","sticky":false,"template":"","format":"standard","meta":{"ngg_post_thumbnail":0,"footnotes":""},"categories":[119692,139245,149952,150059,150063,150049,149991],"tags":[],"class_list":["post-1875","post","type-post","status-publish","format-standard","hentry","category-doctor-jose-luis-cabouli","category-el-periodico-de-catalunya","category-entrevistes-de-text","category-gaspar-hernandez","category-reencarnacio","category-terapia-regressiva","category-traduccions-a-lalemany"],"views":179,"_links":{"self":[{"href":"https:\/\/animaweb.blog.pangea.org\/es\/wp-json\/wp\/v2\/posts\/1875","targetHints":{"allow":["GET"]}}],"collection":[{"href":"https:\/\/animaweb.blog.pangea.org\/es\/wp-json\/wp\/v2\/posts"}],"about":[{"href":"https:\/\/animaweb.blog.pangea.org\/es\/wp-json\/wp\/v2\/types\/post"}],"author":[{"embeddable":true,"href":"https:\/\/animaweb.blog.pangea.org\/es\/wp-json\/wp\/v2\/users\/12345698"}],"replies":[{"embeddable":true,"href":"https:\/\/animaweb.blog.pangea.org\/es\/wp-json\/wp\/v2\/comments?post=1875"}],"version-history":[{"count":4,"href":"https:\/\/animaweb.blog.pangea.org\/es\/wp-json\/wp\/v2\/posts\/1875\/revisions"}],"predecessor-version":[{"id":1879,"href":"https:\/\/animaweb.blog.pangea.org\/es\/wp-json\/wp\/v2\/posts\/1875\/revisions\/1879"}],"wp:attachment":[{"href":"https:\/\/animaweb.blog.pangea.org\/es\/wp-json\/wp\/v2\/media?parent=1875"}],"wp:term":[{"taxonomy":"category","embeddable":true,"href":"https:\/\/animaweb.blog.pangea.org\/es\/wp-json\/wp\/v2\/categories?post=1875"},{"taxonomy":"post_tag","embeddable":true,"href":"https:\/\/animaweb.blog.pangea.org\/es\/wp-json\/wp\/v2\/tags?post=1875"}],"curies":[{"name":"wp","href":"https:\/\/api.w.org\/{rel}","templated":true}]}}