{"id":1850,"date":"2022-06-03T11:37:24","date_gmt":"2022-06-03T09:37:24","guid":{"rendered":"https:\/\/animaweb.cat\/?p=1850"},"modified":"2022-06-08T13:05:51","modified_gmt":"2022-06-08T11:05:51","slug":"introduccio-a-la-terapia-regressiva","status":"publish","type":"post","link":"https:\/\/animaweb.blog.pangea.org\/es\/2022\/06\/03\/introduccio-a-la-terapia-regressiva\/","title":{"rendered":"Introducci\u00f3n a la terapia regresiva."},"content":{"rendered":"<p class=\"western\" lang=\"es-ES\" align=\"center\"><span style=\"font-family: Times New Roman, serif\"><span style=\"font-size: x-large\"><b>Introducci\u00f3n a la terapia regresiva.<\/b><\/span><\/span><\/p>\n<p class=\"western\" align=\"center\"><b><span style=\"font-family: Times New Roman, serif\"><span style=\"font-size: large\"><span lang=\"es-ES\">Presencial y <\/span><\/span><\/span><span style=\"color: #000000\"><span style=\"font-family: Times New Roman, serif\"><span style=\"font-size: large\"><span lang=\"es-ES\">e<\/span><\/span><\/span><\/span><span style=\"font-family: Times New Roman, serif\"><span style=\"font-size: large\"><span lang=\"es-ES\">n l<\/span><\/span><\/span><span style=\"color: #000000\"><span style=\"font-family: Times New Roman, serif\"><span style=\"font-size: large\"><span lang=\"es-ES\">\u00ed<\/span><\/span><\/span><\/span><span style=\"font-family: Times New Roman, serif\"><span style=\"font-size: large\"><span lang=\"es-ES\">ne<\/span><\/span><\/span><span style=\"font-family: Times New Roman, serif\"><span style=\"font-size: large\"><span lang=\"es-ES\">a<\/span><\/span><\/span><span style=\"font-family: Times New Roman, serif\"><span style=\"font-size: large\"><span lang=\"es-ES\">.<\/span><\/span><\/span><\/b><\/p>\n<p lang=\"es-ES\" align=\"center\"><div class=\"su-youtube su-u-responsive-media-yes\"><iframe loading=\"lazy\" width=\"600\" height=\"400\" src=\"https:\/\/www.youtube.com\/embed\/oGA8OY4YZi8?\" frameborder=\"0\" allowfullscreen allow=\"autoplay; encrypted-media; picture-in-picture\" title=\"Terapia Regresiva, por Carlos Gonz\u00e1lez. 11 y 12 de Junio.\"><\/iframe><\/div>\n<p class=\"western\" lang=\"es-ES\" align=\"center\"><span style=\"font-family: Times New Roman, serif\"><span style=\"font-size: large\"><a href=\"https:\/\/youtu.be\/oGA8OY4YZi8\">https:\/\/youtu.be\/oGA8OY4YZi8<\/a><\/span><\/span><\/p>\n<p class=\"western\" lang=\"es-ES\" align=\"justify\"><span style=\"font-family: Times New Roman, serif\"><span style=\"font-size: large\">V\u00eddeo promocional. Habla: Carlos Gonz\u00e1lez Delgado, psic\u00f3logo colegiado. T\u00edtulo: Terapia Regresiva, por Carlos Gonz\u00e1lez. 11 y 12 de Junio. Perfil de publicaci\u00f3n en \u00ab<i>YouTube<\/i>\u00bb: el Rinc\u00f3n de Kiko. Fecha de publicaci\u00f3n en \u00ab<i>YouTube<\/i>\u00bb: S\u00e1bado, 4 de junio de 2022. Duraci\u00f3n: 2 minutos y 24 segundos. Idioma: castellano.<\/span><\/span><\/p>\n<p class=\"western\" lang=\"es-ES\" align=\"justify\"><span style=\"font-family: Times New Roman, serif\"><span style=\"font-size: large\">Dirigido a personas que est\u00e9n interesadas en conocer esta t\u00e9cnica y a todas aquellas que est\u00e9n plante\u00e1ndose formarse profesionalmente en la disciplina.<\/span><\/span><\/p>\n<p class=\"western\" lang=\"es-ES\" align=\"justify\"><span style=\"font-family: Times New Roman, serif\"><span style=\"font-size: large\">Curso introductorio cuyo contenido es esencialmente pr\u00e1ctico con regresiones profesionales a los asistentes hechas por sorteo.<\/span><\/span><\/p>\n<p class=\"western\" lang=\"es-ES\" align=\"justify\"><span style=\"font-family: Times New Roman, serif\"><span style=\"font-size: large\">S\u00e1bado, 11 de junio de 2022 de 10 a 20 horas y domingo, 12 de junio de 10 a 14 horas.<\/span><\/span><\/p>\n<p class=\"western\" lang=\"es-ES\" align=\"justify\"><span style=\"font-family: Times New Roman, serif\"><span style=\"font-size: large\">Calle San Jos\u00e9, 21-23, Sevilla.<\/span><\/span><\/p>\n<p class=\"western\" lang=\"es-ES\" align=\"justify\"><span style=\"font-family: Times New Roman, serif\"><span style=\"font-size: large\">Docente: Carlos Gonz\u00e1lez Delgado.<br \/>\n<\/span><\/span><span style=\"font-family: Times New Roman, serif\"><span style=\"font-size: large\">Psic\u00f3logo colegiado AO-11251<\/span><\/span><\/p>\n<p class=\"western\" lang=\"es-ES\" align=\"justify\"><span style=\"font-family: Times New Roman, serif\"><span style=\"font-size: large\">Informaci\u00f3n: +34.637.87.66.66<br \/>\n<\/span><\/span><span style=\"font-family: Times New Roman, serif\"><span style=\"font-size: large\">rincondekiko<img loading=\"lazy\" decoding=\"async\" class=\"alignnone size-full wp-image-1634\" src=\"https:\/\/animaweb.cat\/files\/2021\/11\/A_que_dansa.gif\" alt=\"A que dansa.\" width=\"25\" height=\"23\" \/>gmail.com<\/span><\/span><\/p>\n<p class=\"western\" lang=\"es-ES\" align=\"justify\"><span style=\"font-family: Times New Roman, serif\"><span style=\"font-size: large\">Informan:<\/span><\/span><\/p>\n<p class=\"western\" lang=\"es-ES\" align=\"justify\"><span style=\"font-family: Times New Roman, serif\"><span style=\"font-size: large\"><i>Centro ATMA.<br \/>\n<\/i><\/span><\/span><span style=\"font-family: Times New Roman, serif\"><span style=\"font-size: large\"><a href=\"https:\/\/www.terapiaregresiva.net\/\">https:\/\/www.terapiaregresiva.net<\/a><\/span><\/span><\/p>\n<p class=\"western\" lang=\"es-ES\" align=\"justify\"><span style=\"font-family: Times New Roman, serif\"><span style=\"font-size: large\"><i>El rinc\u00f3n de Kiko.<br \/>\n<\/i><\/span><\/span><span style=\"font-family: Times New Roman, serif\"><span style=\"font-size: large\">Nueva conciencia.<\/span><\/span><\/p>\n<p lang=\"es-ES\" style=\"text-align: center\" align=\"justify\"><img loading=\"lazy\" decoding=\"async\" class=\"aligncenter wp-image-1852 size-full\" title=\"Introducci\u00f3n a la terapia regresiva. Sevilla, 11\/12-6-2022.\" src=\"https:\/\/animaweb.cat\/files\/2022\/06\/2022-06-11_12_Introduccion_a_la_terapia_regresiva_Sevilla_72ppp_800x1130px.png\" alt=\"Introducci\u00f3n a la terapia regresiva. Sevilla, 11\/12-6-2022.\" width=\"800\" height=\"1130\" srcset=\"https:\/\/animaweb.blog.pangea.org\/files\/2022\/06\/2022-06-11_12_Introduccion_a_la_terapia_regresiva_Sevilla_72ppp_800x1130px.png 800w, https:\/\/animaweb.blog.pangea.org\/files\/2022\/06\/2022-06-11_12_Introduccion_a_la_terapia_regresiva_Sevilla_72ppp_800x1130px-212x300.png 212w, https:\/\/animaweb.blog.pangea.org\/files\/2022\/06\/2022-06-11_12_Introduccion_a_la_terapia_regresiva_Sevilla_72ppp_800x1130px-725x1024.png 725w, https:\/\/animaweb.blog.pangea.org\/files\/2022\/06\/2022-06-11_12_Introduccion_a_la_terapia_regresiva_Sevilla_72ppp_800x1130px-768x1085.png 768w\" sizes=\"auto, (max-width: 709px) 85vw, (max-width: 909px) 67vw, (max-width: 984px) 61vw, (max-width: 1362px) 45vw, 600px\" \/><\/p>","protected":false},"excerpt":{"rendered":"<p>Introducci\u00f3n a la terapia regresiva. Presencial y en l\u00ednea. https:\/\/youtu.be\/oGA8OY4YZi8 V\u00eddeo promocional. Habla: Carlos Gonz\u00e1lez Delgado, psic\u00f3logo colegiado. T\u00edtulo: Terapia Regresiva, por Carlos Gonz\u00e1lez. 11 y 12 de Junio. Perfil &hellip; <a href=\"https:\/\/animaweb.blog.pangea.org\/es\/2022\/06\/03\/introduccio-a-la-terapia-regressiva\/\" class=\"more-link\">Continuar leyendo<span class=\"screen-reader-text\"> \u00abIntroducci\u00f3n a la terapia regresiva.\u00bb<\/span><\/a><\/p>\n","protected":false},"author":12345698,"featured_media":0,"comment_status":"closed","ping_status":"open","sticky":false,"template":"","format":"standard","meta":{"ngg_post_thumbnail":0,"footnotes":""},"categories":[169478,169465,169508,150028,169200,169507,169509,169496,169490],"tags":[],"class_list":["post-1850","post","type-post","status-publish","format-standard","hentry","category-centre-atma-malaga","category-cursos-de-formacio-en-terapia-de-vides-passades-tvp","category-el-ricon-de-kiko","category-entrevistes-de-video","category-llicenciat-carlos-gonzalez-delgado","category-presentacions-en-video","category-sevilla","category-traduccions-al-romanes","category-video-en-castella"],"views":214,"_links":{"self":[{"href":"https:\/\/animaweb.blog.pangea.org\/es\/wp-json\/wp\/v2\/posts\/1850","targetHints":{"allow":["GET"]}}],"collection":[{"href":"https:\/\/animaweb.blog.pangea.org\/es\/wp-json\/wp\/v2\/posts"}],"about":[{"href":"https:\/\/animaweb.blog.pangea.org\/es\/wp-json\/wp\/v2\/types\/post"}],"author":[{"embeddable":true,"href":"https:\/\/animaweb.blog.pangea.org\/es\/wp-json\/wp\/v2\/users\/12345698"}],"replies":[{"embeddable":true,"href":"https:\/\/animaweb.blog.pangea.org\/es\/wp-json\/wp\/v2\/comments?post=1850"}],"version-history":[{"count":5,"href":"https:\/\/animaweb.blog.pangea.org\/es\/wp-json\/wp\/v2\/posts\/1850\/revisions"}],"predecessor-version":[{"id":1861,"href":"https:\/\/animaweb.blog.pangea.org\/es\/wp-json\/wp\/v2\/posts\/1850\/revisions\/1861"}],"wp:attachment":[{"href":"https:\/\/animaweb.blog.pangea.org\/es\/wp-json\/wp\/v2\/media?parent=1850"}],"wp:term":[{"taxonomy":"category","embeddable":true,"href":"https:\/\/animaweb.blog.pangea.org\/es\/wp-json\/wp\/v2\/categories?post=1850"},{"taxonomy":"post_tag","embeddable":true,"href":"https:\/\/animaweb.blog.pangea.org\/es\/wp-json\/wp\/v2\/tags?post=1850"}],"curies":[{"name":"wp","href":"https:\/\/api.w.org\/{rel}","templated":true}]}}