{"id":1812,"date":"2022-05-18T18:00:24","date_gmt":"2022-05-18T16:00:24","guid":{"rendered":"https:\/\/animaweb.cat\/?p=1812"},"modified":"2022-05-21T13:15:37","modified_gmt":"2022-05-21T11:15:37","slug":"i-simposi-internacional-de-terapia-regressiva-10-11-i-12-de-setembre-de-2021","status":"publish","type":"post","link":"https:\/\/animaweb.blog.pangea.org\/es\/2022\/05\/18\/i-simposi-internacional-de-terapia-regressiva-10-11-i-12-de-setembre-de-2021\/","title":{"rendered":"I Simposio Internacional de Terapia Regresiva 10, 11 y 12 de septiembre de 2021."},"content":{"rendered":"<p class=\"western\" align=\"center\"><span style=\"font-size: x-large\"><span style=\"font-family: Times New Roman, serif\"><b>I <\/b><\/span><span style=\"font-family: Times New Roman, serif\"><b>Simposio Internacional de Terapia Regresiva 10, 11 <\/b><\/span><span style=\"color: #000000\"><span style=\"font-family: Times New Roman, serif\"><span lang=\"ca-ES\"><b>y<\/b><\/span><\/span><\/span><span style=\"font-family: Times New Roman, serif\"><b> 12 de septiembre de 2021.<\/b><\/span><\/span><\/p>\n<p class=\"western\" align=\"justify\"><span style=\"font-family: Times New Roman, serif\"><span style=\"font-size: large\"><b>1. Mesa redonda. Doctora Viviana Zenteno, Doctora Mar\u00eda Jos\u00e9 Cardoso. Carlos Gonz\u00e1lez. Isabel Mart\u00ednez.<\/b><\/span><\/span><\/p>\n<p align=\"center\"><div class=\"su-youtube su-u-responsive-media-yes\"><iframe loading=\"lazy\" width=\"600\" height=\"400\" src=\"https:\/\/www.youtube.com\/embed\/3EVAXbClLTs?\" frameborder=\"0\" allowfullscreen allow=\"autoplay; encrypted-media; picture-in-picture\" title=\"1. Mesa redonda. Doctora Viviana Zenteno, Doctora Mar\u00eda Jos\u00e9 Cardoso. Carlos Gonz\u00e1lez. Isabel Mart\u00ednez.\"><\/iframe><\/div>\n<p class=\"western\" align=\"center\"><span style=\"font-family: Times New Roman, serif\"><span style=\"font-size: large\"><a href=\"https:\/\/youtu.be\/3EVAXbClLTs\">https:\/\/youtu.be\/3EVAXbClLTs<\/a><\/span><\/span><\/p>\n<p class=\"western\" align=\"justify\"><span style=\"font-family: Times New Roman, serif\"><span style=\"font-size: large\">Perfil editor de \u00ab<i>YouTube<\/i>\u00bb: Asociaci\u00f3n Espa\u00f1ola de Terapia Regresiva. Fecha de publicaci\u00f3n en \u00ab<i>YouTube<\/i>\u00bb: Domingo, 24 de abril de 2022. Duraci\u00f3n: 1 hora, 13 minutos y 6 segundos. Idioma: castellano.<\/span><\/span><\/p>\n<p class=\"western\" align=\"justify\"><span style=\"font-family: Times New Roman, serif\"><span style=\"font-size: large\"><b>2. T\u00e9cnicas psicoterap\u00e9uticas aplicadas en terapia regresiva. Carlos Gonz\u00e1lez.<\/b><\/span><\/span><\/p>\n<p align=\"center\"><div class=\"su-youtube su-u-responsive-media-yes\"><iframe loading=\"lazy\" width=\"600\" height=\"400\" src=\"https:\/\/www.youtube.com\/embed\/UTUJbl6lO9U?\" frameborder=\"0\" allowfullscreen allow=\"autoplay; encrypted-media; picture-in-picture\" title=\"2. T\u00e9cnicas psicoterap\u00e9uticas aplicadas en terapia regresiva. Carlos Gonz\u00e1lez.\"><\/iframe><\/div>\n<p class=\"western\" align=\"center\"><span style=\"font-family: Times New Roman, serif\"><span style=\"font-size: large\"><a href=\"https:\/\/youtu.be\/UTUJbl6lO9U\">https:\/\/youtu.be\/UTUJbl6lO9U<\/a><\/span><\/span><\/p>\n<p class=\"western\" align=\"justify\"><span style=\"font-family: Times New Roman, serif\"><span style=\"font-size: large\">Perfil editor de \u00ab<i>YouTube<\/i>\u00bb: Asociaci\u00f3n Espa\u00f1ola de Terapia Regresiva. Fecha de publicaci\u00f3n en \u00ab<i>YouTube<\/i>\u00bb: Domingo, 24 de abril de 2022. Duraci\u00f3n: 1 hora, 21 minutos y 36 segundos. Idioma: castellano.<\/span><\/span><\/p>\n<p class=\"western\" align=\"justify\"><span style=\"font-family: Times New Roman, serif\"><span style=\"font-size: large\"><b>3. Kabala aplicada a la TVP. Doctora Bibiana Bistrich.<\/b><\/span><\/span><\/p>\n<p align=\"center\"><div class=\"su-youtube su-u-responsive-media-yes\"><iframe loading=\"lazy\" width=\"600\" height=\"400\" src=\"https:\/\/www.youtube.com\/embed\/ecYfgFTl8zI?\" frameborder=\"0\" allowfullscreen allow=\"autoplay; encrypted-media; picture-in-picture\" title=\"3. Kabala aplicada a la TVP. Doctora Bibiana Bistrich.\"><\/iframe><\/div>\n<p class=\"western\" align=\"center\"><span style=\"font-family: Times New Roman, serif\"><span style=\"font-size: large\"><a href=\"https:\/\/youtu.be\/ecYfgFTl8zI\">https:\/\/youtu.be\/ecYfgFTl8zI<\/a><\/span><\/span><\/p>\n<p class=\"western\" align=\"justify\"><span style=\"font-family: Times New Roman, serif\"><span style=\"font-size: large\">Perfil editor de \u00ab<i>YouTube<\/i>\u00bb: Asociaci\u00f3n Espa\u00f1ola de Terapia Regresiva. Fecha de publicaci\u00f3n en \u00ab<i>YouTube<\/i>\u00bb: Domingo, 24 de abril de 2022. Duraci\u00f3n: 1 hora, 23 minutos y 32 segundos. Idioma: castellano.<\/span><\/span><\/p>\n<p class=\"western\" align=\"justify\"><span style=\"font-family: Times New Roman, serif\"><span style=\"font-size: large\"><b>4. Presentaci\u00f3n libro Terapia Regresiva B\u00e1sica con Carlos Gonz\u00e1lez.<\/b><\/span><\/span><\/p>\n<p align=\"center\"><div class=\"su-youtube su-u-responsive-media-yes\"><iframe loading=\"lazy\" width=\"600\" height=\"400\" src=\"https:\/\/www.youtube.com\/embed\/fnxQCfpT6FY?\" frameborder=\"0\" allowfullscreen allow=\"autoplay; encrypted-media; picture-in-picture\" title=\"4. Presentaci\u00f3n libro Terapia Regresiva B\u00e1sica con Carlos Gonz\u00e1lez.\"><\/iframe><\/div>\n<p class=\"western\" align=\"center\"><span style=\"font-family: Times New Roman, serif\"><span style=\"font-size: large\"><a href=\"https:\/\/youtu.be\/fnxQCfpT6FY\">https:\/\/youtu.be\/fnxQCfpT6FY<\/a><\/span><\/span><\/p>\n<p class=\"western\" align=\"justify\"><span style=\"font-family: Times New Roman, serif\"><span style=\"font-size: large\">Perfil editor de \u00ab<i>YouTube<\/i>\u00bb: Asociaci\u00f3n Espa\u00f1ola de Terapia Regresiva. Fecha de publicaci\u00f3n en \u00ab<i>YouTube<\/i>\u00bb: Domingo, 24 de abril de 2022. Duraci\u00f3n: 41 minutos y 8 segundos. Idioma: castellano.<\/span><\/span><\/p>\n<p class=\"western\" align=\"justify\"><span style=\"font-family: Times New Roman, serif\"><span style=\"font-size: large\"><b>5. La Conciencia y sus veh\u00edculos de expresi\u00f3n. Doctora Mar\u00eda Jos\u00e9 Cardoso.<\/b><\/span><\/span><\/p>\n<p align=\"center\"><div class=\"su-youtube su-u-responsive-media-yes\"><iframe loading=\"lazy\" width=\"600\" height=\"400\" src=\"https:\/\/www.youtube.com\/embed\/SaOb1PX1ydU?\" frameborder=\"0\" allowfullscreen allow=\"autoplay; encrypted-media; picture-in-picture\" title=\"5. La Conciencia y sus veh\u00edculos de expresi\u00f3n. Doctora Mar\u00eda Jos\u00e9 Cardoso.\"><\/iframe><\/div>\n<p class=\"western\" align=\"center\"><span style=\"font-family: Times New Roman, serif\"><span style=\"font-size: large\"><a href=\"https:\/\/youtu.be\/SaOb1PX1ydU\">https:\/\/youtu.be\/SaOb1PX1ydU<\/a><\/span><\/span><\/p>\n<p class=\"western\" align=\"justify\"><span style=\"font-family: Times New Roman, serif\"><span style=\"font-size: large\">Perfil editor de \u00ab<i>YouTube<\/i>\u00bb: Asociaci\u00f3n Espa\u00f1ola de Terapia Regresiva. Fecha de publicaci\u00f3n en \u00ab<i>YouTube<\/i>\u00bb: Domingo, 24 de abril de 2022. Duraci\u00f3n: 1 hora, 30 minutos y 26 segundos. Idioma: castellano.<\/span><\/span><\/p>\n<p class=\"western\" align=\"justify\"><span style=\"font-family: Times New Roman, serif\"><span style=\"font-size: large\"><b>6. Las almas perdidas en la terapia de regresi\u00f3n. Marcelo Beloqui.<\/b><\/span><\/span><\/p>\n<p align=\"center\"><div class=\"su-youtube su-u-responsive-media-yes\"><iframe loading=\"lazy\" width=\"600\" height=\"400\" src=\"https:\/\/www.youtube.com\/embed\/5IEsAlUPbKE?\" frameborder=\"0\" allowfullscreen allow=\"autoplay; encrypted-media; picture-in-picture\" title=\"6. Las almas perdidas en la terapia de regresi\u00f3n. Marcelo Beloqui.\"><\/iframe><\/div>\n<p class=\"western\" align=\"center\"><span style=\"font-family: Times New Roman, serif\"><span style=\"font-size: large\"><a href=\"https:\/\/youtu.be\/5IEsAlUPbKE\">https:\/\/youtu.be\/5IEsAlUPbKE<\/a><\/span><\/span><\/p>\n<p class=\"western\" align=\"justify\"><span style=\"font-family: Times New Roman, serif\"><span style=\"font-size: large\">Perfil editor de \u00ab<i>YouTube<\/i>\u00bb: Asociaci\u00f3n Espa\u00f1ola de Terapia Regresiva. Fecha de publicaci\u00f3n en \u00ab<i>YouTube<\/i>\u00bb: Domingo, 24 de abril de 2022. Duraci\u00f3n: 1 hora, 32 minutos y 21 segundos. Idioma: castellano.<\/span><\/span><\/p>\n<p class=\"western\" align=\"justify\"><span style=\"font-family: Times New Roman, serif\"><span style=\"font-size: large\"><b>7. Como eliminar bloqueos o saboteadores inconscientes. Leopoldo Ceballos.<\/b><\/span><\/span><\/p>\n<p align=\"center\"><div class=\"su-youtube su-u-responsive-media-yes\"><iframe loading=\"lazy\" width=\"600\" height=\"400\" src=\"https:\/\/www.youtube.com\/embed\/_jZTIB4-058?\" frameborder=\"0\" allowfullscreen allow=\"autoplay; encrypted-media; picture-in-picture\" title=\"7. Como eliminar bloqueos o saboteadores inconscientes. Leopoldo Ceballos.\"><\/iframe><\/div>\n<p class=\"western\" align=\"center\"><span style=\"font-family: Times New Roman, serif\"><span style=\"font-size: large\"><a href=\"https:\/\/youtu.be\/_jZTIB4-058\">https:\/\/youtu.be\/_jZTIB4-058<\/a><\/span><\/span><\/p>\n<p class=\"western\" align=\"justify\"><span style=\"font-family: Times New Roman, serif\"><span style=\"font-size: large\">Perfil editor de \u00ab<i>YouTube<\/i>\u00bb: Asociaci\u00f3n Espa\u00f1ola de Terapia Regresiva. Fecha de publicaci\u00f3n en \u00ab<i>YouTube<\/i>\u00bb: Domingo, 24 de abril de 2022. Duraci\u00f3n: 1 hora, 20 minutos y 36 segundos. Idioma: castellano.<\/span><\/span><\/p>\n<p class=\"western\" align=\"justify\"><span style=\"font-family: Times New Roman, serif\"><span style=\"font-size: large\"><b>8. Evidencias cient\u00edficas continuidad conciencia. Doctora Isabel Mart\u00ednez.<\/b><\/span><\/span><\/p>\n<p align=\"center\"><div class=\"su-youtube su-u-responsive-media-yes\"><iframe loading=\"lazy\" width=\"600\" height=\"400\" src=\"https:\/\/www.youtube.com\/embed\/FbNixXqCx0o?\" frameborder=\"0\" allowfullscreen allow=\"autoplay; encrypted-media; picture-in-picture\" title=\"8. Evidencias cient\u00edficas continuidad conciencia. Doctora Isabel Mart\u00ednez.\"><\/iframe><\/div>\n<p class=\"western\" align=\"center\"><span style=\"font-family: Times New Roman, serif\"><span style=\"font-size: large\"><a href=\"https:\/\/youtu.be\/FbNixXqCx0o\">https:\/\/youtu.be\/FbNixXqCx0o<\/a><\/span><\/span><\/p>\n<p class=\"western\" align=\"justify\"><span style=\"font-family: Times New Roman, serif\"><span style=\"font-size: large\">Perfil editor de \u00ab<i>YouTube<\/i>\u00bb: Asociaci\u00f3n Espa\u00f1ola de Terapia Regresiva. Fecha de publicaci\u00f3n en \u00ab<i>YouTube<\/i>\u00bb: Domingo, 24 de abril de 2022. Duraci\u00f3n: 1 hora, y 38 minutos. Idioma: castellano.<\/span><\/span><\/p>\n<p class=\"western\" align=\"justify\"><span style=\"font-family: Times New Roman, serif\"><span style=\"font-size: large\"><b>9. T\u00e9cnicas energ\u00e9ticas aplicadas en terapia regresiva por Carlos Gonz\u00e1lez.<\/b><\/span><\/span><\/p>\n<p align=\"center\"><div class=\"su-youtube su-u-responsive-media-yes\"><iframe loading=\"lazy\" width=\"600\" height=\"400\" src=\"https:\/\/www.youtube.com\/embed\/xM99QipDBTA?\" frameborder=\"0\" allowfullscreen allow=\"autoplay; encrypted-media; picture-in-picture\" title=\"9. T\u00e9cnicas energ\u00e9ticas aplicadas en terapia regresiva por Carlos Gonz\u00e1lez.\"><\/iframe><\/div>\n<p class=\"western\" align=\"center\"><span style=\"font-family: Times New Roman, serif\"><span style=\"font-size: large\"><a href=\"https:\/\/youtu.be\/xM99QipDBTA\">https:\/\/youtu.be\/xM99QipDBTA<\/a><\/span><\/span><\/p>\n<p class=\"western\" align=\"justify\"><span style=\"font-family: Times New Roman, serif\"><span style=\"font-size: large\">Perfil editor de \u00ab<i>YouTube<\/i>\u00bb: Asociaci\u00f3n Espa\u00f1ola de Terapia Regresiva. Fecha de publicaci\u00f3n en \u00ab<i>YouTube<\/i>\u00bb: Domingo, 24 de abril de 2022. Duraci\u00f3n: 1 hora, 11 minutos y 22 segundos. Idioma: castellano.<\/span><\/span><\/p>\n<p class=\"western\" align=\"justify\"><span style=\"font-family: Times New Roman, serif\"><span style=\"font-size: large\"><b>10. Terapia Regresiva: La reina de las terapias. Por Hans Ten Dam.<\/b><\/span><\/span><\/p>\n<p align=\"center\"><div class=\"su-youtube su-u-responsive-media-yes\"><iframe loading=\"lazy\" width=\"600\" height=\"400\" src=\"https:\/\/www.youtube.com\/embed\/9QDniN6tnPo?\" frameborder=\"0\" allowfullscreen allow=\"autoplay; encrypted-media; picture-in-picture\" title=\"10. Terapia Regresiva: La reina de las terapias. Por Hans Ten Dam.\"><\/iframe><\/div>\n<p class=\"western\" align=\"center\"><span style=\"font-family: Times New Roman, serif\"><span style=\"font-size: large\"><a href=\"https:\/\/youtu.be\/9QDniN6tnPo\">https:\/\/youtu.be\/9QDniN6tnPo<\/a><\/span><\/span><\/p>\n<p class=\"western\" align=\"justify\"><span style=\"font-family: Times New Roman, serif\"><span style=\"font-size: large\">Int\u00e9rpretes:<\/span><\/span><\/p>\n<p class=\"western\" align=\"justify\"><span style=\"font-family: Times New Roman, serif\"><span style=\"font-size: large\">Sonia Janssen Alarcon. Terapeuta de Tasso.<\/span><\/span><\/p>\n<p class=\"western\" align=\"justify\"><span style=\"font-family: Times New Roman, serif\"><span style=\"font-size: large\">Gina Rodr\u00edguez Hurtado. Int\u00e9rprete y Terapeuta AETR.<\/span><\/span><\/p>\n<p class=\"western\" align=\"justify\"><span style=\"font-family: Times New Roman, serif\"><span style=\"font-size: large\">Perfil editor de \u00ab<i>YouTube<\/i>\u00bb: Asociaci\u00f3n Espa\u00f1ola de Terapia Regresiva. Fecha de publicaci\u00f3n en \u00ab<i>YouTube<\/i>\u00bb: Domingo, 24 de abril de 2022. Duraci\u00f3n: 1 hora, 57 minutos y 12 segundos. Idioma: ingl\u00e9s con traducci\u00f3n simunt\u00e1nea al castellano.<\/span><\/span><\/p>\n<p class=\"western\" align=\"justify\"><span style=\"font-family: Times New Roman, serif\"><span style=\"font-size: large\"><b>11. El trastorno de estr\u00e9s post traum\u00e1tico, una p\u00e9rdida del alma. Doctora Viviana Zenteno.<\/b><\/span><\/span><\/p>\n<p align=\"center\"><div class=\"su-youtube su-u-responsive-media-yes\"><iframe loading=\"lazy\" width=\"600\" height=\"400\" src=\"https:\/\/www.youtube.com\/embed\/l8OwLCCu9TE?\" frameborder=\"0\" allowfullscreen allow=\"autoplay; encrypted-media; picture-in-picture\" title=\"11. El trastorno de estr\u00e9s post traum\u00e1tico, una p\u00e9rdida del alma. Doctora Viviana Zenteno.\"><\/iframe><\/div>\n<p class=\"western\" align=\"center\"><span style=\"font-family: Times New Roman, serif\"><span style=\"font-size: large\"><a href=\"https:\/\/youtu.be\/l8OwLCCu9TE\">https:\/\/youtu.be\/l8OwLCCu9TE<\/a><\/span><\/span><\/p>\n<p class=\"western\" align=\"justify\"><span style=\"font-family: Times New Roman, serif\"><span style=\"font-size: large\">Perfil editor de \u00ab<i>YouTube<\/i>\u00bb: Asociaci\u00f3n Espa\u00f1ola de Terapia Regresiva. Fecha de publicaci\u00f3n en \u00ab<i>YouTube<\/i>\u00bb: Domingo, 24 de abril de 2022. Duraci\u00f3n: 1 hora, 46 minutos y 52 segundos. Idioma: castellano.<\/span><\/span><\/p>\n<p class=\"western\" align=\"justify\"><span style=\"font-family: Times New Roman, serif\"><span style=\"font-size: large\">Para ser avisado de los pr\u00f3ximos Simposios gratuitos y del resto de actividades de la <i>AETR<\/i> an\u00f3tese en:<\/span><\/span><\/p>\n<p class=\"western\" align=\"justify\"><span style=\"font-family: Times New Roman, serif\"><span style=\"font-size: large\"><a href=\"https:\/\/asoc-terapia-regresiva.es\/i-simposio\/\">https:\/\/asoc-terapia-regresiva.es\/i-simposio\/<\/a><\/span><\/span><\/p>","protected":false},"excerpt":{"rendered":"<p>I Simposio Internacional de Terapia Regresiva 10, 11 y 12 de septiembre de 2021. 1. Mesa redonda. Doctora Viviana Zenteno, Doctora Mar\u00eda Jos\u00e9 Cardoso. Carlos Gonz\u00e1lez. Isabel Mart\u00ednez. https:\/\/youtu.be\/3EVAXbClLTs Perfil &hellip; <a href=\"https:\/\/animaweb.blog.pangea.org\/es\/2022\/05\/18\/i-simposi-internacional-de-terapia-regressiva-10-11-i-12-de-setembre-de-2021\/\" class=\"more-link\">Continuar leyendo<span class=\"screen-reader-text\"> \u00abI Simposio Internacional de Terapia Regresiva 10, 11 y 12 de septiembre de 2021.\u00bb<\/span><\/a><\/p>\n","protected":false},"author":12345698,"featured_media":0,"comment_status":"closed","ping_status":"open","sticky":false,"template":"","format":"standard","meta":{"ngg_post_thumbnail":0,"footnotes":""},"categories":[169474,150009,150054,119884,169472,169473,149956,169503,169502,169500,169200,169471,150043,169498,169495,39255,169501,150049],"tags":[],"class_list":["post-1812","post","type-post","status-publish","format-standard","hentry","category-associacio-espanyola-de-terapia-regressiva","category-bloqueig-emocional","category-doctor-hans-ten-dam","category-doctora-bibiana-bistrich","category-doctora-isabel-martinez-higueras","category-doctora-maria-jose-cardoso","category-doctora-viviana-zenteno","category-estres-post-traumatic","category-evidencies-cientifiques","category-kabala","category-llicenciat-carlos-gonzalez-delgado","category-llicenciat-leopoldo-ceballos","category-licenciado-marcelo-beloqui","category-possessio-espiritual","category-presentacio-de-llibre","category-simposis","category-tecniques-energetiques","category-terapia-regressiva"],"views":213,"_links":{"self":[{"href":"https:\/\/animaweb.blog.pangea.org\/es\/wp-json\/wp\/v2\/posts\/1812","targetHints":{"allow":["GET"]}}],"collection":[{"href":"https:\/\/animaweb.blog.pangea.org\/es\/wp-json\/wp\/v2\/posts"}],"about":[{"href":"https:\/\/animaweb.blog.pangea.org\/es\/wp-json\/wp\/v2\/types\/post"}],"author":[{"embeddable":true,"href":"https:\/\/animaweb.blog.pangea.org\/es\/wp-json\/wp\/v2\/users\/12345698"}],"replies":[{"embeddable":true,"href":"https:\/\/animaweb.blog.pangea.org\/es\/wp-json\/wp\/v2\/comments?post=1812"}],"version-history":[{"count":3,"href":"https:\/\/animaweb.blog.pangea.org\/es\/wp-json\/wp\/v2\/posts\/1812\/revisions"}],"predecessor-version":[{"id":1822,"href":"https:\/\/animaweb.blog.pangea.org\/es\/wp-json\/wp\/v2\/posts\/1812\/revisions\/1822"}],"wp:attachment":[{"href":"https:\/\/animaweb.blog.pangea.org\/es\/wp-json\/wp\/v2\/media?parent=1812"}],"wp:term":[{"taxonomy":"category","embeddable":true,"href":"https:\/\/animaweb.blog.pangea.org\/es\/wp-json\/wp\/v2\/categories?post=1812"},{"taxonomy":"post_tag","embeddable":true,"href":"https:\/\/animaweb.blog.pangea.org\/es\/wp-json\/wp\/v2\/tags?post=1812"}],"curies":[{"name":"wp","href":"https:\/\/api.w.org\/{rel}","templated":true}]}}