{"id":1630,"date":"2021-11-24T21:26:35","date_gmt":"2021-11-24T19:26:35","guid":{"rendered":"https:\/\/animaweb.cat\/?p=1630"},"modified":"2021-11-27T09:47:09","modified_gmt":"2021-11-27T07:47:09","slug":"premi-internacional-doctor-ronald-schulz","status":"publish","type":"post","link":"https:\/\/animaweb.blog.pangea.org\/es\/2021\/11\/24\/premi-internacional-doctor-ronald-schulz\/","title":{"rendered":"Premio Internacional Doctor Ronald Schulz."},"content":{"rendered":"<p class=\"western\" align=\"center\"><span style=\"font-family: Times New Roman, serif\"><span style=\"font-size: x-large\"><b>Premio Internacional Doctor Ronald Schulz.<\/b><\/span><\/span><\/p>\n<p class=\"western\" align=\"justify\"><span style=\"font-family: Times New Roman, serif\"><span style=\"font-size: large\"><b>Antecedentes.<\/b><\/span><\/span><\/p>\n<figure id=\"attachment_1639\" aria-describedby=\"caption-attachment-1639\" style=\"width: 300px\" class=\"wp-caption alignright\"><img loading=\"lazy\" decoding=\"async\" class=\"wp-image-1639 size-medium\" title=\"Asociaci\u00f3n Chilena de Terapeutas en Vida Pasada (ACHTEVIP). Logotipo.\" src=\"https:\/\/animaweb.cat\/files\/2021\/11\/ACHTEVIP_Logotipo_72ppp_480x460px-300x288.png\" alt=\"Asociaci\u00f3n Chilena de Terapeutas en Vida Pasada (ACHTEVIP). Logotipo.\" width=\"300\" height=\"288\" srcset=\"https:\/\/animaweb.blog.pangea.org\/files\/2021\/11\/ACHTEVIP_Logotipo_72ppp_480x460px-300x288.png 300w, https:\/\/animaweb.blog.pangea.org\/files\/2021\/11\/ACHTEVIP_Logotipo_72ppp_480x460px.png 480w\" sizes=\"auto, (max-width: 300px) 85vw, 300px\" \/><figcaption id=\"caption-attachment-1639\" class=\"wp-caption-text\">Asociaci\u00f3n Chilena de Terapeutas en Vida Pasada (ACHTEVIP). Logotipo.<\/figcaption><\/figure>\n<p class=\"western\" align=\"justify\"><span style=\"font-family: Times New Roman, serif\"><span style=\"font-size: large\">El doctor Ronald Schulz Grangier fue pionero de la Terapia Regresiva en Chile, y si no alcanz\u00f3 a crear la Asociaci\u00f3n de Terapeutas, s\u00ed la inspir\u00f3. A mediados de la d\u00e9cada del 2000, \u00e9l y la doctora Viviana Zenteno se reunieron para esbozar este sue\u00f1o.<\/span><\/span><\/p>\n<p class=\"western\" align=\"justify\"><span style=\"font-family: Times New Roman, serif\"><span style=\"font-size: large\">Sin embargo, su muerte en noviembre de 2006 interrumpi\u00f3 el proyecto. Largos a\u00f1os pasaron hasta concretarlo en la <\/span><\/span><span style=\"font-family: Times New Roman, serif\"><span style=\"font-size: large\"><i>Asociaci\u00f3n Chilena de Terapeutas en Vidas Pasadas (ACHTEVIP)<\/i><\/span><\/span><span style=\"font-family: Times New Roman, serif\"><span style=\"font-size: large\"> en Enero de 2013. Por ello, desde su fundaci\u00f3n existi\u00f3 la idea de conmemorar el nombre y el legado de este aut\u00e9ntico maestro, Ronald Schulz.<\/span><\/span><\/p>\n<p class=\"western\" align=\"justify\"><span style=\"font-family: Times New Roman, serif\"><span style=\"font-size: large\">Ll\u00e1mese a concurso seg\u00fan las siguientes bases:<\/span><\/span><\/p>\n<figure id=\"attachment_1632\" aria-describedby=\"caption-attachment-1632\" style=\"width: 300px\" class=\"wp-caption alignleft\"><img loading=\"lazy\" decoding=\"async\" class=\"wp-image-1632 size-medium\" title=\"Doctor Juan Jos\u00e9 L\u00f3pez Mart\u00ednez, premio Doctor Ronald Schulz del a\u00f1o 2021.\" src=\"https:\/\/animaweb.cat\/files\/2021\/11\/Doctor_Juan_Jose_Lopez_Martinez_72ppp_600x336px-300x168.png\" alt=\"Doctor Juan Jos\u00e9 L\u00f3pez Mart\u00ednez, premio Doctor Ronald Schulz del a\u00f1o 2021.\" width=\"300\" height=\"168\" srcset=\"https:\/\/animaweb.blog.pangea.org\/files\/2021\/11\/Doctor_Juan_Jose_Lopez_Martinez_72ppp_600x336px-300x168.png 300w, https:\/\/animaweb.blog.pangea.org\/files\/2021\/11\/Doctor_Juan_Jose_Lopez_Martinez_72ppp_600x336px.png 600w\" sizes=\"auto, (max-width: 300px) 85vw, 300px\" \/><figcaption id=\"caption-attachment-1632\" class=\"wp-caption-text\">Doctor Juan Jos\u00e9 L\u00f3pez Mart\u00ednez, premio Doctor Ronald Schulz del a\u00f1o 2021.<\/figcaption><\/figure>\n<p class=\"western\" align=\"justify\"><span style=\"font-family: Times New Roman, serif\"><span style=\"font-size: large\">ACHTEVIP otorgar\u00e1 el Premio Doctor Ronald Schulz, en la categor\u00eda personas distinguidas, a aquellas personas, chilenas o extranjeras, especialistas y\/o profesores de Terapia Regresiva o estudiosos de la Reencarnaci\u00f3n que se hayan distinguido en su trayectoria y aporte al desarrollo humano. Dichas personas deben estar vivas al momento de la propuesta.<\/span><\/span><\/p>\n<ol>\n<li>\n<figure id=\"attachment_1633\" aria-describedby=\"caption-attachment-1633\" style=\"width: 300px\" class=\"wp-caption alignright\"><img loading=\"lazy\" decoding=\"async\" class=\"wp-image-1633 size-medium\" title=\"Doctora Viviana Zenteno Cereceda, distinci\u00f3n especial Doctor Ronald Schulz 2021.\" src=\"https:\/\/animaweb.cat\/files\/2021\/11\/Doctora_Viviana_Zenteno_Cereceda_72ppp_600x337px-300x169.png\" alt=\"Doctora Viviana Zenteno Cereceda, distinci\u00f3n especial Doctor Ronald Schulz 2021.\" width=\"300\" height=\"169\" srcset=\"https:\/\/animaweb.blog.pangea.org\/files\/2021\/11\/Doctora_Viviana_Zenteno_Cereceda_72ppp_600x337px-300x169.png 300w, https:\/\/animaweb.blog.pangea.org\/files\/2021\/11\/Doctora_Viviana_Zenteno_Cereceda_72ppp_600x337px.png 600w\" sizes=\"auto, (max-width: 300px) 85vw, 300px\" \/><figcaption id=\"caption-attachment-1633\" class=\"wp-caption-text\">Doctora Viviana Zenteno Cereceda, distinci\u00f3n especial Doctor Ronald Schulz 2021.<\/figcaption><\/figure>\n<p class=\"western\" align=\"justify\"><span style=\"font-family: Times New Roman, serif\"><span style=\"font-size: large\">Las propuestas de nombres para el otorgamiento de esta distinci\u00f3n pueden ser formuladas por personas individuales o grupos de personas. Todas debidamente individualizadas.<\/span><\/span><\/p>\n<\/li>\n<li>\n<p class=\"western\" align=\"justify\"><span style=\"font-family: Times New Roman, serif\"><span style=\"font-size: large\">Quienes hagan la proposici\u00f3n deben ser \u2013al menos algunos de los que integran el grupo en su caso\u2013 terapeutas de vida pasada.<\/span><\/span><\/p>\n<\/li>\n<li>\n<p class=\"western\" align=\"justify\"><span style=\"font-family: Times New Roman, serif\"><span style=\"font-size: large\">Las propuestas se presentar\u00e1n entre el 2 de Julio y el 30 de Septiembre de cada a\u00f1o ante la Directiva de la Asociaci\u00f3n, mediante correo electr\u00f3nico dirigido a las direcciones electr\u00f3nicas se\u00f1aladas al final de estas bases.<\/span><\/span><\/p>\n<\/li>\n<li>\n<p class=\"western\" align=\"justify\"><span style=\"font-family: Times New Roman, serif\"><span style=\"font-size: large\">Junto a la proposici\u00f3n del nombre deber\u00e1 acompa\u00f1arse una breve biograf\u00eda de la persona nominada, con indicaci\u00f3n de los argumentos y fundamentos que la justifican.<\/span><\/span><\/p>\n<\/li>\n<li>\n<p class=\"western\" align=\"justify\"><span style=\"font-family: Times New Roman, serif\"><span style=\"font-size: large\">El premio ser\u00e1 resuelto por un Jurado Especial designado al efecto por la Directiva a m\u00e1s tardar el 2 de Septiembre de cada a\u00f1o.<\/span><\/span><\/p>\n<\/li>\n<li>\n<p class=\"western\" align=\"justify\"><span style=\"font-family: Times New Roman, serif\"><span style=\"font-size: large\">El jurado tomar\u00e1 su resoluci\u00f3n antes del 1\u00b0 de Noviembre del a\u00f1o respectivo, comunic\u00e1ndolo privadamente al Presidente y Vicepresidente de la Asociaci\u00f3n, quien informar\u00e1 a la persona premiada su decisi\u00f3n, manteni\u00e9ndola en reserva de considerarse necesario.<\/span><\/span><\/p>\n<\/li>\n<li>\n<figure id=\"attachment_1635\" aria-describedby=\"caption-attachment-1635\" style=\"width: 276px\" class=\"wp-caption alignright\"><img loading=\"lazy\" decoding=\"async\" class=\"wp-image-1635 size-medium\" title=\"Galvano concedido al Doctor Juan Jos\u00e9 L\u00f3pez Mart\u00ednez.\" src=\"https:\/\/animaweb.cat\/files\/2021\/11\/Galvano_Doctor_Juan_Jose_Lopez_Martinez_72ppp_386x420px-276x300.png\" alt=\"Galvano concedido al Doctor Juan Jos\u00e9 L\u00f3pez Mart\u00ednez.\" width=\"276\" height=\"300\" srcset=\"https:\/\/animaweb.blog.pangea.org\/files\/2021\/11\/Galvano_Doctor_Juan_Jose_Lopez_Martinez_72ppp_386x420px-276x300.png 276w, https:\/\/animaweb.blog.pangea.org\/files\/2021\/11\/Galvano_Doctor_Juan_Jose_Lopez_Martinez_72ppp_386x420px.png 386w\" sizes=\"auto, (max-width: 276px) 85vw, 276px\" \/><figcaption id=\"caption-attachment-1635\" class=\"wp-caption-text\">Galvano concedido al Doctor Juan Jos\u00e9 L\u00f3pez Mart\u00ednez.<\/figcaption><\/figure>\n<p class=\"western\" align=\"justify\"><span style=\"font-family: Times New Roman, serif\"><span style=\"font-size: large\">La ceremonia de premiaci\u00f3n se realizar\u00e1 en noviembre de cada a\u00f1o. (Por primera vez el a\u00f1o 2021, y dada la situaci\u00f3n sanitaria mundial, ser\u00e1 un evento virtual). El premio (en 2021) consistir\u00e1 en un galvano que ser\u00e1 grabado con los datos y el logo seg\u00fan decidan los encargados de la log\u00edstica (Vicepresidente y Secretario de ACHTEVIP en conjunto con la Comisi\u00f3n de Redes).<\/span><\/span><\/p>\n<\/li>\n<li>\n<p class=\"western\" align=\"justify\"><span style=\"font-family: Times New Roman, serif\"><span style=\"font-size: large\">Asimismo la noticia y el registro gr\u00e1fico de la ceremonia ser\u00e1n publicitados en todas las redes de la Asociaci\u00f3n.<\/span><\/span><\/p>\n<\/li>\n<\/ol>\n<p class=\"western\" align=\"justify\"><span style=\"font-family: Times New Roman, serif\"><span style=\"font-size: large\">Correos para la recepci\u00f3n de propuestas:<\/span><\/span><\/p>\n<p class=\"western\" lang=\"es-ES\" align=\"justify\"><span style=\"font-family: Times New Roman, serif\"><span style=\"font-size: large\">presidencia<img loading=\"lazy\" decoding=\"async\" class=\"alignnone wp-image-1634 size-full\" title=\"A que danza.\" src=\"https:\/\/animaweb.cat\/files\/2021\/11\/A_que_dansa.gif\" alt=\"A que danza.\" width=\"25\" height=\"23\" \/>achtevip.org<\/span><\/span><\/p>\n<p class=\"western\" lang=\"es-ES\" align=\"justify\"><span style=\"font-family: Times New Roman, serif\"><span style=\"font-size: large\">secretaria<img loading=\"lazy\" decoding=\"async\" class=\"alignnone wp-image-1634 size-full\" title=\"A que danza.\" src=\"https:\/\/animaweb.cat\/files\/2021\/11\/A_que_dansa.gif\" alt=\"A que danza.\" width=\"25\" height=\"23\" \/>achtevip.org<\/span><\/span><\/p>","protected":false},"excerpt":{"rendered":"<p>Premio Internacional Doctor Ronald Schulz. Antecedentes. El doctor Ronald Schulz Grangier fue pionero de la Terapia Regresiva en Chile, y si no alcanz\u00f3 a crear la Asociaci\u00f3n de Terapeutas, s\u00ed &hellip; <a href=\"https:\/\/animaweb.blog.pangea.org\/es\/2021\/11\/24\/premi-internacional-doctor-ronald-schulz\/\" class=\"more-link\">Continuar leyendo<span class=\"screen-reader-text\"> \u00abPremio Internacional Doctor Ronald Schulz.\u00bb<\/span><\/a><\/p>\n","protected":false},"author":12345698,"featured_media":0,"comment_status":"closed","ping_status":"open","sticky":false,"template":"","format":"standard","meta":{"ngg_post_thumbnail":0,"footnotes":""},"categories":[149958,169486,81594,169485,169487,149956,169484,150051],"tags":[],"class_list":["post-1630","post","type-post","status-publish","format-standard","hentry","category-associacio-xilena-de-terapeutes-de-vides-passades-achtepiv","category-cartagena","category-chile","category-doctor-juan-jose-lopez-martinez","category-doctor-ronald-schulz","category-doctora-viviana-zenteno","category-premis","category-zoom"],"views":247,"_links":{"self":[{"href":"https:\/\/animaweb.blog.pangea.org\/es\/wp-json\/wp\/v2\/posts\/1630","targetHints":{"allow":["GET"]}}],"collection":[{"href":"https:\/\/animaweb.blog.pangea.org\/es\/wp-json\/wp\/v2\/posts"}],"about":[{"href":"https:\/\/animaweb.blog.pangea.org\/es\/wp-json\/wp\/v2\/types\/post"}],"author":[{"embeddable":true,"href":"https:\/\/animaweb.blog.pangea.org\/es\/wp-json\/wp\/v2\/users\/12345698"}],"replies":[{"embeddable":true,"href":"https:\/\/animaweb.blog.pangea.org\/es\/wp-json\/wp\/v2\/comments?post=1630"}],"version-history":[{"count":6,"href":"https:\/\/animaweb.blog.pangea.org\/es\/wp-json\/wp\/v2\/posts\/1630\/revisions"}],"predecessor-version":[{"id":1643,"href":"https:\/\/animaweb.blog.pangea.org\/es\/wp-json\/wp\/v2\/posts\/1630\/revisions\/1643"}],"wp:attachment":[{"href":"https:\/\/animaweb.blog.pangea.org\/es\/wp-json\/wp\/v2\/media?parent=1630"}],"wp:term":[{"taxonomy":"category","embeddable":true,"href":"https:\/\/animaweb.blog.pangea.org\/es\/wp-json\/wp\/v2\/categories?post=1630"},{"taxonomy":"post_tag","embeddable":true,"href":"https:\/\/animaweb.blog.pangea.org\/es\/wp-json\/wp\/v2\/tags?post=1630"}],"curies":[{"name":"wp","href":"https:\/\/api.w.org\/{rel}","templated":true}]}}