{"id":1589,"date":"2021-10-24T09:56:40","date_gmt":"2021-10-24T07:56:40","guid":{"rendered":"https:\/\/animaweb.cat\/?p=1589"},"modified":"2021-11-02T19:32:14","modified_gmt":"2021-11-02T17:32:14","slug":"700e-aniversari-de-lexecucio-de-gilhem-de-belibasta-1321-2021","status":"publish","type":"post","link":"https:\/\/animaweb.blog.pangea.org\/es\/2021\/10\/24\/700e-aniversari-de-lexecucio-de-gilhem-de-belibasta-1321-2021\/","title":{"rendered":"700 aniversario de la ejecuci\u00f3n de Gilhem de Belibasta. 1321-2021."},"content":{"rendered":"<img loading=\"lazy\" decoding=\"async\" class=\"aligncenter wp-image-1590 size-large\" title=\"Guilhem de Belibasta: \u00abAl cap de 700 ans verdejera lo laurelh\u00bb. 1321-2021.\" src=\"https:\/\/animaweb.cat\/files\/2021\/10\/Guilhem_de_Belibasta_1321-2021_Al_cap_de_700_ans_verdejera_lo_laurelh_300ppp_1095x1080px-1024x1010.png\" alt=\"Guilhem de Belibasta: \u00abAl cap de 700 ans verdejera lo laurelh\u00bb. 1321-2021.\" width=\"840\" height=\"829\" srcset=\"https:\/\/animaweb.blog.pangea.org\/files\/2021\/10\/Guilhem_de_Belibasta_1321-2021_Al_cap_de_700_ans_verdejera_lo_laurelh_300ppp_1095x1080px-1024x1010.png 1024w, https:\/\/animaweb.blog.pangea.org\/files\/2021\/10\/Guilhem_de_Belibasta_1321-2021_Al_cap_de_700_ans_verdejera_lo_laurelh_300ppp_1095x1080px-300x296.png 300w, https:\/\/animaweb.blog.pangea.org\/files\/2021\/10\/Guilhem_de_Belibasta_1321-2021_Al_cap_de_700_ans_verdejera_lo_laurelh_300ppp_1095x1080px-768x757.png 768w, https:\/\/animaweb.blog.pangea.org\/files\/2021\/10\/Guilhem_de_Belibasta_1321-2021_Al_cap_de_700_ans_verdejera_lo_laurelh_300ppp_1095x1080px.png 1095w\" sizes=\"auto, (max-width: 709px) 85vw, (max-width: 909px) 67vw, (max-width: 1362px) 62vw, 840px\" \/><\/p>\n<p class=\"western\" align=\"center\"><span style=\"font-size: x-large\"><span style=\"font-family: Times New Roman, serif\"><span lang=\"es-ES\"><b>700 <\/b><\/span><\/span><span style=\"color: #000000\"><span style=\"font-family: Times New Roman, serif\"><span lang=\"es-ES\"><b>aniversario<\/b><\/span><\/span><\/span><span style=\"font-family: Times New Roman, serif\"><span lang=\"es-ES\"><b> de la ejecuci\u00f3n de Gilhem de Belibasta. 1321-2021.<\/b><\/span><\/span><\/span><\/p>\n<p class=\"western\" align=\"justify\"><span style=\"font-family: Times New Roman, serif\"><span style=\"font-size: large\"><span lang=\"es-ES\">Domingo, 24 de <\/span><\/span><\/span><span style=\"color: #000000\"><span style=\"font-family: Times New Roman, serif\"><span style=\"font-size: large\"><span lang=\"es-ES\">O<\/span><\/span><\/span><\/span><span style=\"font-family: Times New Roman, serif\"><span style=\"font-size: large\"><span lang=\"es-ES\">ctubre de 2021 es la fecha m\u00e1s probable del 700 <\/span><\/span><\/span><span style=\"color: #000000\"><span style=\"font-family: Times New Roman, serif\"><span style=\"font-size: large\"><span lang=\"es-ES\">aniversario<\/span><\/span><\/span><\/span><span style=\"font-family: Times New Roman, serif\"><span style=\"font-size: large\"><span lang=\"es-ES\"> de la ejecuci\u00f3n <\/span><\/span><\/span><span style=\"color: #000000\"><span style=\"font-family: Times New Roman, serif\"><span style=\"font-size: large\"><span lang=\"es-ES\">en<\/span><\/span><\/span><\/span><span style=\"font-family: Times New Roman, serif\"><span style=\"font-size: large\"><span lang=\"es-ES\"> la hoguera de la Inquisici\u00f3n Cat\u00f3lica del \u00faltimo c\u00e1taro hist\u00f3rico conocido, <\/span><\/span><\/span><span style=\"font-family: Times New Roman, serif\"><span style=\"font-size: large\"><span lang=\"es-ES\"><b>Gilhem de Belibasta,<\/b><\/span><\/span><\/span> <span style=\"color: #000000\"><span style=\"font-family: Times New Roman, serif\"><span style=\"font-size: large\"><span lang=\"es-ES\">en<\/span><\/span><\/span><\/span><span style=\"font-family: Times New Roman, serif\"><span style=\"font-size: large\"><span lang=\"es-ES\"> Vila-Roja de Termen\u00e9s, en Occitania muy cerca de la Catalu\u00f1a del Norte.<\/span><\/span><\/span><\/p>\n<p class=\"western\" align=\"justify\"><span style=\"font-family: Times New Roman, serif\"><span style=\"font-size: large\"><span lang=\"es-ES\">Dice la tradici\u00f3n que, poco antes de morir, Belibasta afirm\u00f3: \u00ab<\/span><\/span><\/span><span style=\"color: #000000\"><span style=\"font-family: Times New Roman, serif\"><span style=\"font-size: large\"><span lang=\"es-ES\"><i>Al cabo<\/i><\/span><\/span><\/span><\/span><span style=\"font-family: Times New Roman, serif\"><span style=\"font-size: large\"><span lang=\"es-ES\"><i> de setecientos a\u00f1os florecer\u00e1 el laurel<\/i><\/span><\/span><\/span><span style=\"font-family: Times New Roman, serif\"><span style=\"font-size: large\"><span lang=\"es-ES\">\u00bb.<\/span><\/span><\/span><\/p>\n<p class=\"western\" align=\"justify\"><span style=\"font-family: Times New Roman, serif\"><span style=\"font-size: large\"><span lang=\"es-ES\">La religi\u00f3n de los buenos hombres y las buenas mujeres, perfect<\/span><\/span><\/span><span style=\"color: #000000\"><span style=\"font-family: Times New Roman, serif\"><span style=\"font-size: large\"><span lang=\"es-ES\">o<\/span><\/span><\/span><\/span><span style=\"font-family: Times New Roman, serif\"><span style=\"font-size: large\"><span lang=\"es-ES\">s o c\u00e1taros se caracterizaba por compartir la fe en el Cristo de la \u00e9poca romana y la creencia en la reencarnaci\u00f3n.<\/span><\/span><\/span><\/p>\n<p class=\"western\" align=\"justify\"><span style=\"font-family: Times New Roman, serif\"><span style=\"font-size: large\"><span lang=\"es-ES\">Hoy en d\u00eda, unos terapeutas ayudan a sus pacientes a sanar las heridas del inconsciente, que pueden provenir de vidas anteriores. Son los practicantes de la <\/span><\/span><\/span><span style=\"font-family: Times New Roman, serif\"><span style=\"font-size: large\"><span lang=\"es-ES\"><i>Terapia de Vidas Pasadas (TVP)<\/i><\/span><\/span><\/span><span style=\"font-family: Times New Roman, serif\"><span style=\"font-size: large\"><span lang=\"es-ES\"> y la <\/span><\/span><\/span><span style=\"font-family: Times New Roman, serif\"><span style=\"font-size: large\"><span lang=\"es-ES\"><i>Terapia de la Posesi\u00f3n Espiritual (TPE).<\/i><\/span><\/span><\/span><\/p>\n<p class=\"western\" align=\"justify\"><span style=\"font-family: Times New Roman, serif\"><span style=\"font-size: large\"><span lang=\"es-ES\">Hay un conocimiento com\u00fan, pues, que han compartido, <\/span><\/span><\/span><span style=\"font-family: Times New Roman, serif\"><span style=\"font-size: large\"><span lang=\"es-ES\">entre otros,<\/span><\/span><\/span> <span style=\"font-family: Times New Roman, serif\"><span style=\"font-size: large\"><span lang=\"es-ES\">seguidores de la <\/span><\/span><\/span><span style=\"color: #000000\"><span style=\"font-family: Times New Roman, serif\"><span style=\"font-size: large\"><span lang=\"es-ES\">C\u00e1<\/span><\/span><\/span><\/span><span style=\"font-family: Times New Roman, serif\"><span style=\"font-size: large\"><span lang=\"es-ES\">bal<\/span><\/span><\/span><span style=\"color: #000000\"><span style=\"font-family: Times New Roman, serif\"><span style=\"font-size: large\"><span lang=\"es-ES\">a<\/span><\/span><\/span><\/span><span style=\"font-family: Times New Roman, serif\"><span style=\"font-size: large\"><span lang=\"es-ES\"> jud\u00ed<\/span><\/span><\/span><span style=\"color: #000000\"><span style=\"font-family: Times New Roman, serif\"><span style=\"font-size: large\"><span lang=\"es-ES\">a<\/span><\/span><\/span><\/span><span style=\"font-family: Times New Roman, serif\"><span style=\"font-size: large\"><span lang=\"es-ES\">, los gn\u00f3sticos, algunos primeros padres de la Iglesia Cristiana, los musulmanes suf\u00edes, los cristianos c\u00e1taros, y, en estos tiempos, los terapeutas del alma, y es que todas estas personas nos han ayudado o nos ayudan a entender que somos almas y que vamos de cuerpo en cuerpo.<\/span><\/span><\/span><\/p>\n<p class=\"western\" align=\"justify\"><span style=\"font-family: Times New Roman, serif\"><span style=\"font-size: large\"><span lang=\"es-ES\">Vaya <\/span><\/span><\/span><span style=\"color: #000000\"><span style=\"font-family: Times New Roman, serif\"><span style=\"font-size: large\"><span lang=\"es-ES\">el<\/span><\/span><\/span><\/span><span style=\"font-family: Times New Roman, serif\"><span style=\"font-size: large\"><span lang=\"es-ES\"> presente mensaje como homenaje a todas aquellas personas que, a trav\u00e9s del tiempo y sea cual sea la comunidad o la condici\u00f3n a la cual pertenecen, han ayudado o ayudan a la Humanidad a comprender mejor y a hacernos evolucionar en la realidad espiritual.<\/span><\/span><\/span><\/p>","protected":false},"excerpt":{"rendered":"<p>700 aniversario de la ejecuci\u00f3n de Gilhem de Belibasta. 1321-2021. Domingo, 24 de Octubre de 2021 es la fecha m\u00e1s probable del 700 aniversario de la ejecuci\u00f3n en la hoguera &hellip; <a href=\"https:\/\/animaweb.blog.pangea.org\/es\/2021\/10\/24\/700e-aniversari-de-lexecucio-de-gilhem-de-belibasta-1321-2021\/\" class=\"more-link\">Continuar leyendo<span class=\"screen-reader-text\"> \u00ab700 aniversario de la ejecuci\u00f3n de Gilhem de Belibasta. 1321-2021.\u00bb<\/span><\/a><\/p>\n","protected":false},"author":12345698,"featured_media":0,"comment_status":"closed","ping_status":"open","sticky":false,"template":"","format":"standard","meta":{"ngg_post_thumbnail":0,"footnotes":""},"categories":[169482,169481,169483,169479,120,19423],"tags":[],"class_list":["post-1589","post","type-post","status-publish","format-standard","hentry","category-amics-del-catars","category-catars","category-efemerides","category-gilhem-de-belibasta","category-historia","category-occitania"],"views":218,"_links":{"self":[{"href":"https:\/\/animaweb.blog.pangea.org\/es\/wp-json\/wp\/v2\/posts\/1589","targetHints":{"allow":["GET"]}}],"collection":[{"href":"https:\/\/animaweb.blog.pangea.org\/es\/wp-json\/wp\/v2\/posts"}],"about":[{"href":"https:\/\/animaweb.blog.pangea.org\/es\/wp-json\/wp\/v2\/types\/post"}],"author":[{"embeddable":true,"href":"https:\/\/animaweb.blog.pangea.org\/es\/wp-json\/wp\/v2\/users\/12345698"}],"replies":[{"embeddable":true,"href":"https:\/\/animaweb.blog.pangea.org\/es\/wp-json\/wp\/v2\/comments?post=1589"}],"version-history":[{"count":5,"href":"https:\/\/animaweb.blog.pangea.org\/es\/wp-json\/wp\/v2\/posts\/1589\/revisions"}],"predecessor-version":[{"id":1610,"href":"https:\/\/animaweb.blog.pangea.org\/es\/wp-json\/wp\/v2\/posts\/1589\/revisions\/1610"}],"wp:attachment":[{"href":"https:\/\/animaweb.blog.pangea.org\/es\/wp-json\/wp\/v2\/media?parent=1589"}],"wp:term":[{"taxonomy":"category","embeddable":true,"href":"https:\/\/animaweb.blog.pangea.org\/es\/wp-json\/wp\/v2\/categories?post=1589"},{"taxonomy":"post_tag","embeddable":true,"href":"https:\/\/animaweb.blog.pangea.org\/es\/wp-json\/wp\/v2\/tags?post=1589"}],"curies":[{"name":"wp","href":"https:\/\/api.w.org\/{rel}","templated":true}]}}