{"id":1581,"date":"2021-10-18T20:55:33","date_gmt":"2021-10-18T18:55:33","guid":{"rendered":"https:\/\/animaweb.cat\/?p=1581"},"modified":"2021-11-02T19:26:18","modified_gmt":"2021-11-02T17:26:18","slug":"formacio-en-terapia-regressiva","status":"publish","type":"post","link":"https:\/\/animaweb.blog.pangea.org\/es\/2021\/10\/18\/formacio-en-terapia-regressiva\/","title":{"rendered":"Formaci\u00f3n en terapia regresiva."},"content":{"rendered":"<p class=\"western\" align=\"center\"><span style=\"font-family: Times New Roman, serif\"><span style=\"font-size: x-large\"><b>F<\/b><b>ormaci\u00f3n<\/b><b> <\/b><b>en<\/b><b> <\/b><b>terapia<\/b><b> <\/b><b>regresiva.<\/b><\/span><\/span><\/p>\n<p class=\"western\" align=\"center\"><span style=\"font-family: Times New Roman, serif\"><span style=\"font-size: large\"><img loading=\"lazy\" decoding=\"async\" class=\"aligncenter wp-image-1583 size-full\" title=\"Centro ATMA de M\u00e1laga. Logotipo.\" src=\"https:\/\/animaweb.cat\/files\/2021\/10\/Centro_ATMA_Malaga_Logotipo_72ppp_284x177px.png\" alt=\"Centro ATMA de M\u00e1laga. Logotipo.\" width=\"284\" height=\"177\" \/>Organiza: Centro ATMA de M\u00e1laga<br \/>\n<\/span><\/span><span style=\"font-family: Times New Roman, serif\"><span style=\"font-size: large\">Sede de la Asociaci\u00f3n Espa\u00f1ola de Terapia Regresiva<br \/>\n<\/span><\/span><span style=\"font-family: Times New Roman, serif\"><span style=\"font-size: large\">Avenida de los Guindos, 20, 2\u00ba Izquierda<br \/>\n<\/span><\/span><span style=\"font-family: Times New Roman, serif\"><span style=\"font-size: large\">29004 M\u00e1laga<\/span><\/span><\/p>\n<p class=\"western\" align=\"center\"><span style=\"font-family: Times New Roman, serif\"><span style=\"font-size: large\">C<\/span><\/span><span style=\"font-family: Times New Roman, serif\"><span style=\"font-size: large\">uatro<\/span><\/span> <span style=\"font-family: Times New Roman, serif\"><span style=\"font-size: large\">modalidades<\/span><\/span><span style=\"font-family: Times New Roman, serif\"><span style=\"font-size: large\"> \u2013 P<\/span><\/span><span style=\"font-family: Times New Roman, serif\"><span style=\"font-size: large\">resencial<\/span><\/span> <span style=\"font-family: Times New Roman, serif\"><span style=\"font-size: large\">y<\/span><\/span> <span style=\"font-family: Times New Roman, serif\"><span style=\"font-size: large\">online<br \/>\n<\/span><\/span><span style=\"font-family: Times New Roman, serif\"><span style=\"font-size: large\">P<\/span><\/span><span style=\"font-family: Times New Roman, serif\"><span style=\"font-size: large\">rofesional<\/span><\/span> <span style=\"font-family: Times New Roman, serif\"><span style=\"font-size: large\">docente<\/span><\/span><span style=\"font-family: Times New Roman, serif\"><span style=\"font-size: large\">:<br \/>\n<\/span><\/span><span style=\"font-family: Times New Roman, serif\"><span style=\"font-size: large\">Carlos Gonz\u00e1lez Delgado<br \/>\n<\/span><\/span><span style=\"font-family: Times New Roman, serif\"><span style=\"font-size: large\">Psic\u00f3logo Colegiado AO-11251<br \/>\n<\/span><\/span><span style=\"font-family: Times New Roman, serif\"><span style=\"font-size: large\">Presidente de la Asociaci\u00f3n Espa\u00f1ola de Terapia Regresiva<\/span><\/span><\/p>\n<p class=\"western\" align=\"center\"><span style=\"font-family: Times New Roman, serif\"><span style=\"font-size: large\">La Formaci\u00f3n en Terapia Regresiva que ofrece el Centro Atma de M\u00e1laga est\u00e1 dirigida tanto a profesionales del \u00e1mbito sanitario (psic\u00f3logos, m\u00e9dicos, terapeutas diplomados&#8230;) como a cualquier persona interesada en introducirse en esta t\u00e9cnica.<\/span><\/span><\/p>\n<p class=\"western\" align=\"center\"><span style=\"font-family: Times New Roman, serif\"><span style=\"font-size: large\">La formaci\u00f3n tiene una duraci\u00f3n de 9 meses y ofrece diversas modalidades.<\/span><\/span><\/p>\n<p class=\"western\" align=\"center\"><span style=\"font-family: Times New Roman, serif\"><span style=\"font-size: large\">En la modalidad presencial puede realizarse asistiendo tres tardes al mes a clases (en sesi\u00f3n de tarde) o bien un fin de semana al mes.<\/span><\/span><\/p>\n<p class=\"western\" align=\"center\"><span style=\"font-family: Times New Roman, serif\"><span style=\"font-size: large\">Comienza en el mes de Octubre del 2021 y acaba a final de Junio del 2021.<\/span><\/span><\/p>\n<p class=\"western\" align=\"center\"><span style=\"font-family: Times New Roman, serif\"><span style=\"font-size: large\">En cuanto a las modalidades on-line, puede optarse por una formaci\u00f3n totalmente individual o realizarla grupalmente junto a otras personas.<\/span><\/span><\/p>\n<p class=\"western\" align=\"center\"><span style=\"font-family: Times New Roman, serif\"><span style=\"font-size: large\">La modalidad on-line puede iniciarse en cualquier momento del a\u00f1o y puede acabarse, seg\u00fan el tiempo dedicado a las pr\u00e1cticas, cuando la persona est\u00e9 debidamente formada. Estas opciones on-line no tiene fecha l\u00edmite de finalizaci\u00f3n. Acaba cuando la persona ha demostrado su preparaci\u00f3n.<\/span><\/span><\/p>\n<p class=\"western\" align=\"center\"><span style=\"font-family: Times New Roman, serif\"><span style=\"font-size: large\">Tambi\u00e9n pod\u00e9is optar por una formaci\u00f3n mixta utilizando cualquier de las anteriores opciones.<\/span><\/span><\/p>\n<p class=\"western\" align=\"center\"><span style=\"font-family: Times New Roman, serif\"><span style=\"font-size: large\">Pod\u00e9is consultar el programa de estudios y el calendario en nuestra web<br \/>\n<\/span><\/span><span style=\"color: #000080\"><span lang=\"zxx\"><u><a href=\"http:\/\/www.terapiaregresiva.net\/\"><span style=\"font-family: Times New Roman, serif\"><span style=\"font-size: large\">www.terapiaregresiva.net<\/span><\/span><\/a><\/u><\/span><\/span><\/p>\n<p class=\"western\" align=\"center\"><span style=\"font-family: Times New Roman, serif\"><span style=\"font-size: large\">Tambi\u00e9n puede solicitarse informaci\u00f3n llamando al tel\u00e9fono:<br \/>\n(+34) 616 468 958<br \/>\no enviando un e-mail a:<br \/>\n<a href=\"mailto:centro.atma.cartama@gmail.com\">centro.atma.cartama@gmail.com<\/a><\/span><\/span><\/p>\n<p align=\"center\"><img loading=\"lazy\" decoding=\"async\" class=\"aligncenter wp-image-1586 size-large\" title=\"Centro ATMA de M\u00e1laga. Curso de Terapia de Vidas Pasadas para p\u00fablico general. Cartel.\" src=\"https:\/\/animaweb.cat\/files\/2021\/10\/Centro_ATMA_de_Malaga_Curso_TVP_para_publico_en_general-745x1024.jpg\" alt=\"Centro ATMA de M\u00e1laga. Curso de Terapia de Vidas Pasadas para p\u00fablico general. Cartel.\" width=\"745\" height=\"1024\" srcset=\"https:\/\/animaweb.blog.pangea.org\/files\/2021\/10\/Centro_ATMA_de_Malaga_Curso_TVP_para_publico_en_general-745x1024.jpg 745w, https:\/\/animaweb.blog.pangea.org\/files\/2021\/10\/Centro_ATMA_de_Malaga_Curso_TVP_para_publico_en_general-218x300.jpg 218w, https:\/\/animaweb.blog.pangea.org\/files\/2021\/10\/Centro_ATMA_de_Malaga_Curso_TVP_para_publico_en_general-768x1056.jpg 768w, https:\/\/animaweb.blog.pangea.org\/files\/2021\/10\/Centro_ATMA_de_Malaga_Curso_TVP_para_publico_en_general.jpg 800w\" sizes=\"auto, (max-width: 709px) 85vw, (max-width: 909px) 67vw, (max-width: 984px) 61vw, (max-width: 1362px) 45vw, 600px\" \/><\/p>\n<p align=\"center\"><img loading=\"lazy\" decoding=\"async\" class=\"aligncenter wp-image-1587 size-large\" title=\"Centro ATMA de M\u00e1laga. Curso de Terapia de Vidas Pasadas para profesionales. Cartel.\" src=\"https:\/\/animaweb.cat\/files\/2021\/10\/Centro_ATMA_de_Malaga_Curso_TVP_para_profesionales-745x1024.jpg\" alt=\"Centro ATMA de M\u00e1laga. Curso de Terapia de Vidas Pasadas para profesionales. Cartel.\" width=\"745\" height=\"1024\" srcset=\"https:\/\/animaweb.blog.pangea.org\/files\/2021\/10\/Centro_ATMA_de_Malaga_Curso_TVP_para_profesionales-745x1024.jpg 745w, https:\/\/animaweb.blog.pangea.org\/files\/2021\/10\/Centro_ATMA_de_Malaga_Curso_TVP_para_profesionales-218x300.jpg 218w, https:\/\/animaweb.blog.pangea.org\/files\/2021\/10\/Centro_ATMA_de_Malaga_Curso_TVP_para_profesionales-768x1056.jpg 768w, https:\/\/animaweb.blog.pangea.org\/files\/2021\/10\/Centro_ATMA_de_Malaga_Curso_TVP_para_profesionales.jpg 800w\" sizes=\"auto, (max-width: 709px) 85vw, (max-width: 909px) 67vw, (max-width: 984px) 61vw, (max-width: 1362px) 45vw, 600px\" \/><\/p>\n<p>&nbsp;","protected":false},"excerpt":{"rendered":"<p>Formaci\u00f3n en terapia regresiva. Organiza: Centro ATMA de M\u00e1laga Sede de la Asociaci\u00f3n Espa\u00f1ola de Terapia Regresiva Avenida de los Guindos, 20, 2\u00ba Izquierda 29004 M\u00e1laga Cuatro modalidades \u2013 Presencial &hellip; <a href=\"https:\/\/animaweb.blog.pangea.org\/es\/2021\/10\/18\/formacio-en-terapia-regressiva\/\" class=\"more-link\">Continuar leyendo<span class=\"screen-reader-text\"> \u00abFormaci\u00f3n en terapia regresiva.\u00bb<\/span><\/a><\/p>\n","protected":false},"author":12345698,"featured_media":0,"comment_status":"closed","ping_status":"open","sticky":false,"template":"","format":"standard","meta":{"ngg_post_thumbnail":0,"footnotes":""},"categories":[169474,169478,169465,169200,139229],"tags":[],"class_list":["post-1581","post","type-post","status-publish","format-standard","hentry","category-associacio-espanyola-de-terapia-regressiva","category-centre-atma-malaga","category-cursos-de-formacio-en-terapia-de-vides-passades-tvp","category-llicenciat-carlos-gonzalez-delgado","category-malaga"],"views":191,"_links":{"self":[{"href":"https:\/\/animaweb.blog.pangea.org\/es\/wp-json\/wp\/v2\/posts\/1581","targetHints":{"allow":["GET"]}}],"collection":[{"href":"https:\/\/animaweb.blog.pangea.org\/es\/wp-json\/wp\/v2\/posts"}],"about":[{"href":"https:\/\/animaweb.blog.pangea.org\/es\/wp-json\/wp\/v2\/types\/post"}],"author":[{"embeddable":true,"href":"https:\/\/animaweb.blog.pangea.org\/es\/wp-json\/wp\/v2\/users\/12345698"}],"replies":[{"embeddable":true,"href":"https:\/\/animaweb.blog.pangea.org\/es\/wp-json\/wp\/v2\/comments?post=1581"}],"version-history":[{"count":4,"href":"https:\/\/animaweb.blog.pangea.org\/es\/wp-json\/wp\/v2\/posts\/1581\/revisions"}],"predecessor-version":[{"id":1609,"href":"https:\/\/animaweb.blog.pangea.org\/es\/wp-json\/wp\/v2\/posts\/1581\/revisions\/1609"}],"wp:attachment":[{"href":"https:\/\/animaweb.blog.pangea.org\/es\/wp-json\/wp\/v2\/media?parent=1581"}],"wp:term":[{"taxonomy":"category","embeddable":true,"href":"https:\/\/animaweb.blog.pangea.org\/es\/wp-json\/wp\/v2\/categories?post=1581"},{"taxonomy":"post_tag","embeddable":true,"href":"https:\/\/animaweb.blog.pangea.org\/es\/wp-json\/wp\/v2\/tags?post=1581"}],"curies":[{"name":"wp","href":"https:\/\/api.w.org\/{rel}","templated":true}]}}