{"id":1494,"date":"2021-08-15T10:34:23","date_gmt":"2021-08-15T08:34:23","guid":{"rendered":"https:\/\/animaweb.cat\/?p=1494"},"modified":"2021-08-16T00:08:26","modified_gmt":"2021-08-15T22:08:26","slug":"a-la-comprensio-per-lexperiencia-i-el-testimoni-develyn-en-llengua-occitana","status":"publish","type":"post","link":"https:\/\/animaweb.blog.pangea.org\/es\/2021\/08\/15\/a-la-comprensio-per-lexperiencia-i-el-testimoni-develyn-en-llengua-occitana\/","title":{"rendered":"A la comprensi\u00f3n por la experiencia y El Testimonio de Evelyn en lengua occitana."},"content":{"rendered":"<p class=\"western\" lang=\"es-ES\" align=\"center\"><span style=\"font-family: Times New Roman, serif\"><span style=\"font-size: x-large\"><b>A la comprensi\u00f3n por la experiencia y El Testi<\/b><\/span><span style=\"color: #000000\"><span style=\"font-size: x-large\"><b>moni<\/b><\/span><\/span><span style=\"font-size: x-large\"><b>o de Evelyn en lengua occitana.<\/b><\/span><\/span><\/p>\n<p class=\"western\" lang=\"es-ES\" align=\"justify\"><span style=\"font-family: Times New Roman, serif\"><span style=\"font-size: large\"><img loading=\"lazy\" decoding=\"async\" class=\"alignleft wp-image-1260 size-full\" title=\"Bandera occitana animada.\" src=\"https:\/\/animaweb.cat\/files\/2021\/03\/Bandera_occitana_animada.gif\" alt=\"Bandera occitana animada.\" width=\"75\" height=\"50\" \/>Os informamos que est\u00e1 disponible para los internautas en lengua occitana el documento <i>A la comprensi\u00f3n por la experiencia<\/i> y <i>El Testi<\/i><span style=\"color: #000000\"><i>m<\/i><\/span><i>onio de Evelyn<\/i>, que son fragmentos de la obra de Brian Weiss, Doctor en Psiquiatr\u00eda y terapeuta de vidas pasadas. Los enlaces de ambos documentos son accesibles desde la p\u00e1gina del apartado de <i>Citas y testi<\/i><span style=\"color: #000000\"><i>m<\/i><\/span><i>onios<\/i>, en cada una de las lenguas en que estos documentos est\u00e1n disponibles.<\/span><\/span><\/p>\n<figure id=\"attachment_1495\" aria-describedby=\"caption-attachment-1495\" style=\"width: 200px\" class=\"wp-caption alignright\"><img loading=\"lazy\" decoding=\"async\" class=\"wp-image-1495 size-full\" title=\"Placa dedicada al Paseo del c\u00e1taro Gilhem de B\u00e9libaste, en Sant Mateu (Baix Maestrat), por Llapissera, CC BY-SA 4.0, https:\/\/commons.wikimedia.org\/w\/index.php?curid=18984143\" src=\"https:\/\/animaweb.cat\/files\/2021\/08\/Placa_del_Passeig_del_catar_Gilhem_de_Belibasta_a_Sant_Mateu_72ppp_200x150px.png\" alt=\"Placa dedicada al Paseo del c\u00e1taro Gilhem de B\u00e9libaste, en Sant Mateu (Baix Maestrat), por Llapissera, CC BY-SA 4.0, https:\/\/commons.wikimedia.org\/w\/index.php?curid=18984143\" width=\"200\" height=\"150\" \/><figcaption id=\"caption-attachment-1495\" class=\"wp-caption-text\">Placa dedicada al Paseo del c\u00e1taro Gilhem de B\u00e9libaste, en Sant Mateu (Baix Maestrat), por Llapissera, CC BY-SA 4.0, https:\/\/commons.wikimedia.org\/w\/index.php?curid=18984143<\/figcaption><\/figure>\n<p class=\"western\" lang=\"es-ES\" align=\"justify\"><span style=\"font-family: Times New Roman, serif\"><span style=\"font-size: large\">Estas traducciones coinciden con el setecientos <span style=\"color: #000000\">aniversario<\/span> de la muerte del \u00faltimo miembro hist\u00f3rico conocido de la religi\u00f3n de los llamados buenos hombres y las buenas mujeres, perfect<span style=\"color: #000000\">o<\/span>s o c\u00e1taros, Gilhem de Belibasta, <span style=\"color: #000000\">en<\/span> Vila-roja de Termen\u00e9s, quemado <span style=\"color: #000000\">en<\/span> la hoguera de la Inquisici\u00f3n Cat\u00f3lica. Fue en 1321 en una fecha que est\u00e1 establecida diferentemente seg\u00fan las fuentes, que podr\u00eda ser el 24 de <span style=\"color: #000000\">A<\/span>gosto o el 24 de <span style=\"color: #000000\">O<\/span>ctubre. Hay qui<span style=\"color: #000000\">e<\/span>nes afirman que poco antes de morir \u00e9l enunci\u00f3 la siguiente profec\u00eda: \u00ab<span style=\"color: #000000\"><i>Al cabo<\/i><\/span><i> de setecientos a\u00f1os, florecer\u00e1 el laurel<\/i>\u00bb.<\/span><\/span><\/p>\n<p class=\"western\" lang=\"es-ES\" align=\"justify\"><span style=\"font-family: Times New Roman, serif\"><span style=\"font-size: large\">Occitania fue una naci\u00f3n que perdi\u00f3 su integridad y sus libertades defendiendo una fe que combinaba la creencia en el Cristo de la \u00e9poca romana y la reencarnaci\u00f3n. Queremos facilitar con estas traducciones que las personas de la naci\u00f3n occitana que recuerdan este hecho se den cuenta que actualmente hay unos terapeutas <span style=\"color: #000000\">en e<\/span>l Mundo que ayudan a sus pacientes a sanar las heridas de su inconsciente, incluso provenientes de vidas anteriores. Coinciden <span style=\"color: #000000\">en el conocimiento<\/span> de esta vertiente de la realidad tanto buena parte de <span style=\"color: #000000\">lo<\/span>s antepasados de los occitanos como estos terapeutas del alma.<\/span><\/span><\/p>\n<p class=\"western\" lang=\"es-ES\" align=\"justify\"><span style=\"font-family: Times New Roman, serif\"><span style=\"font-size: large\">Adem\u00e1s, el conocimiento de la verdadera cultura e historia de cada una de las naciones de nuestro planeta es un patrimonio com\u00fan de la entera Humanidad que se tiene que procurar preservar para que los practicantes de las terapias del alma tengan mejor documentada las circunstancias del pasado de las almas de los diferentes pacientes sometidos a regresi\u00f3n, as\u00ed como de las almas desencarnad<span style=\"color: #000000\">a<\/span>s que habitan cuerpos ajenos y que tienen que ser redirigidas en su camino de evoluci\u00f3n espiritual.<\/span><\/span><\/p>\n<p class=\"western\" lang=\"es-ES\" align=\"justify\"><span style=\"font-family: Times New Roman, serif\"><span style=\"font-size: large\"><span lang=\"ca-ES\"><img loading=\"lazy\" decoding=\"async\" class=\"alignleft wp-image-1496 size-full\" title=\"Cercle d\u2019Agermanament Occitano Catal\u00e0 (C\u00edrculo de Hermanamiento Occitano Catal\u00e1n, C.A.O.C.). Logotipo.\" src=\"https:\/\/animaweb.cat\/files\/2021\/08\/Cercle_de_Agermanament_Occitano_Catala_CAOC_Logotip_72ppp_200x194px.png\" alt=\"Cercle d\u2019Agermanament Occitano Catal\u00e0 (C\u00edrculo de Hermanamiento Occitano Catal\u00e1n, C.A.O.C.). Logotipo.\" width=\"200\" height=\"194\" \/><\/span>Agradecemos una <span style=\"color: #000000\">vez<\/span> m\u00e1s al Profesor Federico Merino su buena labor y al <i>Cercle d\u2019Agermanament Occitano Catal\u00e0<\/i> (<i>C<\/i><span style=\"color: #000000\"><i>\u00edrculo<\/i><\/span><i> de Hermanamiento Occitano Catal<\/i><span style=\"color: #000000\"><i>\u00e1n, <\/i><\/span><i>C.A.O.C.<\/i>) el habernos facilitado su disponibilidad.<\/span><\/span><\/p>\n<p class=\"western\" lang=\"es-ES\" align=\"right\"><span style=\"font-family: Times New Roman, serif\"><span style=\"font-size: large\">Equipo del web \u00ab<i>En cuerpo y alma<\/i>\u00bb.<br \/>\n<\/span><\/span><span style=\"color: #000000\"><span style=\"font-family: Times New Roman, serif\"><span style=\"font-size: large\"><span lang=\"es-ES\">Domingo<\/span><\/span><\/span><\/span><span style=\"font-family: Times New Roman, serif\"><span style=\"font-size: large\"><span lang=\"es-ES\">, <\/span><\/span><\/span><span style=\"color: #000000\"><span style=\"font-family: Times New Roman, serif\"><span style=\"font-size: large\"><span lang=\"es-ES\">15<\/span><\/span><\/span><\/span><span style=\"font-family: Times New Roman, serif\"><span style=\"font-size: large\"><span lang=\"es-ES\"> de <\/span><\/span><\/span><span style=\"color: #000000\"><span style=\"font-family: Times New Roman, serif\"><span style=\"font-size: large\"><span lang=\"es-ES\">A<\/span><\/span><\/span><\/span><span style=\"font-family: Times New Roman, serif\"><span style=\"font-size: large\"><span lang=\"es-ES\">gosto del 2021.<\/span><\/span><\/span><\/p>\n<p class=\"western\" lang=\"es-ES\" align=\"justify\"><span style=\"font-family: Times New Roman, serif\"><span style=\"font-size: large\">Los enlaces de las traducciones nuevamente disponibles al occitano son los siguientes:<\/span><\/span><\/p>\n<p class=\"western\" lang=\"oc-FR\" align=\"justify\"><a href=\"\/oc\/respectar-els-individus-de-les-altres-condicions-el-testimoni-develyn\/\"><span style=\"font-family: Times New Roman, serif\"><span style=\"font-size: x-large\"><b>Respectar los individus de las autras condicions. Lo testim\u00f2ni d\u2019Evelyn <\/b><b>(<\/b><span lang=\"es-ES\"><b>Respetar los individuos de las otras condiciones. El testimonio de Evelyn<\/b><\/span><b>)<\/b><b>.<br \/>\n<\/b><\/span><\/span><\/a><span style=\"font-family: Times New Roman, serif\"><span style=\"font-size: large\"><i>Aiceste cas del Doctor Brian Weiss aperten a una pacienta qu\u2019a aqu\u00ed lo nom d\u2019Evelyn, ont es confirma la necessitat d\u2019aprene de respectar las personas qu\u2019apertenon a un collectiu ali\u00e8n.<br \/>\n<\/i><\/span><\/span><span style=\"font-family: Times New Roman, serif\"><span style=\"font-size: large\">Brian Weiss. <i>Same Soul, Many Bodies<\/i> (<i>Molts cossos, una mateixa \u00e0nima<\/i>).<br \/>\n<\/span><\/span><span style=\"font-family: Times New Roman, serif\"><span style=\"font-size: large\"><b>Traduccion a l\u2019<\/b><b>occitan<\/b><b> d\u2019apr\u00e8p la version anglesa originala: Federico Merino.<\/b><\/span><\/span><\/p>\n<p class=\"western\" lang=\"oc-FR\" align=\"justify\"><a href=\"\/oc\/a-la-comprensio-per-lexperiencia\/\"><span style=\"font-family: Times New Roman, serif\"><span style=\"font-size: x-large\"><b>A la compreneson per l\u2019experi\u00e9ncia (<span lang=\"es-ES\">A la comprensi\u00f3n por la experiencia<\/span>).<\/b><\/span><\/span><\/a><br \/>\n<span style=\"font-family: Times New Roman, serif\"><span style=\"font-size: large\"><i>Lo Doctor en psiquiatria Brian Weiss relata las seiunas investigacions inicialas a la rec\u00e8rca de refer\u00e9ncias sus la reencarnacion apr\u00e8s los sieus primi\u00e8rs passes en la tecnica de la terapia de vidas passadas.<br \/>\n<\/i><\/span><\/span><span style=\"font-family: Times New Roman, serif\"><span style=\"font-size: large\">Brian Weiss. <i>Through Time into Healing<\/i> (<i>A trav\u00e8rs del temps en la guarison<\/i>).<br \/>\n<\/span><\/span><span style=\"font-family: Times New Roman, serif\"><span style=\"font-size: large\"><b>Traduccion a l\u2019<\/b><b>occitan<\/b><b> d\u2019apr\u00e8p la version anglesa originala: Federico Merino.<\/b><\/span><\/span><\/p>","protected":false},"excerpt":{"rendered":"<p>A la comprensi\u00f3n por la experiencia y El Testimonio de Evelyn en lengua occitana. Os informamos que est\u00e1 disponible para los internautas en lengua occitana el documento A la comprensi\u00f3n &hellip; <a href=\"https:\/\/animaweb.blog.pangea.org\/es\/2021\/08\/15\/a-la-comprensio-per-lexperiencia-i-el-testimoni-develyn-en-llengua-occitana\/\" class=\"more-link\">Continuar leyendo<span class=\"screen-reader-text\"> \u00abA la comprensi\u00f3n por la experiencia y El Testimonio de Evelyn en lengua occitana.\u00bb<\/span><\/a><\/p>\n","protected":false},"author":12345698,"featured_media":0,"comment_status":"closed","ping_status":"open","sticky":false,"template":"","format":"standard","meta":{"ngg_post_thumbnail":0,"footnotes":""},"categories":[150026,119420,150025,19423,150024],"tags":[],"class_list":["post-1494","post","type-post","status-publish","format-standard","hentry","category-cercle-dagermanament-occitano-catala-caoc","category-doctor-brian-weiss","category-federico-merino","category-occitania","category-traduccions-a-loccita"],"views":130,"_links":{"self":[{"href":"https:\/\/animaweb.blog.pangea.org\/es\/wp-json\/wp\/v2\/posts\/1494","targetHints":{"allow":["GET"]}}],"collection":[{"href":"https:\/\/animaweb.blog.pangea.org\/es\/wp-json\/wp\/v2\/posts"}],"about":[{"href":"https:\/\/animaweb.blog.pangea.org\/es\/wp-json\/wp\/v2\/types\/post"}],"author":[{"embeddable":true,"href":"https:\/\/animaweb.blog.pangea.org\/es\/wp-json\/wp\/v2\/users\/12345698"}],"replies":[{"embeddable":true,"href":"https:\/\/animaweb.blog.pangea.org\/es\/wp-json\/wp\/v2\/comments?post=1494"}],"version-history":[{"count":3,"href":"https:\/\/animaweb.blog.pangea.org\/es\/wp-json\/wp\/v2\/posts\/1494\/revisions"}],"predecessor-version":[{"id":1502,"href":"https:\/\/animaweb.blog.pangea.org\/es\/wp-json\/wp\/v2\/posts\/1494\/revisions\/1502"}],"wp:attachment":[{"href":"https:\/\/animaweb.blog.pangea.org\/es\/wp-json\/wp\/v2\/media?parent=1494"}],"wp:term":[{"taxonomy":"category","embeddable":true,"href":"https:\/\/animaweb.blog.pangea.org\/es\/wp-json\/wp\/v2\/categories?post=1494"},{"taxonomy":"post_tag","embeddable":true,"href":"https:\/\/animaweb.blog.pangea.org\/es\/wp-json\/wp\/v2\/tags?post=1494"}],"curies":[{"name":"wp","href":"https:\/\/api.w.org\/{rel}","templated":true}]}}