{"id":1295,"date":"2021-04-12T09:14:25","date_gmt":"2021-04-12T07:14:25","guid":{"rendered":"https:\/\/animaweb.cat\/?p=1295"},"modified":"2021-07-29T18:06:30","modified_gmt":"2021-07-29T16:06:30","slug":"escoltant-veus-terapia-de-vides-passades-entrevista-a-la-doctora-viviana-zenteno-entrevista-en-dues-parts","status":"publish","type":"post","link":"https:\/\/animaweb.blog.pangea.org\/es\/2021\/04\/12\/escoltant-veus-terapia-de-vides-passades-entrevista-a-la-doctora-viviana-zenteno-entrevista-en-dues-parts\/","title":{"rendered":"Escuchando Voces. Terapia de Vidas Pasadas. Entrevista a la Doctora Viviana Zenteno. Entrevista en dos partes."},"content":{"rendered":"<p class=\"western\" align=\"center\"><span style=\"font-size: x-large\"><span style=\"font-family: Times New Roman, serif\"><b>Escuchando Voces. Terapia de Vidas Pasadas. Entrevista a la Doctora Viviana Zenteno. Entrevista en dos partes.<\/b><\/span><\/span><\/p>\n<p class=\"western\" align=\"justify\"><span style=\"font-family: Times New Roman, serif\"><span style=\"font-size: large\"><img loading=\"lazy\" decoding=\"async\" class=\"alignleft wp-image-1297 size-full\" title=\"Doctora Viviana Zenteno Cereceda.\" src=\"https:\/\/animaweb.cat\/files\/2021\/04\/Doctora_Viviana_Zenteno_Cereceda_72ppp_199x253px.png\" alt=\"Doctora Viviana Zenteno Cereceda.\" width=\"199\" height=\"253\" \/>Tema: Terapia de Vidas Pasadas. P<\/span><\/span><span style=\"color: #000000\"><span style=\"font-family: Times New Roman, serif\"><span style=\"font-size: large\"><span lang=\"ca-ES\">\u00e9<\/span><\/span><\/span><\/span><span style=\"font-family: Times New Roman, serif\"><span style=\"font-size: large\">rdida y recuperaci\u00f3n del alma. El psic\u00f3logo Alexis Sarmiento A. <\/span><\/span><span style=\"color: #000000\"><span style=\"font-family: Times New Roman, serif\"><span style=\"font-size: large\"><span lang=\"ca-ES\">e<\/span><\/span><\/span><\/span><span style=\"font-family: Times New Roman, serif\"><span style=\"font-size: large\">ntrevista a la Doctora Viviana Zenteno Cereceda, reumat\u00f3loga, terapeuta de vidas pasadas y autora del libro \u00ab<\/span><\/span><span style=\"font-family: Times New Roman, serif\"><span style=\"font-size: large\"><i>El alma sabe<\/i><\/span><\/span><span style=\"font-family: Times New Roman, serif\"><span style=\"font-size: large\">\u00bb. Primera parte de 2. Emi<\/span><\/span><span style=\"color: #000000\"><span style=\"font-family: Times New Roman, serif\"><span style=\"font-size: large\"><span lang=\"ca-ES\">si\u00f3n<\/span><\/span><\/span><\/span><span style=\"font-family: Times New Roman, serif\"><span style=\"font-size: large\"> original: Curauma FM. M\u00fasica de apertura: \u00ab<\/span><\/span><span style=\"font-family: Times New Roman, serif\"><span style=\"font-size: large\"><i>Fanfare for the Common Man<\/i><\/span><\/span><span style=\"font-family: Times New Roman, serif\"><span style=\"font-size: large\">\u00bb de Aaron Copland en versi\u00f3n de Keith Emerson. Perfil editor de \u00ab<\/span><\/span><span style=\"font-family: Times New Roman, serif\"><span style=\"font-size: large\"><i>YouT<\/i><\/span><\/span><span style=\"color: #000000\"><span style=\"font-family: Times New Roman, serif\"><span style=\"font-size: large\"><span lang=\"ca-ES\"><i>u<\/i><\/span><\/span><\/span><\/span><span style=\"font-family: Times New Roman, serif\"><span style=\"font-size: large\"><i>be<\/i><\/span><\/span><span style=\"font-family: Times New Roman, serif\"><span style=\"font-size: large\">\u00bb: Regresiones Vi\u00f1a del Mar, Chile. Fecha de emisi\u00f3n: Viernes, 20 de Noviembre de 2020 a las 22 horas (hora de Chile). Fecha de publicaci\u00f3n en \u00ab<\/span><\/span><span style=\"font-family: Times New Roman, serif\"><span style=\"font-size: large\"><i>YouT<\/i><\/span><\/span><span style=\"color: #000000\"><span style=\"font-family: Times New Roman, serif\"><span style=\"font-size: large\"><span lang=\"ca-ES\"><i>u<\/i><\/span><\/span><\/span><\/span><span style=\"font-family: Times New Roman, serif\"><span style=\"font-size: large\"><i>be<\/i><\/span><\/span><span style=\"font-family: Times New Roman, serif\"><span style=\"font-size: large\">\u00bb: Domingo, 28 de Febrero de 2021. Duraci\u00f3n: 1 hora, 9 minutos y 4<\/span><\/span><span style=\"color: #000000\"><span style=\"font-family: Times New Roman, serif\"><span style=\"font-size: large\"><span lang=\"ca-ES\">1<\/span><\/span><\/span><\/span><span style=\"font-family: Times New Roman, serif\"><span style=\"font-size: large\"> segundos. Idioma: castellano.<\/span><\/span><\/p>\n<p class=\"western\" align=\"center\"><span style=\"font-family: Times New Roman, serif\"><span style=\"font-size: large\"><div class=\"su-youtube su-u-responsive-media-yes\"><iframe loading=\"lazy\" width=\"600\" height=\"400\" src=\"https:\/\/www.youtube.com\/embed\/kbf2oIDfKDM?\" frameborder=\"0\" allowfullscreen allow=\"autoplay; encrypted-media; picture-in-picture\" title=\"Escuchando Voces. Terapia de Vidas Pasadas. Entrevista a la Doctora Viviana Zenteno. Parte 1.\"><\/iframe><\/div><\/span><\/span><\/p>\n<p class=\"western\" align=\"center\"><span style=\"color: #000080\"><span lang=\"zxx\"><u><a href=\"https:\/\/www.youtube.com\/watch?v=kbf2oIDfKDM\"><span style=\"font-family: Times New Roman, serif\"><span style=\"font-size: large\">https:\/\/www.youtube.com\/watch?v=kbf2oIDfKDM<\/span><\/span><\/a><\/u><\/span><\/span><\/p>\n<p class=\"western\" align=\"justify\"><span style=\"font-family: Times New Roman, serif\"><span style=\"font-size: large\"><span lang=\"es-ES\"><img loading=\"lazy\" decoding=\"async\" class=\"wp-image-1296 size-full alignright\" title=\"Radio Curauma. 106,7 FM.\" src=\"https:\/\/animaweb.cat\/files\/2021\/04\/Radio_Curauma_FM_72ppp_176x117px.png\" alt=\"Radio Curauma. 106,7 FM.\" width=\"176\" height=\"117\" \/>Tema: Terapia de Vidas Pasadas. P<\/span><\/span><\/span><span style=\"color: #000000\"><span style=\"font-family: Times New Roman, serif\"><span style=\"font-size: large\"><span lang=\"ca-ES\">\u00e9<\/span><\/span><\/span><\/span><span style=\"font-family: Times New Roman, serif\"><span style=\"font-size: large\"><span lang=\"es-ES\">rdida y recuperaci\u00f3n del alma. El psic\u00f3logo Alexis Sarmiento A. <\/span><\/span><\/span><span style=\"color: #000000\"><span style=\"font-family: Times New Roman, serif\"><span style=\"font-size: large\"><span lang=\"es-ES\">e<\/span><\/span><\/span><\/span><span style=\"font-family: Times New Roman, serif\"><span style=\"font-size: large\"><span lang=\"es-ES\">ntrevista a la Doctora Viviana Zenteno Cereceda, reumat\u00f3loga, terapeuta de vidas pasadas y autora del libro \u00ab<\/span><\/span><\/span><span style=\"font-family: Times New Roman, serif\"><span style=\"font-size: large\"><span lang=\"es-ES\"><i>El alma sabe<\/i><\/span><\/span><\/span><span style=\"font-family: Times New Roman, serif\"><span style=\"font-size: large\"><span lang=\"es-ES\">\u00bb. Segunda parte de 2. Emi<\/span><\/span><\/span><span style=\"color: #000000\"><span style=\"font-family: Times New Roman, serif\"><span style=\"font-size: large\"><span lang=\"ca-ES\">si\u00f3n<\/span><\/span><\/span><\/span><span style=\"font-family: Times New Roman, serif\"><span style=\"font-size: large\"><span lang=\"es-ES\"> original: Curauma FM. M\u00fasica de apertura: \u00ab<\/span><\/span><\/span><span style=\"font-family: Times New Roman, serif\"><span style=\"font-size: large\"><span lang=\"es-ES\"><i>Fanfare for the Common Man<\/i><\/span><\/span><\/span><span style=\"font-family: Times New Roman, serif\"><span style=\"font-size: large\"><span lang=\"es-ES\">\u00bb de Aaron Copland en versi\u00f3n de Keith Emerson. Perfil editor de \u00ab<\/span><\/span><\/span><span style=\"font-family: Times New Roman, serif\"><span style=\"font-size: large\"><span lang=\"es-ES\"><i>YouT<\/i><\/span><\/span><\/span><span style=\"color: #000000\"><span style=\"font-family: Times New Roman, serif\"><span style=\"font-size: large\"><span lang=\"ca-ES\"><i>u<\/i><\/span><\/span><\/span><\/span><span style=\"font-family: Times New Roman, serif\"><span style=\"font-size: large\"><span lang=\"es-ES\"><i>be<\/i><\/span><\/span><\/span><span style=\"font-family: Times New Roman, serif\"><span style=\"font-size: large\"><span lang=\"es-ES\">\u00bb: Regresiones Vi\u00f1a del Mar, Chile. Fecha de emisi\u00f3n: Viernes, 20 de Noviembre de 2020 a las 22 horas (hora de Chile). Fecha de publicaci\u00f3n en \u00ab<\/span><\/span><\/span><span style=\"font-family: Times New Roman, serif\"><span style=\"font-size: large\"><span lang=\"es-ES\"><i>YouT<\/i><\/span><\/span><\/span><span style=\"color: #000000\"><span style=\"font-family: Times New Roman, serif\"><span style=\"font-size: large\"><span lang=\"ca-ES\"><i>u<\/i><\/span><\/span><\/span><\/span><span style=\"font-family: Times New Roman, serif\"><span style=\"font-size: large\"><span lang=\"es-ES\"><i>be<\/i><\/span><\/span><\/span><span style=\"font-family: Times New Roman, serif\"><span style=\"font-size: large\"><span lang=\"es-ES\">\u00bb: Domingo, 28 de Febrero de 2021. Duraci\u00f3n: 1 hora, 33 minutos y 41 segundos. Idioma: castellano.<\/span><\/span><\/span><\/p>\n<p style=\"text-align: center\" align=\"justify\"><div class=\"su-youtube su-u-responsive-media-yes\"><iframe loading=\"lazy\" width=\"600\" height=\"400\" src=\"https:\/\/www.youtube.com\/embed\/NmuyAEWvnb4?\" frameborder=\"0\" allowfullscreen allow=\"autoplay; encrypted-media; picture-in-picture\" title=\"Escuchando Voces. Terapia de Vidas Pasadas. Entrevista a la Doctora Viviana Zenteno. Parte 2.\"><\/iframe><\/div>\n<p class=\"western\" align=\"center\"><span style=\"color: #000080\"><span lang=\"zxx\"><u><a href=\"https:\/\/www.youtube.com\/watch?v=NmuyAEWvnb4\"><span style=\"font-family: Times New Roman, serif\"><span style=\"font-size: large\"><span lang=\"es-ES\">https:\/\/www.youtube.com\/watch?v=NmuyAEWvnb4<\/span><\/span><\/span><\/a><\/u><\/span><\/span><\/p>","protected":false},"excerpt":{"rendered":"<p>Escuchando Voces. Terapia de Vidas Pasadas. Entrevista a la Doctora Viviana Zenteno. Entrevista en dos partes. Tema: Terapia de Vidas Pasadas. P\u00e9rdida y recuperaci\u00f3n del alma. El psic\u00f3logo Alexis Sarmiento &hellip; <a href=\"https:\/\/animaweb.blog.pangea.org\/es\/2021\/04\/12\/escoltant-veus-terapia-de-vides-passades-entrevista-a-la-doctora-viviana-zenteno-entrevista-en-dues-parts\/\" class=\"more-link\">Continuar leyendo<span class=\"screen-reader-text\"> \u00abEscuchando Voces. Terapia de Vidas Pasadas. Entrevista a la Doctora Viviana Zenteno. Entrevista en dos partes.\u00bb<\/span><\/a><\/p>\n","protected":false},"author":12345698,"featured_media":0,"comment_status":"closed","ping_status":"open","sticky":false,"template":"","format":"standard","meta":{"ngg_post_thumbnail":0,"footnotes":""},"categories":[150030,81594,150029,149956,150028],"tags":[],"class_list":["post-1295","post","type-post","status-publish","format-standard","hentry","category-alexis-sarmiento-a","category-chile","category-curauma-fm","category-doctora-viviana-zenteno","category-entrevistes-de-video"],"views":240,"_links":{"self":[{"href":"https:\/\/animaweb.blog.pangea.org\/es\/wp-json\/wp\/v2\/posts\/1295","targetHints":{"allow":["GET"]}}],"collection":[{"href":"https:\/\/animaweb.blog.pangea.org\/es\/wp-json\/wp\/v2\/posts"}],"about":[{"href":"https:\/\/animaweb.blog.pangea.org\/es\/wp-json\/wp\/v2\/types\/post"}],"author":[{"embeddable":true,"href":"https:\/\/animaweb.blog.pangea.org\/es\/wp-json\/wp\/v2\/users\/12345698"}],"replies":[{"embeddable":true,"href":"https:\/\/animaweb.blog.pangea.org\/es\/wp-json\/wp\/v2\/comments?post=1295"}],"version-history":[{"count":6,"href":"https:\/\/animaweb.blog.pangea.org\/es\/wp-json\/wp\/v2\/posts\/1295\/revisions"}],"predecessor-version":[{"id":1441,"href":"https:\/\/animaweb.blog.pangea.org\/es\/wp-json\/wp\/v2\/posts\/1295\/revisions\/1441"}],"wp:attachment":[{"href":"https:\/\/animaweb.blog.pangea.org\/es\/wp-json\/wp\/v2\/media?parent=1295"}],"wp:term":[{"taxonomy":"category","embeddable":true,"href":"https:\/\/animaweb.blog.pangea.org\/es\/wp-json\/wp\/v2\/categories?post=1295"},{"taxonomy":"post_tag","embeddable":true,"href":"https:\/\/animaweb.blog.pangea.org\/es\/wp-json\/wp\/v2\/tags?post=1295"}],"curies":[{"name":"wp","href":"https:\/\/api.w.org\/{rel}","templated":true}]}}