{"id":1259,"date":"2021-03-12T00:05:00","date_gmt":"2021-03-11T22:05:00","guid":{"rendered":"https:\/\/animaweb.cat\/?p=1259"},"modified":"2021-03-19T14:22:49","modified_gmt":"2021-03-19T12:22:49","slug":"web-en-cos-i-anima-en-llengua-occitana","status":"publish","type":"post","link":"https:\/\/animaweb.blog.pangea.org\/es\/2021\/03\/12\/web-en-cos-i-anima-en-llengua-occitana\/","title":{"rendered":"Web \u00abEn cuerpo y alma\u00bb en lengua occitana."},"content":{"rendered":"<p class=\"western\" align=\"center\"><span style=\"font-family: Times New Roman, serif\"><span style=\"font-size: x-large\"><span lang=\"es-ES\"><b>Web \u00abEn cuerpo y alma\u00bb en lengua occitana.<\/b><\/span><\/span><\/span><\/p>\n<p class=\"western\" align=\"justify\"><span style=\"font-family: Times New Roman, serif\"><span style=\"font-size: large\"><span lang=\"es-ES\"><img loading=\"lazy\" decoding=\"async\" class=\"alignleft wp-image-1260 size-full\" title=\"Bandera occitana animada.\" src=\"https:\/\/animaweb.cat\/files\/2021\/03\/Bandera_occitana_animada.gif\" alt=\"Bandera occitana animada.\" width=\"75\" height=\"50\" \/>Os informamos que hemos llevado a cabo la publicaci\u00f3n de las primeras p\u00e1ginas del sitio web \u00ab<\/span><\/span><\/span><span style=\"font-family: Times New Roman, serif\"><span style=\"font-size: large\"><span lang=\"es-ES\"><i>En cuerpo y alma<\/i><\/span><\/span><\/span><span style=\"font-family: Times New Roman, serif\"><span style=\"font-size: large\"><span lang=\"es-ES\">\u00bb en lengua occitana. Esta es la und\u00e9cima lengua de nuestro sitio web. Gracias a la excelente labor del traductor Federico Merino, disponemos de estas p\u00e1ginas en la lengua de Fr\u00e9d\u00e9ric Mistral. Agradecemos tambi\u00e9n su colaboraci\u00f3n al <\/span><\/span><\/span><span style=\"font-family: Times New Roman, serif\"><span style=\"font-size: large\"><span lang=\"es-ES\"><i>Cercle d\u2019Agermanament Occitano Catal\u00e0 (CAOC)<\/i><\/span><\/span><\/span><span style=\"font-family: Times New Roman, serif\"><span style=\"font-size: large\"><span lang=\"es-ES\">.<\/span><\/span><\/span><\/p>\n<p class=\"western\" align=\"justify\"><span style=\"font-family: Times New Roman, serif\"><span style=\"font-size: large\"><span lang=\"es-ES\">Recordemos que la naci\u00f3n que conocemos con el nombre moderno de Occitania perdi\u00f3 sus libertades defendiendo una fe, \u2013los seguidores de la cual fueron denominados c\u00e1taros, albigenses y para algunas personas incluso hugonotes\u2013, que combina la creencia en el Cristo de la \u00e9poca romana, \u2013fe compartida por la mayor parte de pueblos europeos y de otros continentes\u2013, junto con el conocimiento de la realidad de la reencarnaci\u00f3n.<\/span><\/span><\/span><\/p>\n<p class=\"western\" align=\"justify\"><span style=\"font-family: Times New Roman, serif\"><span style=\"font-size: large\"><span lang=\"es-ES\">El hecho que este sitio web empiece a expresarse en la lengua de la naci\u00f3n de las buenas mujeres y de los buenos hombres facilita la confluencia de esta antigua tradici\u00f3n de creencia en la reencarnaci\u00f3n, con el conocimiento de los modernos terapeutas del alma que ayudan a sanar los conflictos del pasado, incluso de vidas anteriores.<\/span><\/span><\/span><\/p>\n<p class=\"western\" align=\"justify\"><span style=\"font-family: Times New Roman, serif\"><span style=\"font-size: large\"><span lang=\"es-ES\">En la medida que dispongamos de los recursos suficientes podremos afrontar los retos pendientes de este sitio web, como por ejemplo redise\u00f1arlo desde las vertientes t\u00e9cnica y est\u00e9tica, as\u00ed como completar sus p\u00e1ginas en las lenguas que ya tenemos disponibles y otras que puedan llegar en el futuro.<\/span><\/span><\/span><\/p>\n<p class=\"western\" align=\"right\"><span style=\"font-family: Times New Roman, serif\"><span style=\"font-size: large\"><span lang=\"es-ES\">Equipo del web \u00ab<\/span><\/span><\/span><span style=\"font-family: Times New Roman, serif\"><span style=\"font-size: large\"><span lang=\"es-ES\"><i>En cuerpo y alma<\/i><\/span><\/span><\/span><span style=\"font-family: Times New Roman, serif\"><span style=\"font-size: large\"><span lang=\"es-ES\">\u00bb.<br \/>\n<\/span><\/span><\/span><span style=\"font-family: Times New Roman, serif\"><span style=\"font-size: large\"><span lang=\"es-ES\">M<\/span><\/span><\/span><span style=\"color: #000000\"><span style=\"font-family: Times New Roman, serif\"><span style=\"font-size: large\"><span lang=\"es-ES\">i\u00e9rcoles<\/span><\/span><\/span><\/span><span style=\"font-family: Times New Roman, serif\"><span style=\"font-size: large\"><span lang=\"es-ES\">, <\/span><\/span><\/span><span style=\"color: #000000\"><span style=\"font-family: Times New Roman, serif\"><span style=\"font-size: large\"><span lang=\"es-ES\">11<\/span><\/span><\/span><\/span><span style=\"font-family: Times New Roman, serif\"><span style=\"font-size: large\"><span lang=\"es-ES\"> de Marzo de 2021.<\/span><\/span><\/span><\/p>\n<p class=\"western\" lang=\"es-ES\"><span style=\"font-family: Times New Roman, serif\"><span style=\"font-size: large\">Relaci\u00f3n de las p\u00e1ginas disponibles en occitano:<\/span><\/span><\/p>\n<p class=\"western\" align=\"justify\"><span style=\"font-family: Times New Roman, serif\"><span style=\"font-size: large\"><b>Objectius (Objetivos).<br \/>\n<\/b><\/span><\/span><span style=\"font-family: Times New Roman, serif\"><span style=\"font-size: large\"><i>La cresen\u00e7a que viv\u00e8m unicament una encarnacion es f\u00f2r\u00e7a estenduda de pertot lo Mond. De mai, dins las civilizacions d\u2019Occident, s\u00e8m impregnats d\u2019aicesta mentalitat mod\u00e8rna de viure la vida en lo vesinatge sens nos preocupar excessivament de las consequ\u00e9ncias dels n\u00f2stres actes (&#8230;)<\/i><\/span><\/span><span style=\"font-family: Times New Roman, serif\"><span style=\"font-size: large\">.<br \/>\n<\/span><\/span><span style=\"color: #000080\"><span lang=\"zxx\"><u><a class=\"western\" href=\"https:\/\/animaweb.cat\/oc\/objectius\/\"><span style=\"font-family: Times New Roman, serif\"><span style=\"font-size: large\">https:\/\/animaweb.cat\/oc\/objectius\/<\/span><\/span><\/a><\/u><\/span><\/span><\/p>\n<p class=\"western\" align=\"justify\"><span style=\"font-family: Times New Roman, serif\"><span style=\"font-size: large\"><b>Ap\u00e8l del web \u00abEn c\u00f2rs e arma\u00bb (Llamamiento del web \u00abEn cuerpo y alma\u00bb).<br \/>\n<\/b><\/span><\/span><span style=\"font-family: Times New Roman, serif\"><span style=\"font-size: large\"><i>Los practicants de la Terapia de Vidas Passadas (TVP) e de la Terapia de la Possession Espirituala (TPE), cadun amb de despari\u00e8rs estils e variantas de tractament e mejan\u00e7ant l\u2019estudi de nombroses cases, nos informan que s\u00e8m d\u2019armas qu\u2019anam de c\u00f2rs en c\u00f2rs. De l\u2019estudi d\u2019aqueles cases dedusiss\u00e8m que la reencarnacion o metempsic\u00f2si es la via naturala d\u2019aprendissatge e perfeccionament de las armas (&#8230;).<br \/>\n<\/i><\/span><\/span><span style=\"color: #000080\"><span lang=\"zxx\"><u><a class=\"western\" href=\"https:\/\/animaweb.cat\/oc\/crida\/\"><span style=\"font-family: Times New Roman, serif\"><span style=\"font-size: large\">https:\/\/animaweb.cat\/oc\/crida\/<\/span><\/span><\/a><\/u><\/span><\/span><\/p>\n<p class=\"western\" align=\"justify\"><span style=\"font-family: Times New Roman, serif\"><span style=\"font-size: large\"><b>Entrevistas<br \/>\n<\/b><\/span><\/span><span style=\"color: #000080\"><span lang=\"zxx\"><u><a class=\"western\" href=\"https:\/\/animaweb.cat\/oc\/entrevistes\/\"><span style=\"font-family: Times New Roman, serif\"><span style=\"font-size: large\">https:\/\/animaweb.cat\/oc\/entrevistes\/<\/span><\/span><\/a><\/u><\/span><\/span><\/p>\n<p class=\"western\" align=\"justify\"><span style=\"font-family: Times New Roman, serif\"><span style=\"font-size: large\"><b>Brian Weiss: \u00abS\u00e8m d\u2019armas e anam de c\u00f2rs en c\u00f2rs\u00bb (Brian Weiss: \u00abSomos almas y vamos de cuerpo en cuerpo\u00bb).<br \/>\n<\/b><\/span><\/span><span style=\"font-family: Times New Roman, serif\"><span style=\"font-size: large\">El Peri\u00f3dico de Catalunya. Dim\u00e8cres, 21 de geni\u00e8r del 2009. Opinion. Pagina 80.<br \/>\n<\/span><\/span><span style=\"font-family: Times New Roman, serif\"><span style=\"font-size: large\"><i>L\u2019entrevista amb Brian Weiss, Psiquiatra especialista en terapia regressiva. Als Estats Units a recebut gaireben 4.000 pacients qu\u2019an de remembres de las si\u00e1s vidas passadas.<br \/>\n<\/i><\/span><\/span><span style=\"font-family: Times New Roman, serif\"><span style=\"font-size: large\">Gaspar Hern\u00e0ndez.<br \/>\n<\/span><\/span><span style=\"font-family: Times New Roman, serif\"><span style=\"font-size: large\"><b>Traduccion: Federico Merino.<br \/>\n<\/b><\/span><\/span><span style=\"color: #000080\"><span lang=\"zxx\"><u><a class=\"western\" href=\"https:\/\/animaweb.cat\/oc\/brian-weiss-som-animes-i-anem-de-cos-en-cos\/\"><span style=\"font-family: Times New Roman, serif\"><span style=\"font-size: large\">https:\/\/animaweb.cat\/oc\/brian-weiss-som-animes-i-anem-de-cos-en-cos\/<\/span><\/span><\/a><\/u><\/span><\/span><\/p>\n<p class=\"western\" align=\"justify\"><span style=\"font-family: Times New Roman, serif\"><span style=\"font-size: large\"><b>Citas e de testim\u00f2nis (Citas y testimonios).<br \/>\n<\/b><\/span><\/span><span style=\"color: #000080\"><span lang=\"zxx\"><u><a class=\"western\" href=\"https:\/\/animaweb.cat\/oc\/cites-i-testimonis\/\"><span style=\"font-family: Times New Roman, serif\"><span style=\"font-size: large\">https:\/\/animaweb.cat\/oc\/cites-i-testimonis\/<\/span><\/span><\/a><\/u><\/span><\/span><\/p>\n<p class=\"western\" align=\"justify\"><span style=\"font-family: Times New Roman, serif\"><span style=\"font-size: large\"><b>Un cas de reencarnacion immediata dins lo grop familial. Terapia de Vidas Passadas (Un caso de reencarnaci\u00f3n immediata dentro del grupo familiar. Terapia de Vidas Pasadas).<br \/>\n<\/b><\/span><\/span><span style=\"font-family: Times New Roman, serif\"><span style=\"font-size: large\"><i>Marcela (45 ans), vengu\u00e8t al cabinet amb l\u2019intencion de trabalhar la si\u00e1 f\u00f2bia als cans. Fasi\u00e1 ja mantuns ans que los sieus dos filhs, de dotze e d\u00e8tz ans, li reclamavan un can coma masc\u00f2ta, mas Marcela lor avi\u00e1 f\u00f2r\u00e7a temor als cans, quitament que podi\u00e0 pas marchar sola pel quarti\u00e8r, ont i avi\u00e1 f\u00f2r\u00e7a cans en libertat. Marcela desirava se desliurar d\u2019aquesta paur tan embarrassanta que la fasi\u00e1 prene d\u2019actituds gaireben comicas quand se trapava amb qualque can, sens importar la talha ni las circonst\u00e0ncias (\u2026).<br \/>\n<\/i><\/span><\/span><span style=\"font-family: Times New Roman, serif\"><span style=\"font-size: large\">per Leopoldo Lage, Merlo, San Luis, Argentina.<br \/>\n<\/span><\/span><span style=\"font-family: Times New Roman, serif\"><span style=\"font-size: large\"><b>Traduccion: Federico Merino.<br \/>\n<\/b><\/span><\/span><span style=\"color: #000080\"><span lang=\"zxx\"><u><a class=\"western\" href=\"https:\/\/animaweb.cat\/oc\/un-cas-de-reencarnacio-immediata-en-el-grup-familiar-terapia-de-vides-passades\/\"><span style=\"font-family: Times New Roman, serif\"><span style=\"font-size: large\">https:\/\/animaweb.cat\/oc\/un-cas-de-reencarnacio-immediata-en-el-grup-familiar-terapia-de-vides-passades\/<\/span><\/span><\/a><\/u><\/span><\/span><\/p>\n<p class=\"western\" align=\"justify\"><span style=\"font-family: Times New Roman, serif\"><span style=\"font-size: large\"><b>Merc\u00e9s (Gracias).<br \/>\n<\/b><\/span><\/span><span style=\"color: #000080\"><span lang=\"zxx\"><u><a class=\"western\" href=\"https:\/\/animaweb.cat\/oc\/gracies\/\"><span style=\"font-family: Times New Roman, serif\"><span style=\"font-size: large\">https:\/\/animaweb.cat\/oc\/gracies\/<\/span><\/span><\/a><\/u><\/span><\/span><\/p>","protected":false},"excerpt":{"rendered":"<p>Web \u00abEn cuerpo y alma\u00bb en lengua occitana. Os informamos que hemos llevado a cabo la publicaci\u00f3n de las primeras p\u00e1ginas del sitio web \u00abEn cuerpo y alma\u00bb en lengua &hellip; <a href=\"https:\/\/animaweb.blog.pangea.org\/es\/2021\/03\/12\/web-en-cos-i-anima-en-llengua-occitana\/\" class=\"more-link\">Continuar leyendo<span class=\"screen-reader-text\"> \u00abWeb \u00abEn cuerpo y alma\u00bb en lengua occitana.\u00bb<\/span><\/a><\/p>\n","protected":false},"author":12345698,"featured_media":0,"comment_status":"closed","ping_status":"open","sticky":false,"template":"","format":"standard","meta":{"ngg_post_thumbnail":0,"footnotes":""},"categories":[150026,119420,150025,169339,150024],"tags":[],"class_list":["post-1259","post","type-post","status-publish","format-standard","hentry","category-cercle-dagermanament-occitano-catala-caoc","category-doctor-brian-weiss","category-federico-merino","category-llicenciat-leopoldo-lage","category-traduccions-a-loccita"],"views":158,"_links":{"self":[{"href":"https:\/\/animaweb.blog.pangea.org\/es\/wp-json\/wp\/v2\/posts\/1259","targetHints":{"allow":["GET"]}}],"collection":[{"href":"https:\/\/animaweb.blog.pangea.org\/es\/wp-json\/wp\/v2\/posts"}],"about":[{"href":"https:\/\/animaweb.blog.pangea.org\/es\/wp-json\/wp\/v2\/types\/post"}],"author":[{"embeddable":true,"href":"https:\/\/animaweb.blog.pangea.org\/es\/wp-json\/wp\/v2\/users\/12345698"}],"replies":[{"embeddable":true,"href":"https:\/\/animaweb.blog.pangea.org\/es\/wp-json\/wp\/v2\/comments?post=1259"}],"version-history":[{"count":3,"href":"https:\/\/animaweb.blog.pangea.org\/es\/wp-json\/wp\/v2\/posts\/1259\/revisions"}],"predecessor-version":[{"id":1270,"href":"https:\/\/animaweb.blog.pangea.org\/es\/wp-json\/wp\/v2\/posts\/1259\/revisions\/1270"}],"wp:attachment":[{"href":"https:\/\/animaweb.blog.pangea.org\/es\/wp-json\/wp\/v2\/media?parent=1259"}],"wp:term":[{"taxonomy":"category","embeddable":true,"href":"https:\/\/animaweb.blog.pangea.org\/es\/wp-json\/wp\/v2\/categories?post=1259"},{"taxonomy":"post_tag","embeddable":true,"href":"https:\/\/animaweb.blog.pangea.org\/es\/wp-json\/wp\/v2\/tags?post=1259"}],"curies":[{"name":"wp","href":"https:\/\/api.w.org\/{rel}","templated":true}]}}