{"id":1228,"date":"2021-03-09T15:55:55","date_gmt":"2021-03-09T13:55:55","guid":{"rendered":"https:\/\/animaweb.cat\/?p=1228"},"modified":"2021-08-06T11:32:20","modified_gmt":"2021-08-06T09:32:20","slug":"albada-dun-nou-dia-entrevista-a-brian-weiss","status":"publish","type":"post","link":"https:\/\/animaweb.blog.pangea.org\/es\/2021\/03\/09\/albada-dun-nou-dia-entrevista-a-brian-weiss\/","title":{"rendered":"Amanecer de un nuevo d\u00eda. Entrevista a Brian Weiss."},"content":{"rendered":"<p class=\"western\" align=\"center\"><span style=\"font-size: x-large\"><b><span style=\"font-family: Times New Roman, serif\"><span lang=\"es-ES\">A<\/span><\/span><span style=\"color: #000000\"><span style=\"font-family: Times New Roman, serif\"><span lang=\"es-ES\">manecer<\/span><\/span><\/span><span style=\"font-family: Times New Roman, serif\"><span lang=\"es-ES\"> de un nuevo d\u00eda. Entrevista a Brian Weiss.<\/span><\/span><\/b><\/span><\/p>\n<p class=\"western\" align=\"justify\"><span style=\"font-family: Times New Roman, serif\"><span style=\"font-size: large\"><span lang=\"es-ES\"><img loading=\"lazy\" decoding=\"async\" class=\"alignright wp-image-1231 size-full\" title=\"New Visions Magazine. Portada.\" src=\"https:\/\/animaweb.cat\/files\/2021\/03\/New_Visions_Magazine_portada_72ppp_131x173px.jpg\" alt=\"New Visions Magazine. Portada.\" width=\"131\" height=\"173\" \/>Os informamos que hemos introducido, dentro del apartado de <\/span><\/span><\/span><span style=\"font-family: Times New Roman, serif\"><span style=\"font-size: large\"><span lang=\"es-ES\"><i>Entrevistas<\/i><\/span><\/span><\/span><span style=\"font-family: Times New Roman, serif\"><span style=\"font-size: large\"><span lang=\"es-ES\"> del sitio web \u00ab<\/span><\/span><\/span><span style=\"font-family: Times New Roman, serif\"><span style=\"font-size: large\"><span lang=\"es-ES\"><i>En cuerpo y alma<\/i><\/span><\/span><\/span><span style=\"font-family: Times New Roman, serif\"><span style=\"font-size: large\"><span lang=\"es-ES\">\u00bb, la entrevista concedida por <\/span><\/span><\/span><span style=\"font-family: Times New Roman, serif\"><span style=\"font-size: large\"><span lang=\"es-ES\"><i>Dawn Light<\/i><\/span><\/span><\/span><span style=\"font-family: Times New Roman, serif\"><span style=\"font-size: large\"><span lang=\"es-ES\"> (<\/span><\/span><\/span><span style=\"font-family: Times New Roman, serif\"><span style=\"font-size: large\"><span lang=\"es-ES\"><i>Luz del Alba<\/i><\/span><\/span><\/span><span style=\"font-family: Times New Roman, serif\"><span style=\"font-size: large\"><span lang=\"es-ES\">) al Doctor Brian Weiss. Esta entrevista es la versi\u00f3n completa de una hora de duraci\u00f3n realizada el martes, 25 de <\/span><\/span><\/span><span style=\"color: #000000\"><span style=\"font-family: Times New Roman, serif\"><span style=\"font-size: large\"><span lang=\"es-ES\">D<\/span><\/span><\/span><\/span><span style=\"font-family: Times New Roman, serif\"><span style=\"font-size: large\"><span lang=\"es-ES\">iciembre de 2007, de la cual fue publicado un resumen en el n\u00famero de <\/span><\/span><\/span><span style=\"color: #000000\"><span style=\"font-family: Times New Roman, serif\"><span style=\"font-size: large\"><span lang=\"es-ES\">S<\/span><\/span><\/span><\/span><span style=\"font-family: Times New Roman, serif\"><span style=\"font-size: large\"><span lang=\"es-ES\">eptiembre-<\/span><\/span><\/span><span style=\"color: #000000\"><span style=\"font-family: Times New Roman, serif\"><span style=\"font-size: large\"><span lang=\"es-ES\">O<\/span><\/span><\/span><\/span><span style=\"font-family: Times New Roman, serif\"><span style=\"font-size: large\"><span lang=\"es-ES\">ctubre de 2007 de la revista \u00ab<\/span><\/span><\/span><span style=\"font-family: Times New Roman, serif\"><span style=\"font-size: large\"><span lang=\"es-ES\"><i>New Visions Magazine<\/i><\/span><\/span><\/span><span style=\"font-family: Times New Roman, serif\"><span style=\"font-size: large\"><span lang=\"es-ES\">\u00bb.<\/span><\/span><\/span><\/p>\n<p class=\"western\" lang=\"es-ES\" align=\"justify\"><span style=\"font-family: Times New Roman, serif\"><span style=\"font-size: large\">Agradecemos la labor de la traductora y terapeuta Loto Perrella que ha facilitado las versiones en castellano, franc\u00e9s e italiano proveniente de la versi\u00f3n inglesa original. Tambi\u00e9n publicamos este documento en su versi\u00f3n catalana.<\/span><\/span><\/p>\n<p class=\"western\" lang=\"es-ES\" align=\"right\"><span style=\"font-family: Times New Roman, serif\"><span style=\"font-size: large\">Equipo del sitio web \u00ab<i>En cuerpo y alma<\/i>\u00bb.<br \/>\n<\/span><\/span><span style=\"font-family: Times New Roman, serif\"><span style=\"font-size: large\"><span lang=\"es-ES\">Martes, 9 de <\/span><\/span><\/span><span style=\"color: #000000\"><span style=\"font-family: Times New Roman, serif\"><span style=\"font-size: large\"><span lang=\"es-ES\">M<\/span><\/span><\/span><\/span><span style=\"font-family: Times New Roman, serif\"><span style=\"font-size: large\"><span lang=\"es-ES\">arzo de 2021.<\/span><\/span><\/span><\/p>\n<p class=\"western\" lang=\"es-ES\" align=\"justify\"><span style=\"font-family: Times New Roman, serif\"><span style=\"font-size: large\">Enlaces de las diferentes versiones disponibles de esta entrevista:<\/span><\/span><\/p>\n<p class=\"western\" lang=\"en-US\" align=\"justify\"><span style=\"font-family: Times New Roman, serif\"><span style=\"font-size: large\"><img loading=\"lazy\" decoding=\"async\" class=\"alignright wp-image-984 size-full\" title=\"Bandera Inglesa animada.\" src=\"https:\/\/animaweb.cat\/files\/2020\/11\/Bandera_anglesa_animada.gif\" alt=\"Bandera Inglesa animada.\" width=\"75\" height=\"50\" \/>English:<\/span><\/span><\/p>\n<p class=\"western\" align=\"justify\"><span style=\"font-family: Times New Roman, serif\"><span style=\"font-size: x-large\"><span lang=\"en-US\"><b><a href=\"\/en\/albada-dun-nou-dia-entrevista-a-brian-weiss-2007\/\">Dawn of a New Day. Brian Weiss Interview. 2007.<\/a><br \/>\n<\/b><\/span><\/span><\/span><span style=\"font-family: Times New Roman, serif\"><span style=\"font-size: large\"><span lang=\"en-US\"><b>Dawn L<\/b><\/span><\/span><\/span><span style=\"color: #000000\"><span style=\"font-family: Times New Roman, serif\"><span style=\"font-size: large\"><span lang=\"en-US\"><b>i<\/b><\/span><\/span><\/span><\/span><span style=\"font-family: Times New Roman, serif\"><span style=\"font-size: large\"><span lang=\"en-US\"><b>ght. Tuesday, December 25<\/b><\/span><\/span><\/span><sup><span style=\"font-family: Times New Roman, serif\"><span style=\"font-size: large\"><span lang=\"en-US\"><b>th<\/b><\/span><\/span><\/span><\/sup><span style=\"font-family: Times New Roman, serif\"><span style=\"font-size: large\"><span lang=\"en-US\"><b> 2007.<br \/>\n<\/b><\/span><\/span><\/span><span style=\"font-family: Times New Roman, serif\"><span style=\"font-size: large\"><i>This is the complete one hour interview I did with Brian Weiss. An excerpt of this interview appeared in the September\/October 2007 issue of New Visions Magazine.<\/i><\/span><\/span><\/p>\n<p class=\"western\" lang=\"es-ES\" align=\"justify\"><span style=\"font-family: Times New Roman, serif\"><span style=\"font-size: large\"><img loading=\"lazy\" decoding=\"async\" class=\"alignright wp-image-1230 size-full\" title=\"Bandera castellana animada.\" src=\"https:\/\/animaweb.cat\/files\/2021\/03\/Bandera_castellana_animada.gif\" alt=\"Bandera castellana animada.\" width=\"75\" height=\"50\" \/>Castellano:<\/span><\/span><\/p>\n<p class=\"western\" align=\"justify\"><span style=\"font-family: Times New Roman, serif\"><span style=\"font-size: x-large\"><span lang=\"es-ES\"><b><a href=\"\/es\/albada-dun-nou-dia-entrevista-a-brian-weiss-2007\/\">Amanecer de un Nuevo D\u00eda. Entrevista a Brian Weiss. 2007.<\/a><br \/>\n<\/b><\/span><\/span><\/span><span style=\"font-family: Times New Roman, serif\"><span style=\"font-size: large\"><span lang=\"en-US\"><b>Dawn Light<\/b><\/span><\/span><\/span><span style=\"font-family: Times New Roman, serif\"><span style=\"font-size: large\"><span lang=\"es-ES\"><b> (Lu<\/b><\/span><\/span><\/span><span style=\"color: #000000\"><span style=\"font-family: Times New Roman, serif\"><span style=\"font-size: large\"><span lang=\"es-ES\"><b>z<\/b><\/span><\/span><\/span><\/span><span style=\"font-family: Times New Roman, serif\"><span style=\"font-size: large\"><span lang=\"es-ES\"><b> del Alba). Martes, 25 de Diciembre de 2007.<br \/>\n<\/b><\/span><\/span><\/span><span style=\"font-family: Times New Roman, serif\"><span style=\"font-size: large\"><span lang=\"es-ES\"><i>Aqu\u00ed est\u00e1 la entrevista completa de una hora que le hice a Brian Weiss. Un extracto de esta entrevista se public\u00f3 en el n\u00famero de Septiembre\/Octubre de 2007 de la revista <\/i><\/span><\/span><\/span><span style=\"font-family: Times New Roman, serif\"><span style=\"font-size: large\"><span lang=\"en-US\"><i>New Visions Magazine<\/i><\/span><\/span><\/span><span style=\"font-family: Times New Roman, serif\"><span style=\"font-size: large\"><span lang=\"es-ES\"><i>.<br \/>\n<\/i><\/span><\/span><\/span><span style=\"font-family: Times New Roman, serif\"><span style=\"font-size: large\"><span lang=\"es-ES\"><b>Traducci\u00f3n respecto la versi\u00f3n original inglesa: Loto Pe<\/b><\/span><\/span><\/span><span style=\"color: #000000\"><span style=\"font-family: Times New Roman, serif\"><span style=\"font-size: large\"><span lang=\"es-ES\"><b>rr<\/b><\/span><\/span><\/span><\/span><span style=\"font-family: Times New Roman, serif\"><span style=\"font-size: large\"><span lang=\"es-ES\"><b>ella.<\/b><\/span><\/span><\/span><\/p>\n<p class=\"western\" align=\"justify\"><span style=\"font-family: Times New Roman, serif\"><span style=\"font-size: large\"><img loading=\"lazy\" decoding=\"async\" class=\"alignright wp-image-1229 size-full\" title=\"Bandera catalana animada.\" src=\"https:\/\/animaweb.cat\/files\/2021\/03\/Bandera_catalana_animada.gif\" alt=\"Bandera catalana animada.\" width=\"75\" height=\"50\" \/>Catal\u00e0:<\/span><\/span><\/p>\n<p class=\"western\" align=\"justify\"><span style=\"font-family: Times New Roman, serif\"><span style=\"font-size: x-large\"><b><a href=\"\/ca\/albada-dun-nou-dia-entrevista-a-brian-weiss-2007\/\">Albada d&#8217;un Nou Dia. Entrevista a Brian Weiss. 2007.<\/a><br \/>\n<\/b><\/span><\/span><span style=\"font-family: Times New Roman, serif\"><span style=\"font-size: large\"><span lang=\"en-US\"><b>Dawn Light<\/b><\/span><\/span><\/span><span style=\"font-family: Times New Roman, serif\"><span style=\"font-size: large\"><span lang=\"ca-ES\"><b> (Llum de l\u2019Albada). Dimarts, 25 de desembre del 2007.<br \/>\n<\/b><\/span><\/span><\/span><span style=\"font-family: Times New Roman, serif\"><span style=\"font-size: large\"><i>Aquesta \u00e9s l&#8217;entrevista completa<\/i><\/span><\/span><span style=\"font-family: Times New Roman, serif\"><span style=\"font-size: large\"><i>, d&#8217;una hora de duraci\u00f3, que li vaig fer a Brian Weiss al 2007, de la qual se\u2019n va publicar un estracte en el n\u00famero de setembre\/octubre de la revista <\/i><\/span><\/span><span style=\"font-family: Times New Roman, serif\"><span style=\"font-size: large\"><span lang=\"en-US\"><i>New Visions Magazine<\/i><\/span><\/span><\/span><span style=\"font-family: Times New Roman, serif\"><span style=\"font-size: large\"><i>.<\/i><\/span><\/span><\/p>\n<p class=\"western\" lang=\"fr-FR\" align=\"justify\"><span style=\"font-family: Times New Roman, serif\"><span style=\"font-size: large\"><img loading=\"lazy\" decoding=\"async\" class=\"alignright wp-image-1240 size-full\" title=\"Bandera francesa animada.\" src=\"https:\/\/animaweb.cat\/files\/2021\/03\/Bandera_francesa_animada.gif\" alt=\"Bandera francesa animada.\" width=\"68\" height=\"50\" \/>Fran\u00e7ais\u00a0:<\/span><\/span><\/p>\n<p class=\"western\" align=\"justify\"><span style=\"font-family: Times New Roman, serif\"><span style=\"font-size: x-large\"><span lang=\"fr-FR\"><b><a href=\"\/fr\/albada-dun-nou-dia-entrevista-a-brian-weiss-2007\/\">Le Lever d\u2019un Nouveau Jour. Une interview \u00e0 Brian Weiss. 2007.<\/a><br \/>\n<\/b><\/span><\/span><\/span><span style=\"font-family: Times New Roman, serif\"><span style=\"font-size: large\"><span lang=\"fr-FR\"><b>Dawn Light (\u00a0Lumi\u00e8re de l&#8217;aube\u00a0). Mardi 25 d\u00e9cembre 2007.<br \/>\n<\/b><\/span><\/span><\/span><span style=\"font-family: Times New Roman, serif\"><span style=\"font-size: large\"><span lang=\"fr-FR\"><i>Celle-ci est l\u2019interview compl\u00e8te d\u2019une heure que j\u2019ai eue avec Brian Weiss. Un extrait de cette interview est apparu dans le num\u00e9ro de Septembre-Octobre 2007 du <\/i><\/span><\/span><\/span><span style=\"font-family: Times New Roman, serif\"><span style=\"font-size: large\"><span lang=\"en-US\"><i>New Visions Magazine<\/i><\/span><\/span><\/span><span style=\"font-family: Times New Roman, serif\"><span style=\"font-size: large\"><span lang=\"fr-FR\"><i>.<br \/>\n<\/i><\/span><\/span><\/span><span style=\"font-family: Times New Roman, serif\"><span style=\"font-size: large\"><b>Traduction respecte la version originale anglaise\u00a0: Loto Perrella.<\/b><\/span><\/span><\/p>\n<p class=\"western\" lang=\"it-IT\" align=\"justify\"><span style=\"font-family: Times New Roman, serif\"><span style=\"font-size: large\"><img loading=\"lazy\" decoding=\"async\" class=\"alignright wp-image-1047 size-full\" title=\"Bandera italiana animada.\" src=\"https:\/\/animaweb.cat\/files\/2020\/12\/Bandera_italiana_animada.gif\" alt=\"Bandera italiana animada.\" width=\"68\" height=\"50\" \/>Italiano:<\/span><\/span><\/p>\n<p class=\"western\" align=\"justify\"><span style=\"font-family: Times New Roman, serif\"><span style=\"font-size: x-large\"><span lang=\"it-IT\"><b><a href=\"\/it\/albada-dun-nou-dia-entrevista-a-brian-weiss-2007\/\">Lo Spuntare di un Nuovo Giorno. Intervista a Brian Weiss. 2007.<\/a><br \/>\n<\/b><\/span><\/span><\/span><span style=\"font-family: Times New Roman, serif\"><span style=\"font-size: large\"><b>Dawn Light (Luce dell&#8217;alba). Marted\u00ec 25 dicembre 2007.<br \/>\n<\/b><\/span><\/span><span style=\"font-family: Times New Roman, serif\"><span style=\"font-size: large\"><span lang=\"it-IT\"><i>Abbiamo qui l\u2019intervista completa di un\u2019ora che ho fatto a Brian Weiss. Nel numero di settembre\/ottobre 2007 della rivista <\/i><\/span><\/span><\/span><span style=\"font-family: Times New Roman, serif\"><span style=\"font-size: large\"><span lang=\"en-US\"><i>New Visions Magazine<\/i><\/span><\/span><\/span><span style=\"font-family: Times New Roman, serif\"><span style=\"font-size: large\"><span lang=\"it-IT\"><i> abbiamo pubblicato un riassunto di questa intervista.<br \/>\n<\/i><\/span><\/span><\/span><span style=\"font-family: Times New Roman, serif\"><span style=\"font-size: large\"><b>Traduzione dalla versione inglese originale: Loto Perrella.<\/b><\/span><\/span><\/p>","protected":false},"excerpt":{"rendered":"<p>Amanecer de un nuevo d\u00eda. Entrevista a Brian Weiss. Os informamos que hemos introducido, dentro del apartado de Entrevistas del sitio web \u00abEn cuerpo y alma\u00bb, la entrevista concedida por &hellip; <a href=\"https:\/\/animaweb.blog.pangea.org\/es\/2021\/03\/09\/albada-dun-nou-dia-entrevista-a-brian-weiss\/\" class=\"more-link\">Continuar leyendo<span class=\"screen-reader-text\"> \u00abAmanecer de un nuevo d\u00eda. Entrevista a Brian Weiss.\u00bb<\/span><\/a><\/p>\n","protected":false},"author":12345698,"featured_media":0,"comment_status":"closed","ping_status":"open","sticky":false,"template":"","format":"standard","meta":{"ngg_post_thumbnail":0,"footnotes":""},"categories":[150023,119420,149952,3,139210,150022,150004,150021,150020,150003],"tags":[],"class_list":["post-1228","post","type-post","status-publish","format-standard","hentry","category-dawn-light","category-doctor-brian-weiss","category-entrevistes-de-text","category-general","category-loto-perrella-estelles","category-new-visions-magazine","category-traduccions-a-litalia","category-traduccions-al-castella","category-traduccions-al-catala","category-traduccions-al-frances"],"views":160,"_links":{"self":[{"href":"https:\/\/animaweb.blog.pangea.org\/es\/wp-json\/wp\/v2\/posts\/1228","targetHints":{"allow":["GET"]}}],"collection":[{"href":"https:\/\/animaweb.blog.pangea.org\/es\/wp-json\/wp\/v2\/posts"}],"about":[{"href":"https:\/\/animaweb.blog.pangea.org\/es\/wp-json\/wp\/v2\/types\/post"}],"author":[{"embeddable":true,"href":"https:\/\/animaweb.blog.pangea.org\/es\/wp-json\/wp\/v2\/users\/12345698"}],"replies":[{"embeddable":true,"href":"https:\/\/animaweb.blog.pangea.org\/es\/wp-json\/wp\/v2\/comments?post=1228"}],"version-history":[{"count":18,"href":"https:\/\/animaweb.blog.pangea.org\/es\/wp-json\/wp\/v2\/posts\/1228\/revisions"}],"predecessor-version":[{"id":1471,"href":"https:\/\/animaweb.blog.pangea.org\/es\/wp-json\/wp\/v2\/posts\/1228\/revisions\/1471"}],"wp:attachment":[{"href":"https:\/\/animaweb.blog.pangea.org\/es\/wp-json\/wp\/v2\/media?parent=1228"}],"wp:term":[{"taxonomy":"category","embeddable":true,"href":"https:\/\/animaweb.blog.pangea.org\/es\/wp-json\/wp\/v2\/categories?post=1228"},{"taxonomy":"post_tag","embeddable":true,"href":"https:\/\/animaweb.blog.pangea.org\/es\/wp-json\/wp\/v2\/tags?post=1228"}],"curies":[{"name":"wp","href":"https:\/\/api.w.org\/{rel}","templated":true}]}}