{"id":1176,"date":"2021-02-11T18:32:46","date_gmt":"2021-02-11T16:32:46","guid":{"rendered":"https:\/\/animaweb.cat\/?p=1176"},"modified":"2021-08-05T22:05:03","modified_gmt":"2021-08-05T20:05:03","slug":"cites-dels-savis-en-llengua-basca","status":"publish","type":"post","link":"https:\/\/animaweb.blog.pangea.org\/es\/2021\/02\/11\/cites-dels-savis-en-llengua-basca\/","title":{"rendered":"Citas de los sabios en lengua vasca."},"content":{"rendered":"<p class=\"western\" align=\"center\"><span style=\"font-size: x-large\"><b><span style=\"font-family: Times New Roman, serif\"><span lang=\"es-ES\">Citas de los sabios en lengua vasca.<\/span><\/span><\/b><\/span><\/p>\n<p class=\"western\" align=\"justify\"><span style=\"font-family: Times New Roman, serif\"><span style=\"font-size: large\"><span lang=\"es-ES\"><img loading=\"lazy\" decoding=\"async\" class=\"alignleft wp-image-951 size-full\" title=\"Ikurri\u00f1a.\" src=\"https:\/\/animaweb.cat\/files\/2020\/10\/Bandera_basca_animada.gif\" alt=\"Ikurri\u00f1a.\" width=\"75\" height=\"50\" \/>Os informamos que hemos publicado en euskera dentro del sitio web \u00ab<\/span><\/span><\/span><span style=\"font-family: Times New Roman, serif\"><span style=\"font-size: large\"><span lang=\"es-ES\"><i>En cuerpo y alma<\/i><\/span><\/span><\/span><span style=\"font-family: Times New Roman, serif\"><span style=\"font-size: large\"><span lang=\"es-ES\">\u00bb (\u00ab<\/span><\/span><\/span><span style=\"font-family: Times New Roman, serif\"><span style=\"font-size: large\"><span lang=\"es-ES\"><i>Gorputzez eta arimaz<\/i><\/span><\/span><\/span><span style=\"font-family: Times New Roman, serif\"><span style=\"font-size: large\"><span lang=\"es-ES\">\u00bb) la p\u00e1gina titulada <\/span><\/span><\/span><span style=\"font-family: Times New Roman, serif\"><span style=\"font-size: large\"><span lang=\"es-ES\"><i>Tipo<\/i><\/span><\/span><\/span><span style=\"font-family: Times New Roman, serif\"><span style=\"font-size: large\"><span lang=\"es-ES\"><i>s<\/i><\/span><\/span><\/span><span style=\"font-family: Times New Roman, serif\"><span style=\"font-size: large\"><span lang=\"es-ES\"><i> de karma, karma colectivo, fama, objetivo y perd\u00f3n. Citas de los sabios<\/i><\/span><\/span><\/span><span style=\"font-family: Times New Roman, serif\"><span style=\"font-size: large\"><span lang=\"es-ES\"> (<\/span><\/span><\/span><span style=\"font-family: Times New Roman, serif\"><span style=\"font-size: large\"><span lang=\"es-ES\"><i>Karma motak, karma kolektiboa, ospea, helburua eta barkamena. Jakintsuen esaerak<\/i><\/span><\/span><\/span><span style=\"font-family: Times New Roman, serif\"><span style=\"font-size: large\"><span lang=\"es-ES\">), el fragmento de la obra del Doctor Brian Weiss donde en el transcurso de una regresi\u00f3n hipn\u00f3tica a uno de sus pacientes, diferentes sabios o maestros toman el control de las cuerdas vocales del individuo en regresi\u00f3n para ofrecer varias lecciones espirituales al terapeuta y as\u00ed transmitirlas a los lectores de su obra.<\/span><\/span><\/span><\/p>\n<p class=\"western\" align=\"justify\"><span style=\"font-family: Times New Roman, serif\"><span style=\"font-size: large\"><span lang=\"es-ES\">Iraide L\u00f3pez de Gere\u00f1u nos ha facilitado la versi\u00f3n en euskera de este fragmento, consultable desde la p\u00e1gina del apartado de <\/span><\/span><\/span><span style=\"font-family: Times New Roman, serif\"><span style=\"font-size: large\"><span lang=\"es-ES\"><i>Citas y testi<\/i><\/span><\/span><\/span><span style=\"color: #000000\"><span style=\"font-family: Times New Roman, serif\"><span style=\"font-size: large\"><span lang=\"es-ES\"><i>m<\/i><\/span><\/span><\/span><\/span><span style=\"font-family: Times New Roman, serif\"><span style=\"font-size: large\"><span lang=\"es-ES\"><i>o<\/i><\/span><\/span><\/span><span style=\"font-family: Times New Roman, serif\"><span style=\"font-size: large\"><span lang=\"es-ES\"><i>nio<\/i><\/span><\/span><\/span><span style=\"font-family: Times New Roman, serif\"><span style=\"font-size: large\"><span lang=\"es-ES\"><i>s<\/i><\/span><\/span><\/span> <span style=\"font-family: Times New Roman, serif\"><span style=\"font-size: large\"><span lang=\"es-ES\">(<\/span><\/span><\/span><span style=\"font-family: Times New Roman, serif\"><span style=\"font-size: large\"><span lang=\"es-ES\"><i>Hitzorduak eta testigantzak<\/i><\/span><\/span><\/span><span style=\"font-family: Times New Roman, serif\"><span style=\"font-size: large\"><span lang=\"es-ES\">) <\/span><\/span><\/span><span style=\"font-family: Times New Roman, serif\"><span style=\"font-size: large\"><span lang=\"es-ES\">en las lenguas que hay disponibles.<\/span><\/span><\/span><\/p>\n<p class=\"western\" align=\"justify\"><span style=\"font-family: Times New Roman, serif\"><span style=\"font-size: large\"><span lang=\"es-ES\">A<\/span><\/span><\/span><span style=\"color: #000000\"><span style=\"font-family: Times New Roman, serif\"><span style=\"font-size: large\"><span lang=\"es-ES\">l principio<\/span><\/span><\/span><\/span><span style=\"font-family: Times New Roman, serif\"><span style=\"font-size: large\"><span lang=\"es-ES\"> de este fragmento, el alma que habla a trav\u00e9s de las cuerdas vocales del paciente nos informa que del mismo modo que existe el karma o las deudas individuales, tambi\u00e9n existe el karma o deuda<\/span><\/span><\/span><span style=\"font-family: Times New Roman, serif\"><span style=\"font-size: large\"><span lang=\"es-ES\">s<\/span><\/span><\/span><span style=\"font-family: Times New Roman, serif\"><span style=\"font-size: large\"><span lang=\"es-ES\"> de grupo, <\/span><\/span><\/span><span style=\"color: #000000\"><span style=\"font-family: Times New Roman, serif\"><span style=\"font-size: large\"><span lang=\"es-ES\">a<\/span><\/span><\/span><\/span><span style=\"font-family: Times New Roman, serif\"><span style=\"font-size: large\"><span lang=\"es-ES\"> todos los niveles. Cada vez que un ser humano se encarna, pertenece en aquella vida a varios colectivos (familia, naci\u00f3n, etnia, planeta, etc.). Entonces, <\/span><\/span><\/span><span style=\"color: #000000\"><span style=\"font-family: Times New Roman, serif\"><span style=\"font-size: large\"><span lang=\"es-ES\">es<\/span><\/span><\/span><\/span><span style=\"font-family: Times New Roman, serif\"><span style=\"font-size: large\"><span lang=\"es-ES\"> cuando le corresponde compartir en esta encarnaci\u00f3n las deudas para saldar de cada uno de estos colectivos.<\/span><\/span><\/span><\/p>\n<p class=\"western\" align=\"right\"><span style=\"font-family: Times New Roman, serif\"><span style=\"font-size: large\"><span lang=\"es-ES\">Equipo del sitio web \u00ab<\/span><\/span><\/span><span style=\"font-family: Times New Roman, serif\"><span style=\"font-size: large\"><span lang=\"es-ES\"><i>En cuerpo y alma<\/i><\/span><\/span><\/span><span style=\"font-family: Times New Roman, serif\"><span style=\"font-size: large\"><span lang=\"es-ES\">\u00bb.<br \/>\n<\/span><\/span><\/span><span style=\"color: #000000\"><span style=\"font-family: Times New Roman, serif\"><span style=\"font-size: large\"><span lang=\"es-ES\">Jueves<\/span><\/span><\/span><\/span><span style=\"font-family: Times New Roman, serif\"><span style=\"font-size: large\"><span lang=\"es-ES\">, 1<\/span><\/span><\/span><span style=\"color: #000000\"><span style=\"font-family: Times New Roman, serif\"><span style=\"font-size: large\"><span lang=\"es-ES\">1<\/span><\/span><\/span><\/span><span style=\"font-family: Times New Roman, serif\"><span style=\"font-size: large\"><span lang=\"es-ES\"> de <\/span><\/span><\/span><span style=\"color: #000000\"><span style=\"font-family: Times New Roman, serif\"><span style=\"font-size: large\"><span lang=\"es-ES\">F<\/span><\/span><\/span><\/span><span style=\"font-family: Times New Roman, serif\"><span style=\"font-size: large\"><span lang=\"es-ES\">ebrero de 2021.<\/span><\/span><\/span><\/p>\n<p class=\"western\" lang=\"es-ES\" align=\"justify\"><span style=\"font-family: Times New Roman, serif\"><span style=\"font-size: large\">A continuaci\u00f3n os informamos la p\u00e1gina en euskera:<\/span><\/span><\/p>\n<p class=\"western\" lang=\"eu-ES\" align=\"justify\"><span style=\"font-family: Times New Roman, serif\"><span style=\"font-size: x-large\"><b><a href=\"\/eu\/tipus-de-karma-karma-collectiu-fama-objectiu-i-perdo-cites-dels-savis\/\">Karma motak, karma kolektiboa, ospea, helburua eta barkamena. Jakintsuen esaerak (Tipos de karma, karma colectivo, fama, objetivo y perd\u00f3n. Citas de los sabios).<\/a><br \/>\n<\/b><\/span><\/span><span style=\"font-family: Times New Roman, serif\"><span style=\"font-size: large\"><i>Regresio hipnotiko sesioak jaso dituzten Brian Weiss medikuaren gaixoen gorputzen bidez, haien arimaren iraganera sar daiteke ez soilik gertaera traumatiko baten bilaketaren bitartez, jakintsu edo irakasle desberdinen arimek izan duten bilaketa espiritualaren bidez ere egin daiteke, terapeuta hauek garapen espiritualean dituen ezagutzak zabalduz.<br \/>\n<\/i><\/span><\/span><span style=\"font-family: Times New Roman, serif\"><span style=\"font-size: large\"><span lang=\"eu-ES\">Brian Weiss medikua. <\/span><\/span><\/span><span style=\"font-family: Times New Roman, serif\"><span style=\"font-size: large\"><span lang=\"eu-ES\"><i>Only Love Is Real<\/i><\/span><\/span><\/span><span style=\"font-family: Times New Roman, serif\"><span style=\"font-size: large\"><span lang=\"eu-ES\"> (<\/span><\/span><\/span><span style=\"font-family: Times New Roman, serif\"><span style=\"font-size: large\"><span lang=\"eu-ES\"><i>Maitasun loturak)<\/i><\/span><\/span><\/span><span style=\"font-family: Times New Roman, serif\"><span style=\"font-size: large\"><span lang=\"eu-ES\">. Editorial Vergararen Espainiako paperezko lehen edizioa. 91-93 orrialdeak.<br \/>\n<\/span><\/span><\/span><span style=\"font-family: Times New Roman, serif\"><span style=\"font-size: large\"><b>Itzulpena: Iraide L\u00f3pez de Gere\u00f1u.<\/b><\/span><\/span><\/p>","protected":false},"excerpt":{"rendered":"<p>Citas de los sabios en lengua vasca. Os informamos que hemos publicado en euskera dentro del sitio web \u00abEn cuerpo y alma\u00bb (\u00abGorputzez eta arimaz\u00bb) la p\u00e1gina titulada Tipos de &hellip; <a href=\"https:\/\/animaweb.blog.pangea.org\/es\/2021\/02\/11\/cites-dels-savis-en-llengua-basca\/\" class=\"more-link\">Continuar leyendo<span class=\"screen-reader-text\"> \u00abCitas de los sabios en lengua vasca.\u00bb<\/span><\/a><\/p>\n","protected":false},"author":12345698,"featured_media":0,"comment_status":"closed","ping_status":"open","sticky":false,"template":"","format":"standard","meta":{"ngg_post_thumbnail":0,"footnotes":""},"categories":[150016,119420,150019,149971,150018,149969],"tags":[],"class_list":["post-1176","post","type-post","status-publish","format-standard","hentry","category-deutes-de-grup","category-doctor-brian-weiss","category-fama","category-iraide-lopez-de-gerenu","category-perdo","category-traduccions-al-basc"],"views":178,"_links":{"self":[{"href":"https:\/\/animaweb.blog.pangea.org\/es\/wp-json\/wp\/v2\/posts\/1176","targetHints":{"allow":["GET"]}}],"collection":[{"href":"https:\/\/animaweb.blog.pangea.org\/es\/wp-json\/wp\/v2\/posts"}],"about":[{"href":"https:\/\/animaweb.blog.pangea.org\/es\/wp-json\/wp\/v2\/types\/post"}],"author":[{"embeddable":true,"href":"https:\/\/animaweb.blog.pangea.org\/es\/wp-json\/wp\/v2\/users\/12345698"}],"replies":[{"embeddable":true,"href":"https:\/\/animaweb.blog.pangea.org\/es\/wp-json\/wp\/v2\/comments?post=1176"}],"version-history":[{"count":7,"href":"https:\/\/animaweb.blog.pangea.org\/es\/wp-json\/wp\/v2\/posts\/1176\/revisions"}],"predecessor-version":[{"id":1460,"href":"https:\/\/animaweb.blog.pangea.org\/es\/wp-json\/wp\/v2\/posts\/1176\/revisions\/1460"}],"wp:attachment":[{"href":"https:\/\/animaweb.blog.pangea.org\/es\/wp-json\/wp\/v2\/media?parent=1176"}],"wp:term":[{"taxonomy":"category","embeddable":true,"href":"https:\/\/animaweb.blog.pangea.org\/es\/wp-json\/wp\/v2\/categories?post=1176"},{"taxonomy":"post_tag","embeddable":true,"href":"https:\/\/animaweb.blog.pangea.org\/es\/wp-json\/wp\/v2\/tags?post=1176"}],"curies":[{"name":"wp","href":"https:\/\/api.w.org\/{rel}","templated":true}]}}