{"id":1132,"date":"2021-02-06T20:14:48","date_gmt":"2021-02-06T18:14:48","guid":{"rendered":"https:\/\/animaweb.cat\/?p=1132"},"modified":"2021-09-05T21:32:39","modified_gmt":"2021-09-05T19:32:39","slug":"testimoni-develyn-en-alemany","status":"publish","type":"post","link":"https:\/\/animaweb.blog.pangea.org\/es\/2021\/02\/06\/testimoni-develyn-en-alemany\/","title":{"rendered":"Testimonio de Evelyn en alem\u00e1n."},"content":{"rendered":"<p class=\"western\" align=\"center\"><span style=\"font-size: x-large\"><b><span style=\"font-family: Times New Roman, serif\"><span lang=\"es-ES\">Testi<\/span><\/span><span style=\"color: #000000\"><span style=\"font-family: Times New Roman, serif\"><span lang=\"es-ES\">m<\/span><\/span><\/span><span style=\"font-family: Times New Roman, serif\"><span lang=\"es-ES\">o<\/span><\/span><span style=\"font-family: Times New Roman, serif\"><span lang=\"es-ES\">nio<\/span><\/span><span style=\"font-family: Times New Roman, serif\"><span lang=\"es-ES\"> de Evelyn en alem\u00e1n.<\/span><\/span><\/b><\/span><\/p>\n<p class=\"western\" align=\"justify\"><span style=\"font-family: Times New Roman, serif\"><span style=\"font-size: large\"><span lang=\"es-ES\"><img loading=\"lazy\" decoding=\"async\" class=\"alignleft wp-image-1013 size-full\" title=\"Bandera alemana animada.\" src=\"https:\/\/animaweb.cat\/files\/2020\/11\/Bandera_alemanya_animada.gif\" alt=\"Bandera alemana animada.\" width=\"68\" height=\"50\" \/>Ya tenemos a disposici\u00f3n de los internautas de lengua alemana el <\/span><\/span><\/span><span style=\"font-family: Times New Roman, serif\"><span style=\"font-size: large\"><span lang=\"es-ES\"><i>Testi<\/i><\/span><\/span><\/span><span style=\"color: #000000\"><span style=\"font-family: Times New Roman, serif\"><span style=\"font-size: large\"><span lang=\"es-ES\"><i>m<\/i><\/span><\/span><\/span><\/span><span style=\"font-family: Times New Roman, serif\"><span style=\"font-size: large\"><span lang=\"es-ES\"><i>o<\/i><\/span><\/span><\/span><span style=\"font-family: Times New Roman, serif\"><span style=\"font-size: large\"><span lang=\"es-ES\"><i>nio<\/i><\/span><\/span><\/span><span style=\"font-family: Times New Roman, serif\"><span style=\"font-size: large\"><span lang=\"es-ES\"><i> de Evelyn<\/i><\/span><\/span><\/span><span style=\"font-family: Times New Roman, serif\"><span style=\"font-size: large\"><span lang=\"es-ES\"> (<\/span><\/span><\/span><span style=\"font-family: Times New Roman, serif\"><span style=\"font-size: large\"><span lang=\"es-ES\"><i>Zeugnisaussage von Evelyn<\/i><\/span><\/span><\/span><span style=\"font-family: Times New Roman, serif\"><span style=\"font-size: large\"><span lang=\"es-ES\">), dentro del apartado de <\/span><\/span><\/span><span style=\"font-family: Times New Roman, serif\"><span style=\"font-size: large\"><span lang=\"es-ES\"><i>Citas y testi<\/i><\/span><\/span><\/span><span style=\"color: #000000\"><span style=\"font-family: Times New Roman, serif\"><span style=\"font-size: large\"><span lang=\"es-ES\"><i>m<\/i><\/span><\/span><\/span><\/span><span style=\"font-family: Times New Roman, serif\"><span style=\"font-size: large\"><span lang=\"es-ES\"><i>o<\/i><\/span><\/span><\/span><span style=\"font-family: Times New Roman, serif\"><span style=\"font-size: large\"><span lang=\"es-ES\"><i>nio<\/i><\/span><\/span><\/span><span style=\"font-family: Times New Roman, serif\"><span style=\"font-size: large\"><span lang=\"es-ES\"><i>s<\/i><\/span><\/span><\/span><span style=\"font-family: Times New Roman, serif\"><span style=\"font-size: large\"><span lang=\"es-ES\"> (<\/span><\/span><\/span><span style=\"font-family: Times New Roman, serif\"><span style=\"font-size: large\"><span lang=\"es-ES\"><i>Termine und Zeugen<\/i><\/span><\/span><\/span><span style=\"font-family: Times New Roman, serif\"><span style=\"font-size: large\"><span lang=\"es-ES\">), gracias a la colaboraci\u00f3n de <\/span><\/span><\/span><span style=\"color: #000000\"><span style=\"font-family: Times New Roman, serif\"><span style=\"font-size: large\"><span lang=\"es-ES\">Nina<\/span><\/span><\/span><\/span> <span style=\"color: #000000\"><span style=\"font-family: Times New Roman, serif\"><span style=\"font-size: large\"><span lang=\"es-ES\">Piulats<\/span><\/span><\/span><\/span><span style=\"font-family: Times New Roman, serif\"><span style=\"font-size: large\"><span lang=\"es-ES\"> Finger, que ha traducido el encabezamiento y de la traductora Alexandra Forst, que ha corregido tanto el encabezamiento como el mismo caso del Doctor Brian Weiss. Manifestamos nuestro agradecimiento m\u00e1s efusivo, que queda reflejado en la p\u00e1gina de agradecimientos en todos los idiomas presentes.<\/span><\/span><\/span><\/p>\n<p class=\"western\" align=\"justify\"><span style=\"font-family: Times New Roman, serif\"><span style=\"font-size: large\"><span lang=\"es-ES\">Con esta traducci\u00f3n ya est\u00e1 disponible este caso en <\/span><\/span><\/span><span style=\"color: #000000\"><span style=\"font-family: Times New Roman, serif\"><span style=\"font-size: large\"><span lang=\"es-ES\">nueve<\/span><\/span><\/span><\/span><span style=\"font-family: Times New Roman, serif\"><span style=\"font-size: large\"><span lang=\"es-ES\"> de los <\/span><\/span><\/span><span style=\"color: #000000\"><span style=\"font-family: Times New Roman, serif\"><span style=\"font-size: large\"><span lang=\"es-ES\">diez<\/span><\/span><\/span><\/span><span style=\"font-family: Times New Roman, serif\"><span style=\"font-size: large\"><span lang=\"es-ES\"> actuales idiomas de nuestro sitio web. Record<\/span><\/span><\/span><span style=\"color: #000000\"><span style=\"font-family: Times New Roman, serif\"><span style=\"font-size: large\"><span lang=\"es-ES\">e<\/span><\/span><\/span><\/span><span style=\"font-family: Times New Roman, serif\"><span style=\"font-size: large\"><span lang=\"es-ES\">mos que, aparte de las entradas que aparecen ordenadas cronol\u00f3gicamente, este sitio web se compone de p\u00e1ginas accesibles desde los apartados del men\u00fa. En estas p\u00e1ginas hay la parte m\u00e1s sustancial del contenido de nuestro sitio web. Haciendo clic a la bandera respectiva se puede acceder a la versi\u00f3n de la p\u00e1gina en la lengua seleccionada, en el supuesto de que la p\u00e1gina est\u00e9 disponible.<\/span><\/span><\/span><\/p>\n<p class=\"western\" align=\"right\"><span style=\"font-family: Times New Roman, serif\"><span style=\"font-size: large\"><span lang=\"es-ES\">Equipo del sitio web \u00ab<\/span><\/span><\/span><span style=\"font-family: Times New Roman, serif\"><span style=\"font-size: large\"><span lang=\"es-ES\"><i>En cuerpo y alma<\/i><\/span><\/span><\/span><span style=\"font-family: Times New Roman, serif\"><span style=\"font-size: large\"><span lang=\"es-ES\">\u00bb.<br \/>\n<\/span><\/span><\/span><span style=\"font-family: Times New Roman, serif\"><span style=\"font-size: large\"><span lang=\"es-ES\">S\u00e1bado, 6 de <\/span><\/span><\/span><span style=\"color: #000000\"><span style=\"font-family: Times New Roman, serif\"><span style=\"font-size: large\"><span lang=\"es-ES\">F<\/span><\/span><\/span><\/span><span style=\"font-family: Times New Roman, serif\"><span style=\"font-size: large\"><span lang=\"es-ES\">ebrero de 2021.<\/span><\/span><\/span><\/p>\n<p class=\"western\" lang=\"es-ES\" align=\"justify\"><span style=\"font-family: Times New Roman, serif\"><span style=\"font-size: large\">El enlace para acceder en esta p\u00e1gina en alem\u00e1n es:<\/span><\/span><\/p>\n<p class=\"western\" lang=\"de-DE\" align=\"justify\"><span style=\"font-family: Times New Roman, serif\"><span style=\"font-size: x-large\"><a href=\"\/de\/respectar-els-individus-de-les-altres-condicions-el-testimoni-develyn\/\"><b>Individuen anderer Konditionen respektieren. Zeugnisaussage von Evelyn <\/b><b>(Respetar los individuos de las otras condiciones. El testimonio de Evelyn)<\/b><\/a><b>.<br \/>\n<\/b><\/span><\/span><span style=\"font-family: Times New Roman, serif\"><span style=\"font-size: large\"><span lang=\"de-DE\"><i>Dieser Fall von Doktor Brian Weiss bezieht sich auf eine Patientin, hier Evelyn genannt, bei dem die Notwendigkeit, fremde Gruppen respektieren zu lernen, deutlich wird.<br \/>\n<\/i><\/span><\/span><\/span><span style=\"font-family: Times New Roman, serif\"><span style=\"font-size: large\"><span lang=\"de-DE\">Doktor Brian Weiss. <\/span><\/span><\/span><span style=\"font-family: Times New Roman, serif\"><span style=\"font-size: large\"><span lang=\"de-DE\"><i>Seelenwege: Reinkarnation und zuk\u00fcnftige Lebenswege<\/i><\/span><\/span><\/span><span style=\"font-family: Times New Roman, serif\"><span style=\"font-size: large\"><span lang=\"de-DE\"> (<\/span><\/span><\/span><span style=\"font-family: Times New Roman, serif\"><span style=\"font-size: large\"><span lang=\"de-DE\"><i>Same Soul, Many Bodies<\/i><\/span><\/span><\/span><span style=\"font-family: Times New Roman, serif\"><span style=\"font-size: large\"><span lang=\"de-DE\">). Seiten 57 bis 63.<br \/>\n<\/span><\/span><\/span><span style=\"font-family: Times New Roman, serif\"><span style=\"font-size: large\"><b>Korrektur: Alexandra Forst. \u00dcbersetzung der \u00dcberschrift: Nina Piulats.<\/b><\/span><\/span><\/p>\n<p class=\"western\" lang=\"de-DE\" align=\"justify\">","protected":false},"excerpt":{"rendered":"<p>Testimonio de Evelyn en alem\u00e1n. Ya tenemos a disposici\u00f3n de los internautas de lengua alemana el Testimonio de Evelyn (Zeugnisaussage von Evelyn), dentro del apartado de Citas y testimonios (Termine &hellip; <a href=\"https:\/\/animaweb.blog.pangea.org\/es\/2021\/02\/06\/testimoni-develyn-en-alemany\/\" class=\"more-link\">Continuar leyendo<span class=\"screen-reader-text\"> \u00abTestimonio de Evelyn en alem\u00e1n.\u00bb<\/span><\/a><\/p>\n","protected":false},"author":12345698,"featured_media":0,"comment_status":"closed","ping_status":"open","sticky":false,"template":"","format":"standard","meta":{"ngg_post_thumbnail":0,"footnotes":""},"categories":[149960,119420,3,149992,149993,149991],"tags":[],"class_list":["post-1132","post","type-post","status-publish","format-standard","hentry","category-casos-i-testimonis-de-text","category-doctor-brian-weiss","category-general","category-nina-piulats-finger","category-octavi-piulats-riu","category-traduccions-a-lalemany"],"views":156,"_links":{"self":[{"href":"https:\/\/animaweb.blog.pangea.org\/es\/wp-json\/wp\/v2\/posts\/1132","targetHints":{"allow":["GET"]}}],"collection":[{"href":"https:\/\/animaweb.blog.pangea.org\/es\/wp-json\/wp\/v2\/posts"}],"about":[{"href":"https:\/\/animaweb.blog.pangea.org\/es\/wp-json\/wp\/v2\/types\/post"}],"author":[{"embeddable":true,"href":"https:\/\/animaweb.blog.pangea.org\/es\/wp-json\/wp\/v2\/users\/12345698"}],"replies":[{"embeddable":true,"href":"https:\/\/animaweb.blog.pangea.org\/es\/wp-json\/wp\/v2\/comments?post=1132"}],"version-history":[{"count":11,"href":"https:\/\/animaweb.blog.pangea.org\/es\/wp-json\/wp\/v2\/posts\/1132\/revisions"}],"predecessor-version":[{"id":1532,"href":"https:\/\/animaweb.blog.pangea.org\/es\/wp-json\/wp\/v2\/posts\/1132\/revisions\/1532"}],"wp:attachment":[{"href":"https:\/\/animaweb.blog.pangea.org\/es\/wp-json\/wp\/v2\/media?parent=1132"}],"wp:term":[{"taxonomy":"category","embeddable":true,"href":"https:\/\/animaweb.blog.pangea.org\/es\/wp-json\/wp\/v2\/categories?post=1132"},{"taxonomy":"post_tag","embeddable":true,"href":"https:\/\/animaweb.blog.pangea.org\/es\/wp-json\/wp\/v2\/tags?post=1132"}],"curies":[{"name":"wp","href":"https:\/\/api.w.org\/{rel}","templated":true}]}}