{"id":1100,"date":"2021-01-21T00:26:27","date_gmt":"2021-01-20T22:26:27","guid":{"rendered":"https:\/\/animaweb.cat\/?p=1100"},"modified":"2021-03-19T14:37:29","modified_gmt":"2021-03-19T12:37:29","slug":"com-combat-la-tvp-el-bloqueig-emocional","status":"publish","type":"post","link":"https:\/\/animaweb.blog.pangea.org\/es\/2021\/01\/21\/com-combat-la-tvp-el-bloqueig-emocional\/","title":{"rendered":"\u00bfC\u00f3mo combate la TVP el bloqueo emocional?"},"content":{"rendered":"<p class=\"western\" lang=\"es-ES\" align=\"center\"><span style=\"font-family: Times New Roman, serif\"><span style=\"font-size: x-large\"><b>\u00bfC\u00f3mo combate la TVP el bloqueo emocional?<\/b><\/span><\/span><\/p>\n<p class=\"western\" lang=\"es-ES\" align=\"justify\"><span style=\"font-family: Times New Roman, serif\"><span style=\"font-size: large\">\u00bfFobias, miedos, angustia, depresi\u00f3n, bloqueos, sentimientos de culpa, fracasos afectivos o materiales, perturbaciones de la conducta, disturbios sexuales?<\/span><\/span><\/p>\n<p class=\"western\" align=\"justify\"><span style=\"font-family: Times New Roman, serif\"><span style=\"font-size: large\"><span lang=\"es-ES\">Todo esto y aquellas enfermedades etiquetadas como psicosom\u00e1ticas pueden ser tratadas con <\/span><\/span><\/span><span style=\"font-family: Times New Roman, serif\"><span style=\"font-size: large\"><span lang=\"es-ES\"><i>Terapia de <\/i><\/span><\/span><\/span><span style=\"color: #000000\"><span style=\"font-family: Times New Roman, serif\"><span style=\"font-size: large\"><span lang=\"es-ES\"><i>V<\/i><\/span><\/span><\/span><\/span><span style=\"font-family: Times New Roman, serif\"><span style=\"font-size: large\"><span lang=\"es-ES\"><i>idas <\/i><\/span><\/span><\/span><span style=\"color: #000000\"><span style=\"font-family: Times New Roman, serif\"><span style=\"font-size: large\"><span lang=\"es-ES\"><i>P<\/i><\/span><\/span><\/span><\/span><span style=\"font-family: Times New Roman, serif\"><span style=\"font-size: large\"><span lang=\"es-ES\"><i>asadas (TVP).<\/i><\/span><\/span><\/span><\/p>\n<p class=\"western\" lang=\"es-ES\" align=\"justify\"><span style=\"font-family: Times New Roman, serif\"><span style=\"font-size: large\">Cuando frente a una situaci\u00f3n determinada, reaccionamos emocionalmente sin poder evitarlo, se debe a que en un nivel inconsciente nuestra conciencia est\u00e1 reviviendo una experiencia que se reactiv\u00f3 por analog\u00eda con la situaci\u00f3n presente. Estas emociones tienen una fuerte reacci\u00f3n corporal: sentimientos de ahogo, tensi\u00f3n muscular, angustia, presi\u00f3n en el pecho, dolor de est\u00f3mago, entre otros s\u00edntomas.<\/span><\/span><\/p>\n<p class=\"western\" lang=\"es-ES\" align=\"justify\"><span style=\"font-family: Times New Roman, serif\"><span style=\"font-size: large\">Muchas de las dificultades y conflictos emocionales de nuestra vida, as\u00ed como dolores f\u00edsicos, tienen su origen en experiencias traum\u00e1ticas o dolorosas. Estas experiencias pueden originarse en el vientre materno, la infancia o en existencias pasadas y se almacenan en el subconsciente activ\u00e1ndose ante situaciones semejantes, desatando conductas inexplicables e indeseadas o manifest\u00e1ndose como mandatos que rigen nuestra vida.<\/span><\/span><\/p>\n<p class=\"western\" align=\"justify\"><span style=\"font-family: Times New Roman, serif\"><span style=\"font-size: large\"><span lang=\"es-ES\"><i>\u00abLa TVP permite hacer consciente lo inconsciente y de esta forma liberar los s\u00edntomas f\u00edsicos y conductas no deseadas\u00bb.<\/i><\/span><\/span><\/span><\/p>\n<p style=\"text-align: center\" align=\"justify\"><img loading=\"lazy\" decoding=\"async\" class=\"aligncenter size-full wp-image-1101\" src=\"https:\/\/animaweb.cat\/files\/2021\/01\/2021-01-05_07_Curso_Basico_de_TVP_online.jpg\" alt=\"Curso B\u00e0sico Online de TVP. 6a edici\u00f3n. 5-6-7 de Febrer de 2021.\" width=\"908\" height=\"1284\" srcset=\"https:\/\/animaweb.blog.pangea.org\/files\/2021\/01\/2021-01-05_07_Curso_Basico_de_TVP_online.jpg 908w, https:\/\/animaweb.blog.pangea.org\/files\/2021\/01\/2021-01-05_07_Curso_Basico_de_TVP_online-212x300.jpg 212w, https:\/\/animaweb.blog.pangea.org\/files\/2021\/01\/2021-01-05_07_Curso_Basico_de_TVP_online-724x1024.jpg 724w, https:\/\/animaweb.blog.pangea.org\/files\/2021\/01\/2021-01-05_07_Curso_Basico_de_TVP_online-768x1086.jpg 768w\" sizes=\"auto, (max-width: 709px) 85vw, (max-width: 909px) 67vw, (max-width: 1362px) 62vw, 840px\" \/><\/p>","protected":false},"excerpt":{"rendered":"<p>\u00bfC\u00f3mo combate la TVP el bloqueo emocional? \u00bfFobias, miedos, angustia, depresi\u00f3n, bloqueos, sentimientos de culpa, fracasos afectivos o materiales, perturbaciones de la conducta, disturbios sexuales? Todo esto y aquellas enfermedades &hellip; <a href=\"https:\/\/animaweb.blog.pangea.org\/es\/2021\/01\/21\/com-combat-la-tvp-el-bloqueig-emocional\/\" class=\"more-link\">Continuar leyendo<span class=\"screen-reader-text\"> \u00ab\u00bfC\u00f3mo combate la TVP el bloqueo emocional?\u00bb<\/span><\/a><\/p>\n","protected":false},"author":12345698,"featured_media":0,"comment_status":"closed","ping_status":"open","sticky":false,"template":"","format":"standard","meta":{"ngg_post_thumbnail":0,"footnotes":""},"categories":[601,150009,18113,119692,167,150005],"tags":[],"class_list":["post-1100","post","type-post","status-publish","format-standard","hentry","category-articles","category-bloqueig-emocional","category-cursos","category-doctor-jose-luis-cabouli","category-online","category-wa-lam-holistic-health-institute"],"views":162,"_links":{"self":[{"href":"https:\/\/animaweb.blog.pangea.org\/es\/wp-json\/wp\/v2\/posts\/1100","targetHints":{"allow":["GET"]}}],"collection":[{"href":"https:\/\/animaweb.blog.pangea.org\/es\/wp-json\/wp\/v2\/posts"}],"about":[{"href":"https:\/\/animaweb.blog.pangea.org\/es\/wp-json\/wp\/v2\/types\/post"}],"author":[{"embeddable":true,"href":"https:\/\/animaweb.blog.pangea.org\/es\/wp-json\/wp\/v2\/users\/12345698"}],"replies":[{"embeddable":true,"href":"https:\/\/animaweb.blog.pangea.org\/es\/wp-json\/wp\/v2\/comments?post=1100"}],"version-history":[{"count":6,"href":"https:\/\/animaweb.blog.pangea.org\/es\/wp-json\/wp\/v2\/posts\/1100\/revisions"}],"predecessor-version":[{"id":1279,"href":"https:\/\/animaweb.blog.pangea.org\/es\/wp-json\/wp\/v2\/posts\/1100\/revisions\/1279"}],"wp:attachment":[{"href":"https:\/\/animaweb.blog.pangea.org\/es\/wp-json\/wp\/v2\/media?parent=1100"}],"wp:term":[{"taxonomy":"category","embeddable":true,"href":"https:\/\/animaweb.blog.pangea.org\/es\/wp-json\/wp\/v2\/categories?post=1100"},{"taxonomy":"post_tag","embeddable":true,"href":"https:\/\/animaweb.blog.pangea.org\/es\/wp-json\/wp\/v2\/tags?post=1100"}],"curies":[{"name":"wp","href":"https:\/\/api.w.org\/{rel}","templated":true}]}}