{"id":1093,"date":"2021-01-20T17:02:40","date_gmt":"2021-01-20T15:02:40","guid":{"rendered":"https:\/\/animaweb.cat\/?p=1093"},"modified":"2021-08-06T10:17:56","modified_gmt":"2021-08-06T08:17:56","slug":"entrevista-a-la-doctora-viviana-zenteno-per-a-terra-networks-i-cas-de-katia-en-llengua-italiana","status":"publish","type":"post","link":"https:\/\/animaweb.blog.pangea.org\/es\/2021\/01\/20\/entrevista-a-la-doctora-viviana-zenteno-per-a-terra-networks-i-cas-de-katia-en-llengua-italiana\/","title":{"rendered":"Entrevista a la Doctora Viviana Zenteno para Terra Networks y Caso de Katia en lengua italiana."},"content":{"rendered":"<p class=\"western\" align=\"center\"><span style=\"font-family: Times New Roman, serif\"><span style=\"font-size: x-large\"><span lang=\"es-ES\"><b>Entrevista a la Doctora Viviana Zenteno para Terra Networks y Caso de Katia en lengua <\/b><\/span><\/span><\/span><span style=\"color: #000000\"><span style=\"font-family: Times New Roman, serif\"><span style=\"font-size: x-large\"><span lang=\"es-ES\"><b>italiana<\/b><\/span><\/span><\/span><\/span><span style=\"font-family: Times New Roman, serif\"><span style=\"font-size: x-large\"><span lang=\"es-ES\"><b>.<\/b><\/span><\/span><\/span><\/p>\n<p class=\"western\" align=\"justify\"><span style=\"font-family: Times New Roman, serif\"><span style=\"font-size: large\"><span lang=\"es-ES\"><img loading=\"lazy\" decoding=\"async\" class=\"alignleft wp-image-1047 size-full\" title=\"Bandera italiana animada.\" src=\"https:\/\/animaweb.cat\/files\/2020\/12\/Bandera_italiana_animada.gif\" alt=\"Bandera italiana animada.\" width=\"68\" height=\"50\" \/>Los internautas de lengua italiana ya pueden leer las p\u00e1ginas que contienen la entrevista concedida a la Doctora Viviana Zenteno p<\/span><\/span><\/span><span style=\"color: #000000\"><span style=\"font-family: Times New Roman, serif\"><span style=\"font-size: large\"><span lang=\"es-ES\">a<\/span><\/span><\/span><\/span><span style=\"font-family: Times New Roman, serif\"><span style=\"font-size: large\"><span lang=\"es-ES\">r<\/span><\/span><\/span><span style=\"font-family: Times New Roman, serif\"><span style=\"font-size: large\"><span lang=\"es-ES\">a<\/span><\/span><\/span><span style=\"font-family: Times New Roman, serif\"><span style=\"font-size: large\"><span lang=\"es-ES\"> el web \u00ab<\/span><\/span><\/span><span style=\"font-family: Times New Roman, serif\"><span style=\"font-size: large\"><span lang=\"es-ES\"><i>Terra Networks<\/i><\/span><\/span><\/span><span style=\"font-family: Times New Roman, serif\"><span style=\"font-size: large\"><span lang=\"es-ES\">\u00bb y el Caso de Katia, conducido por la misma terapeuta.<\/span><\/span><\/span><\/p>\n<p class=\"western\" lang=\"es-ES\" align=\"justify\"><span style=\"font-family: Times New Roman, serif\"><span style=\"font-size: large\"><span lang=\"ca-ES\"><img loading=\"lazy\" decoding=\"async\" class=\"alignright wp-image-1098 size-full\" title=\"Bandera de la ONU animada.\" src=\"https:\/\/animaweb.cat\/files\/2021\/01\/bandera_onu_animada.gif\" alt=\"Bandera de la ONU animada.\" width=\"68\" height=\"50\" \/><\/span>Nuestra Humanidad multiling\u00fce se encuentra, desde la vertiente de la conciencia espiritual, a un nivel equivalente al de un parvulario. Para empezar el camino de pasar del parvulario al doctorado qu\u00e9 cosa mejor que un sitio web como este que introduzca al tema a nivel b\u00e1sico con relativamente pocas p\u00e1ginas pero traducidas a un mayor n\u00famero posible de idiomas. A medida que vayamos ampliando las traducciones de las diferentes p\u00e1ginas de nuestro sitio web, facilitamos que m\u00e1s personas conozcan las llamadas terapias del alma y se enteren de c\u00f3mo funciona la evoluci\u00f3n de las almas.<\/span><\/span><\/p>\n<p class=\"western\" align=\"justify\"><span style=\"font-family: Times New Roman, serif\"><span style=\"font-size: large\"><span lang=\"es-ES\">Agradecemos su colaboraci\u00f3n a la Doctora Zenteno por las facilidades proporcionadas, as\u00ed como a la traductora Loto Perrella por estas traducciones a l<\/span><\/span><\/span><span style=\"font-family: Times New Roman, serif\"><span style=\"font-size: large\"><span lang=\"es-ES\">a<\/span><\/span><\/span> <span style=\"color: #000000\"><span style=\"font-family: Times New Roman, serif\"><span style=\"font-size: large\"><span lang=\"es-ES\">lengua de Guiseppe Verdi<\/span><\/span><\/span><\/span><span style=\"font-family: Times New Roman, serif\"><span style=\"font-size: large\"><span lang=\"es-ES\">.<\/span><\/span><\/span><\/p>\n<p class=\"western\" align=\"right\"><span style=\"font-family: Times New Roman, serif\"><span style=\"font-size: large\"><span lang=\"es-ES\">Equipo del sitio web \u00ab<\/span><\/span><\/span><span style=\"font-family: Times New Roman, serif\"><span style=\"font-size: large\"><span lang=\"es-ES\"><i>En cuerpo y alma<\/i><\/span><\/span><\/span><span style=\"font-family: Times New Roman, serif\"><span style=\"font-size: large\"><span lang=\"es-ES\">\u00bb.<br \/>\n<\/span><\/span><\/span><span style=\"color: #000000\"><span style=\"font-family: Times New Roman, serif\"><span style=\"font-size: large\"><span lang=\"es-ES\">Mi\u00e9rcoles<\/span><\/span><\/span><\/span><span style=\"font-family: Times New Roman, serif\"><span style=\"font-size: large\"><span lang=\"es-ES\">, <\/span><\/span><\/span><span style=\"color: #000000\"><span style=\"font-family: Times New Roman, serif\"><span style=\"font-size: large\"><span lang=\"es-ES\">20<\/span><\/span><\/span><\/span><span style=\"font-family: Times New Roman, serif\"><span style=\"font-size: large\"><span lang=\"es-ES\"> de <\/span><\/span><\/span><span style=\"color: #000000\"><span style=\"font-family: Times New Roman, serif\"><span style=\"font-size: large\"><span lang=\"es-ES\">E<\/span><\/span><\/span><\/span><span style=\"font-family: Times New Roman, serif\"><span style=\"font-size: large\"><span lang=\"es-ES\">nero del 202<\/span><\/span><\/span><span style=\"color: #000000\"><span style=\"font-family: Times New Roman, serif\"><span style=\"font-size: large\"><span lang=\"es-ES\">1<\/span><\/span><\/span><\/span><span style=\"font-family: Times New Roman, serif\"><span style=\"font-size: large\"><span lang=\"es-ES\">.<\/span><\/span><\/span><\/p>\n<p class=\"western\" align=\"justify\"><span style=\"font-family: Times New Roman, serif\"><span style=\"font-size: large\"><span lang=\"es-ES\">Enlace de la entrevista traducida al <\/span><\/span><\/span><span style=\"color: #000000\"><span style=\"font-family: Times New Roman, serif\"><span style=\"font-size: large\"><span lang=\"es-ES\">italiano<\/span><\/span><\/span><\/span><span style=\"font-family: Times New Roman, serif\"><span style=\"font-size: large\"><span lang=\"es-ES\">:<\/span><\/span><\/span><\/p>\n<p class=\"western\" lang=\"it-IT\" align=\"justify\"><span style=\"font-family: Times New Roman, serif\"><span style=\"font-size: x-large\"><b><a href=\"https:\/\/animaweb.cat\/it\/doctora-viviana-zenteno-les-regressions-com-a-terapia-de-lanima-entrevista-terra-6-5-2010\/\">Dott.ssa Viviana Zenteno. Le regressioni come una terapia dell\u2019anima. Intervista Terra, 6.05.2010 (Doctora Viviana Zenteno. Las regresiones como terapia del alma).<\/a><br \/>\n<\/b><\/span><\/span><span style=\"font-family: Times New Roman, serif\"><span style=\"font-size: large\"><b>Intervista di Terra Networks Chile. Da: Carmen Luz Heredia.<br \/>\n<\/b><\/span><\/span><span style=\"font-family: Times New Roman, serif\"><span style=\"font-size: large\">Gioved\u00ed, 6 maggio 2010.<br \/>\n<\/span><\/span><span style=\"font-family: Times New Roman, serif\"><span style=\"font-size: large\"><i>Per mezzo di questa tecnica il passato si mescola con il presente e si avviano una serie di fatti che non sono nel cosciente.<br \/>\n<\/i><\/span><\/span><span style=\"font-family: Times New Roman, serif\"><span style=\"font-size: large\"><b>Traduzione: Loto Perella.<\/b><\/span><\/span><\/p>\n<p class=\"western\"><span style=\"font-family: Times New Roman, serif\"><span style=\"font-size: large\"><span lang=\"es-ES\">Enlace del caso traducido al <\/span><\/span><\/span><span style=\"color: #000000\"><span style=\"font-family: Times New Roman, serif\"><span style=\"font-size: large\"><span lang=\"es-ES\">italiano<\/span><\/span><\/span><\/span><span style=\"font-family: Times New Roman, serif\"><span style=\"font-size: large\"><span lang=\"es-ES\">:<\/span><\/span><\/span><\/p>\n<p class=\"western\" lang=\"it-IT\" align=\"justify\"><span style=\"font-family: Times New Roman, serif\"><span style=\"font-size: x-large\"><b><a href=\"\/it\/katia-cas-clinic\/\">Katia. Un Caso clinico (Katia. Caso Cl\u00ednico).<\/a><br \/>\n<\/b><\/span><\/span><span style=\"font-family: Times New Roman, serif\"><span style=\"font-size: large\"><b>Mercoled\u00ed, 1 ottobre 2014. Terapeuta: Dott.ssa Viviana Zenteno.<br \/>\n<\/b><\/span><\/span><span style=\"font-family: Times New Roman, serif\"><span style=\"font-size: large\"><i>Katia (45) in questa regressione capisce il motivo di una rinuncia amorosa. Anni indietro lei era libera, ma lui no ed era un personaggio pubblico.<br \/>\n<\/i><\/span><\/span><span style=\"font-family: Times New Roman, serif\"><span style=\"font-size: large\"><b>Traduzione: Loto Perella.<\/b><\/span><\/span><\/p>","protected":false},"excerpt":{"rendered":"<p>Entrevista a la Doctora Viviana Zenteno para Terra Networks y Caso de Katia en lengua italiana. Los internautas de lengua italiana ya pueden leer las p\u00e1ginas que contienen la entrevista &hellip; <a href=\"https:\/\/animaweb.blog.pangea.org\/es\/2021\/01\/20\/entrevista-a-la-doctora-viviana-zenteno-per-a-terra-networks-i-cas-de-katia-en-llengua-italiana\/\" class=\"more-link\">Continuar leyendo<span class=\"screen-reader-text\"> \u00abEntrevista a la Doctora Viviana Zenteno para Terra Networks y Caso de Katia en lengua italiana.\u00bb<\/span><\/a><\/p>\n","protected":false},"author":12345698,"featured_media":0,"comment_status":"closed","ping_status":"open","sticky":false,"template":"","format":"standard","meta":{"ngg_post_thumbnail":0,"footnotes":""},"categories":[168395,149958,81594,149956,3,139210,149955,150004],"tags":[],"class_list":["post-1093","post","type-post","status-publish","format-standard","hentry","category-academia-de-terapia-regressiva-viviana-zenteno","category-associacio-xilena-de-terapeutes-de-vides-passades-achtepiv","category-chile","category-doctora-viviana-zenteno","category-general","category-loto-perrella-estelles","category-terra-networks-chile","category-traduccions-a-litalia"],"views":125,"_links":{"self":[{"href":"https:\/\/animaweb.blog.pangea.org\/es\/wp-json\/wp\/v2\/posts\/1093","targetHints":{"allow":["GET"]}}],"collection":[{"href":"https:\/\/animaweb.blog.pangea.org\/es\/wp-json\/wp\/v2\/posts"}],"about":[{"href":"https:\/\/animaweb.blog.pangea.org\/es\/wp-json\/wp\/v2\/types\/post"}],"author":[{"embeddable":true,"href":"https:\/\/animaweb.blog.pangea.org\/es\/wp-json\/wp\/v2\/users\/12345698"}],"replies":[{"embeddable":true,"href":"https:\/\/animaweb.blog.pangea.org\/es\/wp-json\/wp\/v2\/comments?post=1093"}],"version-history":[{"count":7,"href":"https:\/\/animaweb.blog.pangea.org\/es\/wp-json\/wp\/v2\/posts\/1093\/revisions"}],"predecessor-version":[{"id":1468,"href":"https:\/\/animaweb.blog.pangea.org\/es\/wp-json\/wp\/v2\/posts\/1093\/revisions\/1468"}],"wp:attachment":[{"href":"https:\/\/animaweb.blog.pangea.org\/es\/wp-json\/wp\/v2\/media?parent=1093"}],"wp:term":[{"taxonomy":"category","embeddable":true,"href":"https:\/\/animaweb.blog.pangea.org\/es\/wp-json\/wp\/v2\/categories?post=1093"},{"taxonomy":"post_tag","embeddable":true,"href":"https:\/\/animaweb.blog.pangea.org\/es\/wp-json\/wp\/v2\/tags?post=1093"}],"curies":[{"name":"wp","href":"https:\/\/api.w.org\/{rel}","templated":true}]}}