{"id":1075,"date":"2021-01-08T22:41:44","date_gmt":"2021-01-08T20:41:44","guid":{"rendered":"https:\/\/animaweb.cat\/?p=1075"},"modified":"2021-08-06T09:54:27","modified_gmt":"2021-08-06T07:54:27","slug":"entrevista-a-la-doctora-viviana-zenteno-per-a-terra-networks-i-cas-de-katia-en-llengua-francesa","status":"publish","type":"post","link":"https:\/\/animaweb.blog.pangea.org\/es\/2021\/01\/08\/entrevista-a-la-doctora-viviana-zenteno-per-a-terra-networks-i-cas-de-katia-en-llengua-francesa\/","title":{"rendered":"Entrevista a la Doctora Viviana Zenteno para Terra Networks y Caso de Katia en lengua francesa."},"content":{"rendered":"<p class=\"western\" align=\"center\"><span style=\"font-family: Times New Roman, serif\"><span style=\"font-size: x-large\"><span lang=\"es-ES\"><b>Entrevista a la Doctora Viviana Zenteno para Terra Networks y Caso de Katia en lengua <\/b><\/span><\/span><\/span><span style=\"color: #000000\"><span style=\"font-family: Times New Roman, serif\"><span style=\"font-size: x-large\"><span lang=\"es-ES\"><b>fra<\/b><\/span><\/span><\/span><\/span><span style=\"font-family: Times New Roman, serif\"><span style=\"font-size: x-large\"><span lang=\"es-ES\"><b>n<\/b><\/span><\/span><\/span><span style=\"color: #000000\"><span style=\"font-family: Times New Roman, serif\"><span style=\"font-size: x-large\"><span lang=\"es-ES\"><b>c<\/b><\/span><\/span><\/span><\/span><span style=\"font-family: Times New Roman, serif\"><span style=\"font-size: x-large\"><span lang=\"es-ES\"><b>esa.<\/b><\/span><\/span><\/span><\/p>\n<p class=\"western\" align=\"justify\"><span style=\"font-family: Times New Roman, serif\"><span style=\"font-size: large\"><span lang=\"es-ES\"><span lang=\"ca-ES\"><img loading=\"lazy\" decoding=\"async\" class=\"alignleft wp-image-1240 size-full\" title=\"Bandera francesa animada.\" src=\"https:\/\/animaweb.cat\/files\/2021\/03\/Bandera_francesa_animada.gif\" alt=\"Bandera francesa animada.\" width=\"68\" height=\"50\" \/><\/span>Los internautas de lengua francesa ya pueden leer la entrevista concedida a la Doctora Viviana Zenteno p<\/span><\/span><\/span><span style=\"color: #000000\"><span style=\"font-family: Times New Roman, serif\"><span style=\"font-size: large\"><span lang=\"es-ES\">a<\/span><\/span><\/span><\/span><span style=\"font-family: Times New Roman, serif\"><span style=\"font-size: large\"><span lang=\"es-ES\">r<\/span><\/span><\/span><span style=\"font-family: Times New Roman, serif\"><span style=\"font-size: large\"><span lang=\"es-ES\">a<\/span><\/span><\/span><span style=\"font-family: Times New Roman, serif\"><span style=\"font-size: large\"><span lang=\"es-ES\"> el web \u00ab<\/span><\/span><\/span><span style=\"font-family: Times New Roman, serif\"><span style=\"font-size: large\"><span lang=\"es-ES\"><i>Terra Networks<\/i><\/span><\/span><\/span><span style=\"font-family: Times New Roman, serif\"><span style=\"font-size: large\"><span lang=\"es-ES\">\u00bb y el Caso de Katia, conducido por la misma terapeuta.<\/span><\/span><\/span><\/p>\n<p class=\"western\" align=\"justify\"><span style=\"font-family: Times New Roman, serif\"><span style=\"font-size: large\"><span lang=\"es-ES\"><img loading=\"lazy\" decoding=\"async\" class=\"alignright wp-image-1036 size-full\" title=\"Bandera de la Isla de Francia animada.\" src=\"https:\/\/animaweb.cat\/files\/2020\/11\/Bandera_illa_de_franca_animada.gif\" alt=\"Bandera de la Isla de Francia animada.\" width=\"75\" height=\"54\" \/>Agradecemos su colaboraci\u00f3n a la Doctora Zenteno por las facilidades proporcionadas, as\u00ed como a la traductora Loto Perrella por estas traducciones al franc\u00e9s.<\/span><\/span><\/span><\/p>\n<p class=\"western\" align=\"right\"><span style=\"font-family: Times New Roman, serif\"><span style=\"font-size: large\"><span lang=\"es-ES\">Equipo del sitio web \u00ab<\/span><\/span><\/span><span style=\"font-family: Times New Roman, serif\"><span style=\"font-size: large\"><span lang=\"es-ES\"><i>En cuerpo y alma<\/i><\/span><\/span><\/span><span style=\"font-family: Times New Roman, serif\"><span style=\"font-size: large\"><span lang=\"es-ES\">\u00bb.<br \/>\n<\/span><\/span><\/span><span style=\"font-family: Times New Roman, serif\"><span style=\"font-size: large\"><span lang=\"es-ES\">Viernes, 8 de <\/span><\/span><\/span><span style=\"color: #000000\"><span style=\"font-family: Times New Roman, serif\"><span style=\"font-size: large\"><span lang=\"es-ES\">E<\/span><\/span><\/span><\/span><span style=\"font-family: Times New Roman, serif\"><span style=\"font-size: large\"><span lang=\"es-ES\">nero del 2021.<\/span><\/span><\/span><\/p>\n<p class=\"western\" align=\"justify\"><span style=\"font-family: Times New Roman, serif\"><span style=\"font-size: large\"><span lang=\"es-ES\">Enlace de la entrevista traducida al <\/span><\/span><\/span><span style=\"color: #000000\"><span style=\"font-family: Times New Roman, serif\"><span style=\"font-size: large\"><span lang=\"es-ES\">fra<\/span><\/span><\/span><\/span><span style=\"font-family: Times New Roman, serif\"><span style=\"font-size: large\"><span lang=\"es-ES\">n<\/span><\/span><\/span><span style=\"color: #000000\"><span style=\"font-family: Times New Roman, serif\"><span style=\"font-size: large\"><span lang=\"es-ES\">c<\/span><\/span><\/span><\/span><span style=\"font-family: Times New Roman, serif\"><span style=\"font-size: large\"><span lang=\"es-ES\">\u00e9s:<\/span><\/span><\/span><\/p>\n<p class=\"western\" lang=\"fr-FR\" align=\"justify\"><a href=\"\/fr\/doctora-viviana-zenteno-les-regressions-com-a-terapia-de-lanima-entrevista-terra-6-5-2010\/\"><span style=\"font-family: Times New Roman, serif\"><span style=\"font-size: x-large\"><b>Docteur Viviana Zenteno. Les r\u00e9gressions comme th\u00e9rapie de l\u2019\u00e2me (\u00a0<span lang=\"es-ES\">Doctora Viviana Zenteno. Las regresiones como terapia del alma\u00a0<\/span>). Interview de Terra, 6.5.2010.<\/b><\/span><\/span><\/a><br \/>\n<span style=\"font-family: Times New Roman, serif\"><span style=\"font-size: large\"><b>Interview de Terra Networks Chile. Par\u00a0: Carmen Luz Heredia.<\/b><\/span><\/span><br \/>\n<span style=\"font-family: Times New Roman, serif\"><span style=\"font-size: large\">Jeudi, le 6 mai 2010.<\/span><\/span><br \/>\n<span style=\"font-family: Times New Roman, serif\"><span style=\"font-size: large\"><i>Avec cette technique le pass\u00e9 se m\u00eale avec le pr\u00e9sent et on active une s\u00e9rie de faits qui ne sont pas dans le conscient.<\/i><\/span><\/span><br \/>\n<span style=\"font-family: Times New Roman, serif\"><span style=\"font-size: large\"><b>Traduction\u00a0: Loto Perrella.<\/b><\/span><\/span><\/p>\n<p class=\"western\"><span style=\"font-family: Times New Roman, serif\"><span style=\"font-size: large\"><span lang=\"es-ES\">Enlace del caso traducido al <\/span><\/span><\/span><span style=\"color: #000000\"><span style=\"font-family: Times New Roman, serif\"><span style=\"font-size: large\"><span lang=\"es-ES\">fra<\/span><\/span><\/span><\/span><span style=\"font-family: Times New Roman, serif\"><span style=\"font-size: large\"><span lang=\"es-ES\">n<\/span><\/span><\/span><span style=\"color: #000000\"><span style=\"font-family: Times New Roman, serif\"><span style=\"font-size: large\"><span lang=\"es-ES\">c<\/span><\/span><\/span><\/span><span style=\"font-family: Times New Roman, serif\"><span style=\"font-size: large\"><span lang=\"es-ES\">\u00e9s:<\/span><\/span><\/span><\/p>\n<p class=\"western\" align=\"justify\"><a href=\"\/fr\/katia-cas-clinic\/\"><span style=\"font-family: Times New Roman, serif\"><span style=\"font-size: x-large\"><span lang=\"fr-FR\"><b>Katia. Un cas clinique (\u00a0<span lang=\"es-ES\">Katia. Caso Cl\u00ednico\u00a0<\/span><span lang=\"fr-FR\">).<\/span><\/b><\/span><\/span><\/span><\/a><br \/>\n<span style=\"font-family: Times New Roman, serif\"><span style=\"font-size: large\">Mercredi, 1 octobre 2014. Th\u00e9rapeute\u00a0: Docteur Viviana Zenteno.<\/span><\/span><br \/>\n<span style=\"font-family: Times New Roman, serif\"><span style=\"font-size: large\"><i>Dans cette r\u00e9gression Katia (45) comprend la raison d\u2019une renonciation amoureuse. Il y a des ann\u00e9es elle \u00e9tait libre, mais lui ne l\u2019\u00e9tait pas, et il \u00e9tait un personnage publique.<\/i><\/span><\/span><br \/>\n<span style=\"font-family: Times New Roman, serif\"><span style=\"font-size: large\"><b>Traduction\u00a0: Loto Perrella.<\/b><\/span><\/span><\/p>","protected":false},"excerpt":{"rendered":"<p>Entrevista a la Doctora Viviana Zenteno para Terra Networks y Caso de Katia en lengua francesa. Los internautas de lengua francesa ya pueden leer la entrevista concedida a la Doctora &hellip; <a href=\"https:\/\/animaweb.blog.pangea.org\/es\/2021\/01\/08\/entrevista-a-la-doctora-viviana-zenteno-per-a-terra-networks-i-cas-de-katia-en-llengua-francesa\/\" class=\"more-link\">Continuar leyendo<span class=\"screen-reader-text\"> \u00abEntrevista a la Doctora Viviana Zenteno para Terra Networks y Caso de Katia en lengua francesa.\u00bb<\/span><\/a><\/p>\n","protected":false},"author":12345698,"featured_media":0,"comment_status":"closed","ping_status":"open","sticky":false,"template":"","format":"standard","meta":{"ngg_post_thumbnail":0,"footnotes":""},"categories":[168395,149958,81594,149956,3,139210,149955,150003],"tags":[],"class_list":["post-1075","post","type-post","status-publish","format-standard","hentry","category-academia-de-terapia-regressiva-viviana-zenteno","category-associacio-xilena-de-terapeutes-de-vides-passades-achtepiv","category-chile","category-doctora-viviana-zenteno","category-general","category-loto-perrella-estelles","category-terra-networks-chile","category-traduccions-al-frances"],"views":135,"_links":{"self":[{"href":"https:\/\/animaweb.blog.pangea.org\/es\/wp-json\/wp\/v2\/posts\/1075","targetHints":{"allow":["GET"]}}],"collection":[{"href":"https:\/\/animaweb.blog.pangea.org\/es\/wp-json\/wp\/v2\/posts"}],"about":[{"href":"https:\/\/animaweb.blog.pangea.org\/es\/wp-json\/wp\/v2\/types\/post"}],"author":[{"embeddable":true,"href":"https:\/\/animaweb.blog.pangea.org\/es\/wp-json\/wp\/v2\/users\/12345698"}],"replies":[{"embeddable":true,"href":"https:\/\/animaweb.blog.pangea.org\/es\/wp-json\/wp\/v2\/comments?post=1075"}],"version-history":[{"count":12,"href":"https:\/\/animaweb.blog.pangea.org\/es\/wp-json\/wp\/v2\/posts\/1075\/revisions"}],"predecessor-version":[{"id":1466,"href":"https:\/\/animaweb.blog.pangea.org\/es\/wp-json\/wp\/v2\/posts\/1075\/revisions\/1466"}],"wp:attachment":[{"href":"https:\/\/animaweb.blog.pangea.org\/es\/wp-json\/wp\/v2\/media?parent=1075"}],"wp:term":[{"taxonomy":"category","embeddable":true,"href":"https:\/\/animaweb.blog.pangea.org\/es\/wp-json\/wp\/v2\/categories?post=1075"},{"taxonomy":"post_tag","embeddable":true,"href":"https:\/\/animaweb.blog.pangea.org\/es\/wp-json\/wp\/v2\/tags?post=1075"}],"curies":[{"name":"wp","href":"https:\/\/api.w.org\/{rel}","templated":true}]}}