{"id":2442,"date":"2023-03-19T21:09:21","date_gmt":"2023-03-19T19:09:21","guid":{"rendered":"https:\/\/animaweb.cat\/?p=2442"},"modified":"2023-03-24T00:00:35","modified_gmt":"2023-03-23T22:00:35","slug":"entrevista-de-mijas-comunicacion-a-carlos-gonzalez-delgado-7-3-2023","status":"publish","type":"post","link":"https:\/\/animaweb.blog.pangea.org\/en\/2023\/03\/19\/entrevista-de-mijas-comunicacion-a-carlos-gonzalez-delgado-7-3-2023\/","title":{"rendered":"Mijas Comunicaci\u00f3n interview with Carlos Gonz\u00e1lez Delgado. 7-3-2023."},"content":{"rendered":"<p lang=\"en-GB\" align=\"center\"><span style=\"font-family: Times New Roman, serif\"><span style=\"font-size: x-large\"><span style=\"color: #202124\"><i><b>Mijas Comunicaci\u00f3n<\/b><\/i><\/span><span style=\"color: #202124\"><b> interview with Carlos Gonz\u00e1lez Delgado. 7-3-2023.<\/b><\/span><\/span><\/span><\/p>\n<p align=\"center\"><a href=\"https:\/\/mijascom.com\/?r=7&amp;e=1458\"><img loading=\"lazy\" decoding=\"async\" class=\"aligncenter wp-image-2443 size-full\" title=\"Entrevista de Mijas Comunicaci\u00f3n a Carlos Gonz\u00e1lez Delgado. 7-3-2023 (Interview of Mijas Comunicaci\u00f3n with Carlos Gonz\u00e1lez Delgado. 7-3-2023.).\" src=\"https:\/\/animaweb.cat\/files\/2023\/03\/MIjas_Comunicacion_Salgo_Temprano_Patricia_Murillo_i_Jose_Carlos_Gonzalez_72ppp_800x450px.png\" alt=\"Entrevista de Mijas Comunicaci\u00f3n a Carlos Gonz\u00e1lez Delgado. 7-3-2023 (Interview of Mijas Comunicaci\u00f3n with Carlos Gonz\u00e1lez Delgado. 7-3-2023.).\" width=\"800\" height=\"450\" srcset=\"https:\/\/animaweb.blog.pangea.org\/files\/2023\/03\/MIjas_Comunicacion_Salgo_Temprano_Patricia_Murillo_i_Jose_Carlos_Gonzalez_72ppp_800x450px.png 800w, https:\/\/animaweb.blog.pangea.org\/files\/2023\/03\/MIjas_Comunicacion_Salgo_Temprano_Patricia_Murillo_i_Jose_Carlos_Gonzalez_72ppp_800x450px-300x169.png 300w, https:\/\/animaweb.blog.pangea.org\/files\/2023\/03\/MIjas_Comunicacion_Salgo_Temprano_Patricia_Murillo_i_Jose_Carlos_Gonzalez_72ppp_800x450px-768x432.png 768w\" sizes=\"auto, (max-width: 709px) 85vw, (max-width: 909px) 67vw, (max-width: 984px) 61vw, (max-width: 1362px) 45vw, 600px\" \/><\/a><\/p>\n<p align=\"center\"><span style=\"font-family: Liberation Serif, serif\"><span style=\"font-size: medium\"><a href=\"https:\/\/mijascom.com\/?r=7&amp;e=1458\"><span style=\"color: #000080\"><span style=\"font-family: Times New Roman, serif\"><span style=\"font-size: large\"><span lang=\"en-GB\"><u>https:\/\/mijascom.com\/?r=7&amp;e=1458<\/u><\/span><\/span><\/span><\/span><\/a><\/span><\/span><\/p>\n<p lang=\"en-GB\" align=\"justify\"><span style=\"font-family: Times New Roman, serif\"><span style=\"font-size: large\"><span style=\"color: #202124\">Interview by <\/span><span style=\"color: #202124\"><i>Mijas Comunicaci\u00f3n<\/i><\/span><span style=\"color: #202124\"> with Carlos Gonz\u00e1lez Delgado for the show &#8220;<\/span><i>Salgo Temprano<\/i>&#8221; (&#8220;<i>I leave early<\/i>&#8220;)<span style=\"color: #202124\">, hosted by Patricia Murillo and Jos\u00e9 Carlos Gonz\u00e1lez.<\/span><\/span><\/span><\/p>\n<p lang=\"en-GB\" align=\"justify\"><span style=\"font-family: Times New Roman, serif\"><span style=\"font-size: large\"><span style=\"color: #202124\">Carlos Gonz\u00e1lez Delgado is a psychologist and President of the <\/span><span style=\"color: #202124\"><i>Spanish Association of Regression Therapy<\/i><\/span><span style=\"color: #202124\"> (<\/span><span style=\"color: #202124\"><i>AETR) <\/i><\/span><span style=\"color: #202124\">and speaks from the <\/span><span style=\"color: #202124\"><i>Atma Center<\/i><\/span><span style=\"color: #202124\"> in C\u00e1rtama (M\u00e1laga).<\/span><\/span><\/span><\/p>\n<p lang=\"en-GB\" align=\"justify\"><span style=\"font-family: Times New Roman, serif\"><span style=\"font-size: large\"><span style=\"color: #202124\">Show broadcast date: Tuesday, March 7, 2023. Duration: 33 minutes and 6 seconds. Language: Spanish.<\/span><\/span><\/span><\/p>","protected":false},"excerpt":{"rendered":"<p>Mijas Comunicaci\u00f3n interview with Carlos Gonz\u00e1lez Delgado. 7-3-2023. https:\/\/mijascom.com\/?r=7&amp;e=1458 Interview by Mijas Comunicaci\u00f3n with Carlos Gonz\u00e1lez Delgado for the show &#8220;Salgo Temprano&#8221; (&#8220;I leave early&#8220;), hosted by Patricia Murillo and &hellip; <a href=\"https:\/\/animaweb.blog.pangea.org\/en\/2023\/03\/19\/entrevista-de-mijas-comunicacion-a-carlos-gonzalez-delgado-7-3-2023\/\" class=\"more-link\">Continue reading<span class=\"screen-reader-text\"> &#8220;Mijas Comunicaci\u00f3n interview with Carlos Gonz\u00e1lez Delgado. 7-3-2023.&#8221;<\/span><\/a><\/p>\n","protected":false},"author":12345698,"featured_media":0,"comment_status":"closed","ping_status":"open","sticky":false,"template":"","format":"standard","meta":{"ngg_post_thumbnail":0,"footnotes":""},"categories":[169474,169478,171227,169200,171226,171187,150049],"tags":[],"class_list":["post-2442","post","type-post","status-publish","format-standard","hentry","category-associacio-espanyola-de-terapia-regressiva","category-centre-atma-malaga","category-jose-carlos-gonzalez","category-llicenciat-carlos-gonzalez-delgado","category-patricia-murillo","category-radio-mijas","category-terapia-regressiva"],"views":343,"_links":{"self":[{"href":"https:\/\/animaweb.blog.pangea.org\/en\/wp-json\/wp\/v2\/posts\/2442","targetHints":{"allow":["GET"]}}],"collection":[{"href":"https:\/\/animaweb.blog.pangea.org\/en\/wp-json\/wp\/v2\/posts"}],"about":[{"href":"https:\/\/animaweb.blog.pangea.org\/en\/wp-json\/wp\/v2\/types\/post"}],"author":[{"embeddable":true,"href":"https:\/\/animaweb.blog.pangea.org\/en\/wp-json\/wp\/v2\/users\/12345698"}],"replies":[{"embeddable":true,"href":"https:\/\/animaweb.blog.pangea.org\/en\/wp-json\/wp\/v2\/comments?post=2442"}],"version-history":[{"count":2,"href":"https:\/\/animaweb.blog.pangea.org\/en\/wp-json\/wp\/v2\/posts\/2442\/revisions"}],"predecessor-version":[{"id":2458,"href":"https:\/\/animaweb.blog.pangea.org\/en\/wp-json\/wp\/v2\/posts\/2442\/revisions\/2458"}],"wp:attachment":[{"href":"https:\/\/animaweb.blog.pangea.org\/en\/wp-json\/wp\/v2\/media?parent=2442"}],"wp:term":[{"taxonomy":"category","embeddable":true,"href":"https:\/\/animaweb.blog.pangea.org\/en\/wp-json\/wp\/v2\/categories?post=2442"},{"taxonomy":"post_tag","embeddable":true,"href":"https:\/\/animaweb.blog.pangea.org\/en\/wp-json\/wp\/v2\/tags?post=2442"}],"curies":[{"name":"wp","href":"https:\/\/api.w.org\/{rel}","templated":true}]}}