{"id":2224,"date":"2022-12-14T22:13:51","date_gmt":"2022-12-14T20:13:51","guid":{"rendered":"https:\/\/animaweb.cat\/?p=2224"},"modified":"2022-12-18T19:40:40","modified_gmt":"2022-12-18T17:40:40","slug":"el-credit-cosmic-del-doctor-jose-luis-cabouli-en-esperanto-i-euskera","status":"publish","type":"post","link":"https:\/\/animaweb.blog.pangea.org\/en\/2022\/12\/14\/el-credit-cosmic-del-doctor-jose-luis-cabouli-en-esperanto-i-euskera\/","title":{"rendered":"The cosmic credit by Doctor Jos\u00e9 Luis Cabouli in Esperanto and Basque."},"content":{"rendered":"<p class=\"western\" lang=\"en-GB\" align=\"center\"><span style=\"font-family: Times New Roman, serif\"><span style=\"font-size: x-large\"><b>The cosmic credit by D<\/b><b>octo<\/b><b>r Jos\u00e9 Luis Cabouli in Esperanto and Basque.<\/b><\/span><\/span><\/p>\n<p class=\"western\" lang=\"en-GB\" align=\"justify\"><span style=\"font-family: Times New Roman, serif\"><span style=\"font-size: large\"><img loading=\"lazy\" decoding=\"async\" class=\"alignleft wp-image-2055\" title=\"The cosmic credit by Doctor Jos\u00e9 Luis Cabouli in Esperanto and Basque.\" src=\"https:\/\/animaweb.cat\/files\/2022\/09\/Doctor_Jose_Luis_Cabouli_El_credito_cosmico_castellano_subtitulado_castellano_primer_fotograma_72ppp_800x450px_English_2-300x169.png\" alt=\"The cosmic credit by Doctor Jos\u00e9 Luis Cabouli in Esperanto and Basque.\" width=\"200\" height=\"113\" srcset=\"https:\/\/animaweb.blog.pangea.org\/files\/2022\/09\/Doctor_Jose_Luis_Cabouli_El_credito_cosmico_castellano_subtitulado_castellano_primer_fotograma_72ppp_800x450px_English_2-300x169.png 300w, https:\/\/animaweb.blog.pangea.org\/files\/2022\/09\/Doctor_Jose_Luis_Cabouli_El_credito_cosmico_castellano_subtitulado_castellano_primer_fotograma_72ppp_800x450px_English_2-768x432.png 768w, https:\/\/animaweb.blog.pangea.org\/files\/2022\/09\/Doctor_Jose_Luis_Cabouli_El_credito_cosmico_castellano_subtitulado_castellano_primer_fotograma_72ppp_800x450px_English_2.png 800w\" sizes=\"auto, (max-width: 200px) 85vw, 200px\" \/>We inform you that the short video <i>\u201cThe cosmic credit\u201d<\/i> by Doctor Jos\u00e9 Luis Cabouli is already available in two subtitled versions, that is in Esperanto and in Basque. We are thankful to Iraide L\u00f3pez de Gere\u00f1u for her Basque translation, and to Alfons Tur Garc\u00eda for his translation to the international language Esperanto.<\/span><\/span><\/p>\n<p class=\"western\" lang=\"en-GB\" align=\"right\"><span style=\"font-family: Times New Roman, serif\"><span style=\"font-size: large\">Team of the &#8220;<i>In body and soul<\/i>&#8220;<i> <\/i>web.<br \/>\n<\/span><\/span><span style=\"font-family: Times New Roman, serif\"><span style=\"font-size: large\">Wednesday, 14<sup>th<\/sup> December 2022.<br \/>\n<b>Post English translation: Loto Perrella.<\/b><\/span><\/span><\/p>\n<p class=\"western\" lang=\"en-GB\" align=\"justify\"><span style=\"font-family: Times New Roman, serif\"><span style=\"font-size: large\">Links to the new subtitled versions:<\/span><\/span><\/p>\n<p class=\"western\" lang=\"en-GB\" align=\"justify\"><span style=\"font-family: Times New Roman, serif\"><span style=\"font-size: large\"><img loading=\"lazy\" decoding=\"async\" class=\"alignnone wp-image-951 size-full\" title=\"Animated Basque flag.\" src=\"https:\/\/animaweb.cat\/files\/2020\/10\/Bandera_basca_animada.gif\" alt=\"Animated Basque flag.\" width=\"75\" height=\"50\" \/><br \/>\nBasque.<\/span><\/span><\/p>\n<p class=\"western\" lang=\"en-GB\" align=\"justify\"><span style=\"font-family: Times New Roman, serif\"><span style=\"font-size: x-large\"><a href=\"\/eu\/el-credit-cosmic-pel-doctor-jose-luis-cabouli-conferencia-en-castella-subtitulada-en-catala\/\"><span lang=\"eu-ES\"><b>Jose Luis Cabouli doktorearen \u00abKreditu kosmikoa\u00bb. Erdarazko hitzaldia euskaraz azpititulatuta <\/b><\/span><span lang=\"eu-ES\"><b>(\u201cThe cosmic credit\u201d by Doctor Jos\u00e9 Lu\u00eds Cabouli. A talk in Spanish with Basque subtitles).<\/b><\/span><\/a><br \/>\n<\/span><\/span><span style=\"font-family: Times New Roman, serif\"><span style=\"font-size: large\"><span lang=\"eu-ES\">\u00ab<\/span><\/span><\/span><span style=\"font-family: Times New Roman, serif\"><span style=\"font-size: large\"><span lang=\"eu-ES\"><i>&#8220;Bizitza jaio aurretik&#8221; Jose Luis Cabouli doktoreak 2020ko abuztuaren 29an, larunbata, Solerasko Areto Balioanitzean (Las Garrigues, Katalunia) emandako hitzaldiaren pasartea (&#8230;)<\/i><\/span><\/span><\/span><span style=\"font-family: Times New Roman, serif\"><span style=\"font-size: large\"><span lang=\"eu-ES\">\u00bb.<br \/>\n<\/span><\/span><\/span><span style=\"font-family: Times New Roman, serif\"><span style=\"font-size: large\"><span lang=\"eu-ES\">\u00ab<\/span><\/span><\/span><span style=\"font-family: Times New Roman, serif\"><span style=\"font-size: large\"><span lang=\"eu-ES\"><i>Odysee<\/i><\/span><\/span><\/span><span style=\"font-family: Times New Roman, serif\"><span style=\"font-size: large\"><span lang=\"eu-ES\">\u00bb argitaletxearen profila: Animaweb. Hitzaldiak euskaraz. \u00ab<\/span><\/span><\/span><span style=\"font-family: Times New Roman, serif\"><span style=\"font-size: large\"><span lang=\"eu-ES\"><i>Odysee<\/i><\/span><\/span><\/span><span style=\"font-family: Times New Roman, serif\"><span style=\"font-size: large\"><span lang=\"eu-ES\">\u00bbn argitaratu zen eguna: Abenduaren, 2022ko asteazkena 14an. Bideoaren iraupena: 3 minutu eta 33 segundo. Hizkuntza: gaztelaniazko ahotsa euskarazko azpitituluekin.<br \/>\n<\/span><\/span><\/span><span style=\"font-family: Times New Roman, serif\"><span style=\"font-size: large\"><b>Itzulpena: Iraide L\u00f3pez de Gere\u00f1u.<\/b><\/span><\/span><\/p>\n<p class=\"western\" lang=\"en-GB\" align=\"justify\"><span style=\"font-family: Times New Roman, serif\"><span style=\"font-size: large\"><img loading=\"lazy\" decoding=\"async\" class=\"alignnone wp-image-1421 size-full\" title=\"Animated Esperanto flag.\" src=\"https:\/\/animaweb.cat\/files\/2021\/07\/Bandera_esperanto_animada.gif\" alt=\"Animated Esperanto flag.\" width=\"61\" height=\"43\" \/><br \/>\nEsperanto.<\/span><\/span><\/p>\n<p class=\"western\" lang=\"en-GB\" align=\"justify\"><a href=\"\/eo\/el-credit-cosmic-pel-doctor-jose-luis-cabouli-conferencia-en-castella-subtitulada-en-catala\/\"><span style=\"font-family: Times New Roman, serif\"><span style=\"font-size: x-large\"><span lang=\"eo\"><b>\u00abKosma kredito\u00bb de D-ro Jos\u00e9 Luis Cabouli. Prelego en la hispana, subtekstoj en esperanto <\/b><\/span><\/span><\/span><span style=\"font-family: Times New Roman, serif\"><span style=\"font-size: x-large\"><span lang=\"eo\"><b>(\u201cThe cosmic credit\u201d by Doctor Jos\u00e9 Lu\u00eds Cabouli. A talk in Spanish with Esperanto subtitles)<\/b><\/span><\/span><\/span><span style=\"font-family: Times New Roman, serif\"><span style=\"font-size: x-large\"><span lang=\"eo\"><b>.<br \/>\n<\/b><\/span><\/span><\/span><\/a><span style=\"font-family: Times New Roman, serif\"><span style=\"font-size: large\"><span lang=\"eo\">\u00ab<\/span><\/span><\/span><span style=\"font-family: Times New Roman, serif\"><span style=\"font-size: large\"><span lang=\"eo\"><i>Ero de la prelego kies titolo estas &#8220;Vivo anta\u016d naski\u011do&#8221; de D-ro Jos\u00e9 Luis Cabouli okazinta en la Pluruza Salono de Soler\u00e0s (Les Garrigues, Katalunio) la sabaton 29-an de a\u016dgusto de 2020 (&#8230;)<\/i><\/span><\/span><\/span><span style=\"font-family: Times New Roman, serif\"><span style=\"font-size: large\"><span lang=\"eo\">\u00bb.<br \/>\n<\/span><\/span><\/span><span style=\"font-family: Times New Roman, serif\"><span style=\"font-size: large\"><span lang=\"eo\">Profilo de publika\u0135o de \u00ab<\/span><\/span><\/span><span style=\"font-family: Times New Roman, serif\"><span style=\"font-size: large\"><span lang=\"eo\"><i>Odys\u00e9e<\/i><\/span><\/span><\/span><span style=\"font-family: Times New Roman, serif\"><span style=\"font-size: large\"><span lang=\"eo\">\u00bb: Animaweb. Prelegoj en esperanto. Dato de publikigo en \u00ab<\/span><\/span><\/span><span style=\"font-family: Times New Roman, serif\"><span style=\"font-size: large\"><span lang=\"eo\"><i>Odys\u00e9e<\/i><\/span><\/span><\/span><span style=\"font-family: Times New Roman, serif\"><span style=\"font-size: large\"><span lang=\"eo\">\u00bb: Lundo, la 12-an de decembro 2022. Da\u016dro de la filmo: 3 minutoj kaj 33 sekundoj. Lingvo: vo\u0109o en la hispana kun subtekstoj en esperanto.<br \/>\n<\/span><\/span><\/span><span style=\"font-family: Times New Roman, serif\"><span style=\"font-size: large\"><b>Tradukis: Alfons Tur Garcia.<\/b><\/span><\/span><\/p>","protected":false},"excerpt":{"rendered":"<p>The cosmic credit by Doctor Jos\u00e9 Luis Cabouli in Esperanto and Basque. We inform you that the short video \u201cThe cosmic credit\u201d by Doctor Jos\u00e9 Luis Cabouli is already available &hellip; <a href=\"https:\/\/animaweb.blog.pangea.org\/en\/2022\/12\/14\/el-credit-cosmic-del-doctor-jose-luis-cabouli-en-esperanto-i-euskera\/\" class=\"more-link\">Continue reading<span class=\"screen-reader-text\"> &#8220;The cosmic credit by Doctor Jos\u00e9 Luis Cabouli in Esperanto and Basque.&#8221;<\/span><\/a><\/p>\n","protected":false},"author":12345698,"featured_media":0,"comment_status":"closed","ping_status":"open","sticky":false,"template":"","format":"standard","meta":{"ngg_post_thumbnail":0,"footnotes":""},"categories":[171135,171134,171186,144,22366,5378,150012,119692,119881,32748,150057,150058,171099,169495,150063,171192,171191,150049,150046],"tags":[],"class_list":["post-2224","post","type-post","status-publish","format-standard","hentry","category-ajuntament-del-soleras","category-associacio-cultural-de-dones-elaia","category-audio-en-castella","category-avortament","category-catalunya","category-conferencies","category-conferencies-en-video","category-doctor-jose-luis-cabouli","category-el-soleras","category-familia","category-gestacio","category-naixement","category-periode-entre-dues-vides","category-presentacio-de-llibre","category-reencarnacio","category-subtitulacions-en-esperanto","category-subtitulacions-en-euskera","category-terapia-regressiva","category-vida-fetal"],"views":237,"_links":{"self":[{"href":"https:\/\/animaweb.blog.pangea.org\/en\/wp-json\/wp\/v2\/posts\/2224","targetHints":{"allow":["GET"]}}],"collection":[{"href":"https:\/\/animaweb.blog.pangea.org\/en\/wp-json\/wp\/v2\/posts"}],"about":[{"href":"https:\/\/animaweb.blog.pangea.org\/en\/wp-json\/wp\/v2\/types\/post"}],"author":[{"embeddable":true,"href":"https:\/\/animaweb.blog.pangea.org\/en\/wp-json\/wp\/v2\/users\/12345698"}],"replies":[{"embeddable":true,"href":"https:\/\/animaweb.blog.pangea.org\/en\/wp-json\/wp\/v2\/comments?post=2224"}],"version-history":[{"count":7,"href":"https:\/\/animaweb.blog.pangea.org\/en\/wp-json\/wp\/v2\/posts\/2224\/revisions"}],"predecessor-version":[{"id":2263,"href":"https:\/\/animaweb.blog.pangea.org\/en\/wp-json\/wp\/v2\/posts\/2224\/revisions\/2263"}],"wp:attachment":[{"href":"https:\/\/animaweb.blog.pangea.org\/en\/wp-json\/wp\/v2\/media?parent=2224"}],"wp:term":[{"taxonomy":"category","embeddable":true,"href":"https:\/\/animaweb.blog.pangea.org\/en\/wp-json\/wp\/v2\/categories?post=2224"},{"taxonomy":"post_tag","embeddable":true,"href":"https:\/\/animaweb.blog.pangea.org\/en\/wp-json\/wp\/v2\/tags?post=2224"}],"curies":[{"name":"wp","href":"https:\/\/api.w.org\/{rel}","templated":true}]}}