{"id":2003,"date":"2022-09-03T09:01:33","date_gmt":"2022-09-03T07:01:33","guid":{"rendered":"https:\/\/animaweb.cat\/?p=2003"},"modified":"2022-09-05T18:48:19","modified_gmt":"2022-09-05T16:48:19","slug":"segones-jornades-internacionals-de-terapia-de-vides-passades-programa","status":"publish","type":"post","link":"https:\/\/animaweb.blog.pangea.org\/en\/2022\/09\/03\/segones-jornades-internacionals-de-terapia-de-vides-passades-programa\/","title":{"rendered":"Second International Conference on Past Lives Therapy. Program."},"content":{"rendered":"<p lang=\"en-US\" align=\"center\"><span style=\"font-family: Times New Roman, serif\"><span style=\"font-size: x-large\"><b>Second International Conference on Past Lives Therapy. Program.<\/b><\/span><\/span><\/p>\n<p lang=\"en-US\" align=\"justify\"><span style=\"font-family: Times New Roman, serif\"><span style=\"font-size: large\">Free, via &#8220;<i>Zoom<\/i>&#8220;.<\/span><\/span><\/p>\n<p lang=\"en-US\" align=\"justify\"><span style=\"font-family: Times New Roman, serif\"><span style=\"font-size: large\">Register for the 2nd PLT International Conference by filling out the form. Thank you&#8230; hummingbird:<\/span><\/span><\/p>\n<p align=\"justify\"><span style=\"font-family: Liberation Serif, serif\"><span style=\"font-size: medium\"><a href=\"https:\/\/optin.myperfit.com\/subscribe\/laredfloral\/0k1RYHk7\"><span style=\"font-family: Times New Roman, serif\"><span style=\"font-size: large\"><span lang=\"en-US\">https:\/\/optin.myperfit.com\/subscribe\/laredfloral\/0k1RYHk7<\/span><\/span><\/span><\/a><\/span><\/span><\/p>\n<p lang=\"en-US\" align=\"justify\"><span style=\"font-family: Times New Roman, serif\"><span style=\"font-size: large\">Program:<\/span><\/span><\/p>\n<p lang=\"en-US\" align=\"justify\"><span style=\"font-family: Times New Roman, serif\"><span style=\"font-size: large\">Saturday, September 10 2022.<\/span><\/span><\/p>\n<p lang=\"en-US\" align=\"justify\"><span style=\"font-family: Times New Roman, serif\"><span style=\"font-size: large\">Mexico Time Zone:<\/span><\/span><\/p>\n<p lang=\"en-US\" align=\"justify\"><span style=\"font-family: Times New Roman, serif\"><span style=\"font-size: large\">10 h. Lili Bosnic, conference opening from MX.<\/span><\/span><\/p>\n<p align=\"justify\"><span style=\"font-family: Liberation Serif, serif\"><span style=\"font-size: medium\"><span style=\"font-family: Times New Roman, serif\"><span style=\"font-size: large\"><span lang=\"en-US\">10 h. 15&#8242;. <\/span><\/span><\/span><span style=\"font-family: Times New Roman, serif\"><span style=\"font-size: large\"><span lang=\"en-US\">Graduate<\/span><\/span><\/span><span style=\"font-family: Times New Roman, serif\"><span style=\"font-size: large\"><span lang=\"en-US\"> Carlos Gonz\u00e1lez Delgado (ES). &#8220;<\/span><\/span><\/span><span style=\"font-family: Times New Roman, serif\"><span style=\"font-size: large\"><span lang=\"en-US\"><i>A journey through imagination<\/i><\/span><\/span><\/span><span style=\"font-family: Times New Roman, serif\"><span style=\"font-size: large\"><span lang=\"en-US\">&#8220;.<\/span><\/span><\/span><\/span><\/span><\/p>\n<p align=\"justify\"><span style=\"font-family: Liberation Serif, serif\"><span style=\"font-size: medium\"><span style=\"font-family: Times New Roman, serif\"><span style=\"font-size: large\"><span lang=\"en-US\">12 h. 10&#8242;. <\/span><\/span><\/span><span style=\"font-family: Times New Roman, serif\"><span style=\"font-size: large\"><span lang=\"en-US\">B<\/span><\/span><\/span><span style=\"font-family: Times New Roman, serif\"><span style=\"font-size: large\"><span lang=\"en-US\">reak.<\/span><\/span><\/span><\/span><\/span><\/p>\n<p lang=\"en-US\" align=\"justify\"><span style=\"font-family: Times New Roman, serif\"><span style=\"font-size: large\">12 h. 10&#8242;. Cristina Oliva (ES). &#8220;<i>Knowing yourself through PLT<\/i>&#8220;.<\/span><\/span><\/p>\n<p lang=\"en-US\" align=\"justify\"><span style=\"font-family: Times New Roman, serif\"><span style=\"font-size: large\">13 h. 10&#8242;. Doctor Jos\u00e9 Lu\u00eds Cabouli (ARG-CAT). &#8220;<i>35 years of Past Lives Therapy<\/i>&#8220;.<\/span><\/span><\/p>\n<p lang=\"en-US\" align=\"justify\"><span style=\"font-family: Times New Roman, serif\"><span style=\"font-size: large\">14 h. 10&#8242;. Lunch break.<\/span><\/span><\/p>\n<p lang=\"en-US\" align=\"justify\"><span style=\"font-family: Times New Roman, serif\"><span style=\"font-size: large\">15 h. 30&#8242;. Antonio Sangio (PE-USA). &#8220;<i>Symptomatology of the soul<\/i>&#8220;.<\/span><\/span><\/p>\n<p lang=\"en-US\" align=\"justify\"><span style=\"font-family: Times New Roman, serif\"><span style=\"font-size: large\">16 h. 30&#8242;. Nacho Rom\u00f3n (ES). &#8220;<i>Miracles in Past Lives Therapy, the therapy of the soul<\/i>&#8220;.<\/span><\/span><\/p>\n<p lang=\"en-US\" align=\"justify\"><span style=\"font-family: Times New Roman, serif\"><span style=\"font-size: large\">17 h. 30&#8242;. 10 min break.<\/span><\/span><\/p>\n<p lang=\"en-US\" align=\"justify\"><span style=\"font-family: Times New Roman, serif\"><span style=\"font-size: large\">17 h. 40&#8242;. Lili Bosnic (ARG-MX). &#8220;<i>Blockage, confusion and a leap into the void<\/i>&#8220;.<\/span><\/span><\/p>\n<p lang=\"en-US\" align=\"justify\"><span style=\"font-family: Times New Roman, serif\"><span style=\"font-size: large\">18 h. 40&#8242;. Nacho Blasco (ES). &#8220;<i>Mortal consciousness<\/i>&#8220;.<\/span><\/span><\/p>\n<p lang=\"en-US\" align=\"justify\"><span style=\"font-family: Times New Roman, serif\"><span style=\"font-size: large\">19 h. 40&#8242;. Day closure.<\/span><\/span><\/p>\n<p lang=\"en-US\" align=\"justify\"><span style=\"font-family: Times New Roman, serif\"><span style=\"font-size: large\">Sunday, September 11 2022.<\/span><\/span><\/p>\n<p lang=\"en-US\" align=\"justify\"><span style=\"font-family: Times New Roman, serif\"><span style=\"font-size: large\">10 h. Lili Bosnic, day opening from MX.<\/span><\/span><\/p>\n<p lang=\"en-US\" align=\"justify\"><span style=\"font-family: Times New Roman, serif\"><span style=\"font-size: large\">10 h. 5&#8242;. Doctor Juan Jos\u00e9 L\u00f3pez Mart\u00ednez (ES). &#8220;<i>Nobody dies in solitude<\/i>&#8220;.<\/span><\/span><\/p>\n<p lang=\"en-US\" align=\"justify\"><span style=\"font-family: Times New Roman, serif\"><span style=\"font-size: large\">11 h. Graduate Julia M. Boreni (ARG). &#8220;<i>Intrauterine life. Conception, gestation and birth from the PLT experience<\/i>&#8220;.<\/span><\/span><\/p>\n<p lang=\"en-US\" align=\"justify\"><span style=\"font-family: Times New Roman, serif\"><span style=\"font-size: large\">12 h. 10 minutes break.<\/span><\/span><\/p>\n<p lang=\"en-US\" align=\"justify\"><span style=\"font-family: Times New Roman, serif\"><span style=\"font-size: large\">12 h. 10&#8242;. Graduate Marcelo Beloqui (ARG). &#8220;<i>PLT and energies from another dimension<\/i>&#8220;.<\/span><\/span><\/p>\n<p lang=\"en-US\" align=\"justify\"><span style=\"font-family: Times New Roman, serif\"><span style=\"font-size: large\">13 h. 10&#8242;. Doctor Bibiana Bistrich (ARG-IT). &#8220;<i>Promises, the value of the word<\/i>&#8220;.<\/span><\/span><\/p>\n<p lang=\"en-US\" align=\"justify\"><span style=\"font-family: Times New Roman, serif\"><span style=\"font-size: large\">14 h. 10&#8242;. Lunch break.<\/span><\/span><\/p>\n<p lang=\"en-US\" align=\"justify\"><span style=\"font-family: Times New Roman, serif\"><span style=\"font-size: large\">15 h. 30&#8242;. Doctor Viviana Zenteno (CL). &#8220;<i>Space or dimension between lives<\/i>&#8220;.<\/span><\/span><\/p>\n<p lang=\"en-US\" align=\"justify\"><span style=\"font-family: Times New Roman, serif\"><span style=\"font-size: large\">16 h. 30&#8242;. Conference closure with all participating speakers.<\/span><\/span><\/p>\n<p lang=\"en-US\" align=\"justify\"><span style=\"font-family: Times New Roman, serif\"><span style=\"font-size: large\">Organizer:<\/span><\/span><\/p>\n<p lang=\"en-US\" align=\"justify\"><span style=\"font-family: Times New Roman, serif\"><span style=\"font-size: large\">Lili Bosnic.<br \/>\n<\/span><\/span><span style=\"font-family: Times New Roman, serif\"><span style=\"font-size: large\"><i>Growing together<\/i>.<\/span><\/span><\/p>\n<p lang=\"en-US\" align=\"justify\"><span style=\"font-family: Times New Roman, serif\"><span style=\"font-size: large\">Contact:<\/span><\/span><\/p>\n<p lang=\"en-US\" align=\"justify\"><span style=\"font-family: Times New Roman, serif\"><span style=\"font-size: large\">55 4903 2000<br \/>\n<\/span><\/span><span style=\"font-family: Liberation Serif, serif\"><span style=\"font-size: medium\"><a href=\"mailto:info@laredfloral.com\"><span style=\"font-family: Times New Roman, serif\"><span style=\"font-size: large\"><span lang=\"en-US\">info@laredfloral.com<\/span><\/span><\/span><\/a><br \/>\n<\/span><\/span><span style=\"font-family: Liberation Serif, serif\"><span style=\"font-size: medium\"><a href=\"http:\/\/www.lilibosnic.com\/\"><span style=\"font-family: Times New Roman, serif\"><span style=\"font-size: large\"><span lang=\"en-US\">www.lilibosnic.com<\/span><\/span><\/span><\/a><br \/>\n<\/span><\/span><span style=\"font-family: Times New Roman, serif\"><span style=\"font-size: large\"><b>Post English translation: N\u00faria Comas Viladrich.<\/b><\/span><\/span><\/p>\n<p lang=\"en-US\" style=\"text-align: center\" align=\"justify\"><img loading=\"lazy\" decoding=\"async\" class=\"aligncenter wp-image-2004\" title=\"Second International Conference on Past Lives Therapy. Promotional poster 3.\" src=\"https:\/\/animaweb.cat\/files\/2022\/09\/2022-09_10_11_Segundas_Jornadas_Internacionales_de_Terapia_de_Vidas_Pasadas_TVP_4.jpg\" alt=\"Second International Conference on Past Lives Therapy. Promotional poster 3.\" width=\"800\" height=\"800\" srcset=\"https:\/\/animaweb.blog.pangea.org\/files\/2022\/09\/2022-09_10_11_Segundas_Jornadas_Internacionales_de_Terapia_de_Vidas_Pasadas_TVP_4.jpg 901w, https:\/\/animaweb.blog.pangea.org\/files\/2022\/09\/2022-09_10_11_Segundas_Jornadas_Internacionales_de_Terapia_de_Vidas_Pasadas_TVP_4-300x300.jpg 300w, https:\/\/animaweb.blog.pangea.org\/files\/2022\/09\/2022-09_10_11_Segundas_Jornadas_Internacionales_de_Terapia_de_Vidas_Pasadas_TVP_4-150x150.jpg 150w, https:\/\/animaweb.blog.pangea.org\/files\/2022\/09\/2022-09_10_11_Segundas_Jornadas_Internacionales_de_Terapia_de_Vidas_Pasadas_TVP_4-768x768.jpg 768w\" sizes=\"auto, (max-width: 709px) 85vw, (max-width: 909px) 67vw, (max-width: 984px) 61vw, (max-width: 1362px) 45vw, 600px\" \/><\/p>\n<p lang=\"en-US\" style=\"text-align: center\" align=\"justify\"><img loading=\"lazy\" decoding=\"async\" class=\"aligncenter wp-image-2005\" title=\"Second International Conference on Past Lives Therapy. Promotional poster 4.\" src=\"https:\/\/animaweb.cat\/files\/2022\/09\/2022-09_10_11_Segundas_Jornadas_Internacionales_de_Terapia_de_Vidas_Pasadas_TVP_5.jpg\" alt=\"Second International Conference on Past Lives Therapy. Promotional poster 4.\" width=\"800\" height=\"800\" srcset=\"https:\/\/animaweb.blog.pangea.org\/files\/2022\/09\/2022-09_10_11_Segundas_Jornadas_Internacionales_de_Terapia_de_Vidas_Pasadas_TVP_5.jpg 901w, https:\/\/animaweb.blog.pangea.org\/files\/2022\/09\/2022-09_10_11_Segundas_Jornadas_Internacionales_de_Terapia_de_Vidas_Pasadas_TVP_5-300x300.jpg 300w, https:\/\/animaweb.blog.pangea.org\/files\/2022\/09\/2022-09_10_11_Segundas_Jornadas_Internacionales_de_Terapia_de_Vidas_Pasadas_TVP_5-150x150.jpg 150w, https:\/\/animaweb.blog.pangea.org\/files\/2022\/09\/2022-09_10_11_Segundas_Jornadas_Internacionales_de_Terapia_de_Vidas_Pasadas_TVP_5-768x768.jpg 768w\" sizes=\"auto, (max-width: 709px) 85vw, (max-width: 909px) 67vw, (max-width: 984px) 61vw, (max-width: 1362px) 45vw, 600px\" \/><\/p>","protected":false},"excerpt":{"rendered":"<p>Second International Conference on Past Lives Therapy. Program. Free, via &#8220;Zoom&#8220;. Register for the 2nd PLT International Conference by filling out the form. Thank you&#8230; hummingbird: https:\/\/optin.myperfit.com\/subscribe\/laredfloral\/0k1RYHk7 Program: Saturday, September &hellip; <a href=\"https:\/\/animaweb.blog.pangea.org\/en\/2022\/09\/03\/segones-jornades-internacionals-de-terapia-de-vides-passades-programa\/\" class=\"more-link\">Continue reading<span class=\"screen-reader-text\"> &#8220;Second International Conference on Past Lives Therapy. Program.&#8221;<\/span><\/a><\/p>\n","protected":false},"author":12345698,"featured_media":0,"comment_status":"closed","ping_status":"open","sticky":false,"template":"","format":"standard","meta":{"ngg_post_thumbnail":0,"footnotes":""},"categories":[171107,119692,169485,119884,149956,119874,171106,150041,171103,169200,150043,169470,171136,171099,150049,150046,150051],"tags":[],"class_list":["post-2003","post","type-post","status-publish","format-standard","hentry","category-antonio-sangrio","category-doctor-jose-luis-cabouli","category-doctor-juan-jose-lopez-martinez","category-doctora-bibiana-bistrich","category-doctora-viviana-zenteno","category-jornades-de-treball","category-julia-margarita-boreni","category-lili-bosnic","category-cristina-oliva-anton","category-llicenciat-carlos-gonzalez-delgado","category-licenciado-marcelo-beloqui","category-llicenciat-nacho-blasco","category-nacho-romon","category-periode-entre-dues-vides","category-terapia-regressiva","category-vida-fetal","category-zoom"],"views":253,"_links":{"self":[{"href":"https:\/\/animaweb.blog.pangea.org\/en\/wp-json\/wp\/v2\/posts\/2003","targetHints":{"allow":["GET"]}}],"collection":[{"href":"https:\/\/animaweb.blog.pangea.org\/en\/wp-json\/wp\/v2\/posts"}],"about":[{"href":"https:\/\/animaweb.blog.pangea.org\/en\/wp-json\/wp\/v2\/types\/post"}],"author":[{"embeddable":true,"href":"https:\/\/animaweb.blog.pangea.org\/en\/wp-json\/wp\/v2\/users\/12345698"}],"replies":[{"embeddable":true,"href":"https:\/\/animaweb.blog.pangea.org\/en\/wp-json\/wp\/v2\/comments?post=2003"}],"version-history":[{"count":5,"href":"https:\/\/animaweb.blog.pangea.org\/en\/wp-json\/wp\/v2\/posts\/2003\/revisions"}],"predecessor-version":[{"id":2017,"href":"https:\/\/animaweb.blog.pangea.org\/en\/wp-json\/wp\/v2\/posts\/2003\/revisions\/2017"}],"wp:attachment":[{"href":"https:\/\/animaweb.blog.pangea.org\/en\/wp-json\/wp\/v2\/media?parent=2003"}],"wp:term":[{"taxonomy":"category","embeddable":true,"href":"https:\/\/animaweb.blog.pangea.org\/en\/wp-json\/wp\/v2\/categories?post=2003"},{"taxonomy":"post_tag","embeddable":true,"href":"https:\/\/animaweb.blog.pangea.org\/en\/wp-json\/wp\/v2\/tags?post=2003"}],"curies":[{"name":"wp","href":"https:\/\/api.w.org\/{rel}","templated":true}]}}