{"id":1966,"date":"2022-08-17T19:06:20","date_gmt":"2022-08-17T17:06:20","guid":{"rendered":"https:\/\/animaweb.cat\/?p=1966"},"modified":"2022-08-30T22:51:00","modified_gmt":"2022-08-30T20:51:00","slug":"segones-jornades-internacionals-de-terapia-de-vides-passades","status":"publish","type":"post","link":"https:\/\/animaweb.blog.pangea.org\/en\/2022\/08\/17\/segones-jornades-internacionals-de-terapia-de-vides-passades\/","title":{"rendered":"Second International Conference on Past Lives Therapy."},"content":{"rendered":"<p lang=\"en-US\" align=\"center\"><span style=\"font-family: Times New Roman, serif\"><span style=\"font-size: x-large\"><b>Second International Conference on Past Lives Therapy.<\/b><\/span><\/span><\/p>\n<p lang=\"en-US\" align=\"justify\"><span style=\"font-family: Times New Roman, serif\"><span style=\"font-size: large\">September 10 and 11, 2022.<\/span><\/span><\/p>\n<p lang=\"en-US\" align=\"justify\"><span style=\"font-family: Times New Roman, serif\"><span style=\"font-size: large\">Free via &#8220;<i>Zoom<\/i>&#8220;.<\/span><\/span><\/p>\n<p lang=\"en-US\" align=\"justify\"><span style=\"font-family: Times New Roman, serif\"><span style=\"font-size: large\">Register for the 2nd PLT International Conference by filling out the form. Thank you&#8230; hummingbird:<\/span><\/span><\/p>\n<p align=\"justify\"><span style=\"font-family: Liberation Serif, serif\"><span style=\"font-size: medium\"><a href=\"https:\/\/optin.myperfit.com\/subscribe\/laredfloral\/0k1RYHk7\"><span style=\"color: #000080\"><span style=\"font-family: Times New Roman, serif\"><span style=\"font-size: large\"><span lang=\"en-US\"><u>https:\/\/optin.myperfit.com\/subscribe\/laredfloral\/0k1RYHk7<\/u><\/span><\/span><\/span><\/span><\/a><\/span><\/span><\/p>\n<p lang=\"en-US\" align=\"justify\"><span style=\"font-family: Times New Roman, serif\"><span style=\"font-size: large\">Participants:<\/span><\/span><\/p>\n<p lang=\"en-US\" align=\"justify\"><span style=\"font-family: Times New Roman, serif\"><span style=\"font-size: large\">Special guest: <b>Eduardo H. Grecco.<\/b><\/span><\/span><\/p>\n<p lang=\"en-US\" align=\"justify\"><span style=\"font-family: Times New Roman, serif\"><span style=\"font-size: large\"><b>Doctor Jos\u00e9 Lu\u00eds Cabouli.<\/b><\/span><\/span><\/p>\n<p lang=\"en-US\" align=\"justify\"><span style=\"font-family: Times New Roman, serif\"><span style=\"font-size: large\">Spain:<\/span><\/span><\/p>\n<ul>\n<li>\n<p lang=\"en-US\" align=\"justify\"><span style=\"font-family: Times New Roman, serif\"><span style=\"font-size: large\"><b>Juan Jos\u00e9 L\u00f3pez Mart\u00ednez.<\/b><\/span><\/span><\/p>\n<\/li>\n<li>\n<p lang=\"en-US\" align=\"justify\"><span style=\"font-family: Times New Roman, serif\"><span style=\"font-size: large\"><b>Cristina Oliva Ant\u00f3n.<\/b><\/span><\/span><\/p>\n<\/li>\n<li>\n<p lang=\"en-US\" align=\"justify\"><span style=\"font-family: Times New Roman, serif\"><span style=\"font-size: large\"><b>Nacho Blasco.<\/b><\/span><\/span><\/p>\n<\/li>\n<li>\n<p lang=\"en-US\" align=\"justify\"><span style=\"font-family: Times New Roman, serif\"><span style=\"font-size: large\"><b>Juan Ignacio Rom\u00f3n.<\/b><\/span><\/span><\/p>\n<\/li>\n<li>\n<p lang=\"en-US\" align=\"justify\"><span style=\"font-family: Times New Roman, serif\"><span style=\"font-size: large\"><b>Carlos Gonz\u00e1lez Delgado.<\/b><\/span><\/span><\/p>\n<\/li>\n<\/ul>\n<p lang=\"en-US\" align=\"justify\"><span style=\"font-family: Times New Roman, serif\"><span style=\"font-size: large\">Italy:<\/span><\/span><\/p>\n<ul>\n<li>\n<p lang=\"en-US\" align=\"justify\"><span style=\"font-family: Times New Roman, serif\"><span style=\"font-size: large\"><b>Bibi Bistrich.<\/b><\/span><\/span><\/p>\n<\/li>\n<\/ul>\n<p lang=\"en-US\" align=\"justify\"><span style=\"font-family: Times New Roman, serif\"><span style=\"font-size: large\">Argentina:<\/span><\/span><\/p>\n<ul>\n<li>\n<p lang=\"en-US\" align=\"justify\"><span style=\"font-family: Times New Roman, serif\"><span style=\"font-size: large\"><b>Julia Margarita Boreni.<\/b><\/span><\/span><\/p>\n<\/li>\n<li>\n<p lang=\"en-US\" align=\"justify\"><span style=\"font-family: Times New Roman, serif\"><span style=\"font-size: large\"><b>Marcelo Beloqui.<\/b><\/span><\/span><\/p>\n<\/li>\n<\/ul>\n<p lang=\"en-US\" align=\"justify\"><span style=\"font-family: Times New Roman, serif\"><span style=\"font-size: large\">EE.UU.<\/span><\/span><\/p>\n<ul>\n<li>\n<p lang=\"en-US\" align=\"justify\"><span style=\"font-family: Times New Roman, serif\"><span style=\"font-size: large\"><b>Antonio Sangrio.<\/b><\/span><\/span><\/p>\n<\/li>\n<\/ul>\n<p lang=\"en-US\" align=\"justify\"><span style=\"font-family: Times New Roman, serif\"><span style=\"font-size: large\">Chile.<\/span><\/span><\/p>\n<ul>\n<li>\n<p lang=\"en-US\" align=\"justify\"><span style=\"font-family: Times New Roman, serif\"><span style=\"font-size: large\"><b>Viviana Zenteno.<\/b><\/span><\/span><\/p>\n<\/li>\n<\/ul>\n<p lang=\"en-US\" align=\"justify\"><span style=\"font-family: Times New Roman, serif\"><span style=\"font-size: large\">M\u00e9xico.<\/span><\/span><\/p>\n<ul>\n<li>\n<p lang=\"en-US\" align=\"justify\"><span style=\"font-family: Times New Roman, serif\"><span style=\"font-size: large\"><b>Lili Bosnic.<\/b><\/span><\/span><\/p>\n<\/li>\n<\/ul>\n<p lang=\"en-US\" align=\"justify\"><span style=\"font-family: Times New Roman, serif\"><span style=\"font-size: large\">Organizer:<\/span><\/span><\/p>\n<p lang=\"en-US\" align=\"justify\"><span style=\"font-family: Times New Roman, serif\"><span style=\"font-size: large\"><b>Lili Bosnic.<br \/>\n<\/b><\/span><\/span><span style=\"font-family: Times New Roman, serif\"><span style=\"font-size: large\">Growing together.<br \/>\n<\/span><\/span><span style=\"font-family: Times New Roman, serif\"><span style=\"font-size: large\"><b>Post translation into English: N\u00faria Comas Viladrich.<\/b><\/span><\/span><\/p>\n<p lang=\"en-US\" style=\"text-align: center\" align=\"justify\"><img loading=\"lazy\" decoding=\"async\" class=\"aligncenter wp-image-1967 size-large\" title=\"Second International Conference on Past Lives Therapy. Promotional poster 1.\" src=\"https:\/\/animaweb.cat\/files\/2022\/08\/2022-09_10_11_Segundas_Jornadas_Internacionales_de_Terapia_de_Vidas_Pasadas_TVP_2-1024x1024.jpg\" alt=\"Second International Conference on Past Lives Therapy. Promotional poster 1.\" width=\"840\" height=\"840\" srcset=\"https:\/\/animaweb.blog.pangea.org\/files\/2022\/08\/2022-09_10_11_Segundas_Jornadas_Internacionales_de_Terapia_de_Vidas_Pasadas_TVP_2-1024x1024.jpg 1024w, https:\/\/animaweb.blog.pangea.org\/files\/2022\/08\/2022-09_10_11_Segundas_Jornadas_Internacionales_de_Terapia_de_Vidas_Pasadas_TVP_2-300x300.jpg 300w, https:\/\/animaweb.blog.pangea.org\/files\/2022\/08\/2022-09_10_11_Segundas_Jornadas_Internacionales_de_Terapia_de_Vidas_Pasadas_TVP_2-150x150.jpg 150w, https:\/\/animaweb.blog.pangea.org\/files\/2022\/08\/2022-09_10_11_Segundas_Jornadas_Internacionales_de_Terapia_de_Vidas_Pasadas_TVP_2-768x768.jpg 768w, https:\/\/animaweb.blog.pangea.org\/files\/2022\/08\/2022-09_10_11_Segundas_Jornadas_Internacionales_de_Terapia_de_Vidas_Pasadas_TVP_2.jpg 1080w\" sizes=\"auto, (max-width: 709px) 85vw, (max-width: 909px) 67vw, (max-width: 1362px) 62vw, 840px\" \/><\/p>\n<p lang=\"en-US\" align=\"justify\"><img loading=\"lazy\" decoding=\"async\" class=\"aligncenter wp-image-1968 size-large\" title=\"Second International Conference on Past Lives Therapy. Promotional poster 2.\" src=\"https:\/\/animaweb.cat\/files\/2022\/08\/2022-09_10_11_Segundas_Jornadas_Internacionales_de_Terapia_de_Vidas_Pasadas_TVP_3-1024x1024.jpg\" alt=\"Second International Conference on Past Lives Therapy. Promotional poster 2.\" width=\"840\" height=\"840\" srcset=\"https:\/\/animaweb.blog.pangea.org\/files\/2022\/08\/2022-09_10_11_Segundas_Jornadas_Internacionales_de_Terapia_de_Vidas_Pasadas_TVP_3-1024x1024.jpg 1024w, https:\/\/animaweb.blog.pangea.org\/files\/2022\/08\/2022-09_10_11_Segundas_Jornadas_Internacionales_de_Terapia_de_Vidas_Pasadas_TVP_3-300x300.jpg 300w, https:\/\/animaweb.blog.pangea.org\/files\/2022\/08\/2022-09_10_11_Segundas_Jornadas_Internacionales_de_Terapia_de_Vidas_Pasadas_TVP_3-150x150.jpg 150w, https:\/\/animaweb.blog.pangea.org\/files\/2022\/08\/2022-09_10_11_Segundas_Jornadas_Internacionales_de_Terapia_de_Vidas_Pasadas_TVP_3-768x769.jpg 768w, https:\/\/animaweb.blog.pangea.org\/files\/2022\/08\/2022-09_10_11_Segundas_Jornadas_Internacionales_de_Terapia_de_Vidas_Pasadas_TVP_3-1200x1201.jpg 1200w, https:\/\/animaweb.blog.pangea.org\/files\/2022\/08\/2022-09_10_11_Segundas_Jornadas_Internacionales_de_Terapia_de_Vidas_Pasadas_TVP_3.jpg 1203w\" sizes=\"auto, (max-width: 709px) 85vw, (max-width: 909px) 67vw, (max-width: 1362px) 62vw, 840px\" \/><\/p>","protected":false},"excerpt":{"rendered":"<p>Second International Conference on Past Lives Therapy. September 10 and 11, 2022. Free via &#8220;Zoom&#8220;. Register for the 2nd PLT International Conference by filling out the form. Thank you&#8230; hummingbird: &hellip; <a href=\"https:\/\/animaweb.blog.pangea.org\/en\/2022\/08\/17\/segones-jornades-internacionals-de-terapia-de-vides-passades\/\" class=\"more-link\">Continue reading<span class=\"screen-reader-text\"> &#8220;Second International Conference on Past Lives Therapy.&#8221;<\/span><\/a><\/p>\n","protected":false},"author":12345698,"featured_media":0,"comment_status":"closed","ping_status":"open","sticky":false,"template":"","format":"standard","meta":{"ngg_post_thumbnail":0,"footnotes":""},"categories":[171107,119692,169485,119884,149956,171102,119874,171105,171106,150041,171103,169200,150043,171104],"tags":[],"class_list":["post-1966","post","type-post","status-publish","format-standard","hentry","category-antonio-sangrio","category-doctor-jose-luis-cabouli","category-doctor-juan-jose-lopez-martinez","category-doctora-bibiana-bistrich","category-doctora-viviana-zenteno","category-eduardo-horacio-grecco","category-jornades-de-treball","category-juan-ignacio-romon","category-julia-margarita-boreni","category-lili-bosnic","category-cristina-oliva-anton","category-llicenciat-carlos-gonzalez-delgado","category-licenciado-marcelo-beloqui","category-nacho-blasco"],"views":244,"_links":{"self":[{"href":"https:\/\/animaweb.blog.pangea.org\/en\/wp-json\/wp\/v2\/posts\/1966","targetHints":{"allow":["GET"]}}],"collection":[{"href":"https:\/\/animaweb.blog.pangea.org\/en\/wp-json\/wp\/v2\/posts"}],"about":[{"href":"https:\/\/animaweb.blog.pangea.org\/en\/wp-json\/wp\/v2\/types\/post"}],"author":[{"embeddable":true,"href":"https:\/\/animaweb.blog.pangea.org\/en\/wp-json\/wp\/v2\/users\/12345698"}],"replies":[{"embeddable":true,"href":"https:\/\/animaweb.blog.pangea.org\/en\/wp-json\/wp\/v2\/comments?post=1966"}],"version-history":[{"count":2,"href":"https:\/\/animaweb.blog.pangea.org\/en\/wp-json\/wp\/v2\/posts\/1966\/revisions"}],"predecessor-version":[{"id":2001,"href":"https:\/\/animaweb.blog.pangea.org\/en\/wp-json\/wp\/v2\/posts\/1966\/revisions\/2001"}],"wp:attachment":[{"href":"https:\/\/animaweb.blog.pangea.org\/en\/wp-json\/wp\/v2\/media?parent=1966"}],"wp:term":[{"taxonomy":"category","embeddable":true,"href":"https:\/\/animaweb.blog.pangea.org\/en\/wp-json\/wp\/v2\/categories?post=1966"},{"taxonomy":"post_tag","embeddable":true,"href":"https:\/\/animaweb.blog.pangea.org\/en\/wp-json\/wp\/v2\/tags?post=1966"}],"curies":[{"name":"wp","href":"https:\/\/api.w.org\/{rel}","templated":true}]}}