{"id":1494,"date":"2021-08-15T10:34:23","date_gmt":"2021-08-15T08:34:23","guid":{"rendered":"https:\/\/animaweb.cat\/?p=1494"},"modified":"2021-08-16T00:08:26","modified_gmt":"2021-08-15T22:08:26","slug":"a-la-comprensio-per-lexperiencia-i-el-testimoni-develyn-en-llengua-occitana","status":"publish","type":"post","link":"https:\/\/animaweb.blog.pangea.org\/en\/2021\/08\/15\/a-la-comprensio-per-lexperiencia-i-el-testimoni-develyn-en-llengua-occitana\/","title":{"rendered":"Understanding through experience and Evelyn\u2019s evidence in Occitanian."},"content":{"rendered":"<p class=\"western\" lang=\"es-ES\" align=\"center\"><span style=\"font-family: Times New Roman, serif\"><span style=\"font-size: x-large\"><span lang=\"en-GB\"><b>Understanding through experience and Evelyn\u2019s evidence in Occitanian. <\/b><\/span><\/span><\/span><\/p>\n<p class=\"western\" lang=\"es-ES\" align=\"justify\"><span style=\"font-family: Times New Roman, serif\"><span style=\"font-size: large\"><span lang=\"en-GB\"><img loading=\"lazy\" decoding=\"async\" class=\"alignleft wp-image-1260 size-full\" title=\"Animated Occitan flag.\" src=\"https:\/\/animaweb.cat\/files\/2021\/03\/Bandera_occitana_animada.gif\" alt=\"Animated Occitan flag.\" width=\"75\" height=\"50\" \/>We inform you that the documents <\/span><\/span><\/span><span style=\"font-family: Times New Roman, serif\"><span style=\"font-size: large\"><span lang=\"en-GB\"><i>Understanding through experience <\/i><\/span><\/span><\/span><span style=\"font-family: Times New Roman, serif\"><span style=\"font-size: large\"><span lang=\"en-GB\">and <\/span><\/span><\/span><span style=\"font-family: Times New Roman, serif\"><span style=\"font-size: large\"><span lang=\"en-GB\"><i>Evelyn\u2019s Evidence<\/i><\/span><\/span><\/span><span style=\"font-family: Times New Roman, serif\"><span style=\"font-size: large\"><span lang=\"en-GB\">, two pieces from Brian Weiss\u2019 books, are now available<\/span><\/span><\/span><i> <\/i><span style=\"font-family: Times New Roman, serif\"><span style=\"font-size: large\"><span lang=\"en-GB\">for Occitanian speaking internauts. Doctor Brian Weiss is a psychiatrist and past lives therapist. The links for both documents are available through the page <\/span><\/span><\/span><span style=\"font-family: Times New Roman, serif\"><span style=\"font-size: large\"><span lang=\"en-GB\"><i>Appointments and testimonials<\/i><\/span><\/span><\/span><span style=\"font-family: Times New Roman, serif\"><span style=\"font-size: large\"><span lang=\"en-GB\"> in each of the languages where they have been translated.<\/span><\/span><\/span><\/p>\n<figure id=\"attachment_1495\" aria-describedby=\"caption-attachment-1495\" style=\"width: 200px\" class=\"wp-caption alignright\"><img loading=\"lazy\" decoding=\"async\" class=\"wp-image-1495 size-full\" title=\"Place dedicated to the Gilhem de B\u00e9libaste Cathar Walk, in Sant Mateu (Baix Maestrat), by Llapisera, CC BY-SA 4.0, https:\/\/commons.wikimedia.org\/w\/index.php?curid=18984143\" src=\"https:\/\/animaweb.cat\/files\/2021\/08\/Placa_del_Passeig_del_catar_Gilhem_de_Belibasta_a_Sant_Mateu_72ppp_200x150px.png\" alt=\"Place dedicated to the Gilhem de B\u00e9libaste Cathar Walk, in Sant Mateu (Baix Maestrat), by Llapisera, CC BY-SA 4.0, https:\/\/commons.wikimedia.org\/w\/index.php?curid=18984143\" width=\"200\" height=\"150\" \/><figcaption id=\"caption-attachment-1495\" class=\"wp-caption-text\">Place dedicated to the Gilhem de B\u00e9libaste Cathar Walk, in Sant Mateu (Baix Maestrat), by Llapisera, CC BY-SA 4.0, https:\/\/commons.wikimedia.org\/w\/index.php?curid=18984143<\/figcaption><\/figure>\n<p class=\"western\" lang=\"es-ES\" align=\"justify\"><span style=\"font-family: Times New Roman, serif\"><span style=\"font-size: large\"><span lang=\"en-GB\">These translations happen on the seven hundredth anniversary of the death of the last known historical member of the Cathar religion, those known as the Good Men and the Good Women, or the Perfect Ones, Gilhem de Belibasta, who died at the stake at Vila-Roja de Termen\u00e9s, burnt by the Catholic Inquisition. It was in 1321, the day depending on who tells the story, and it could be either August 24 or October 24. Some say that before dying he made the following prophecy: <\/span><\/span><\/span><span style=\"font-family: Times New Roman, serif\"><span style=\"font-size: large\"><span lang=\"en-GB\"><i>\u201c700 years from now the laurel will blossom\u201d.<\/i><\/span><\/span><\/span><\/p>\n<p class=\"western\" lang=\"en-GB\" align=\"justify\"><span style=\"font-family: Times New Roman, serif\"><span style=\"font-size: large\">Occitania was a nation which lost her integrity and her liberties defending a faith which combined the belief in the Christ of the Roman era and reincarnation. With these translations we wish to help those Occitanians who remember this fact to become aware that at present there are therapists who help their patients to heal the wounds of their subconscious, even those which come from previous lives. This reality is known both by many of the Occitanian forerunners and by these soul therapists.<\/span><\/span><\/p>\n<p class=\"western\" lang=\"en-GB\" align=\"justify\"><span style=\"font-family: Times New Roman, serif\"><span style=\"font-size: large\">Besides, the knowledge of the true culture and history of each one of this planet\u2019s nations is a common heritage of the whole of Humankind, which must be safeguarded so that, those who practice the souls therapies may better document the circumstances of the past of the souls of different patients who submit themselves to regression, and of the disembodied souls which occupy other peoples\u2019 bodies and which must be redirected in their path of spiritual evolution.<\/span><\/span><\/p>\n<p class=\"western\" lang=\"es-ES\" align=\"justify\"><span style=\"font-family: Times New Roman, serif\"><span style=\"font-size: large\"><span lang=\"en-GB\"><span lang=\"ca-ES\"><img loading=\"lazy\" decoding=\"async\" class=\"alignleft wp-image-1496 size-full\" title=\"Cercle d\u2019Agermanament Occitano-Catal\u00e0 (C.A.O.C.) - Cercle d'Afrairament Occitanocatalan (C.A.O.C.) [Catalan Occitan Twinning Circle (C.A.O.C.)]. Logo.\" src=\"https:\/\/animaweb.cat\/files\/2021\/08\/Cercle_de_Agermanament_Occitano_Catala_CAOC_Logotip_72ppp_200x194px.png\" alt=\"Cercle d\u2019Agermanament Occitano-Catal\u00e0 (C.A.O.C.)\u00a0-\u00a0Cercle d'Afrairament Occitanocatalan (C.A.O.C.) [Catalan Occitan Twinning Circle (C.A.O.C.)]. Logo.\" width=\"200\" height=\"194\" \/><\/span>We thank again Professor Federico Marino for his work and the <\/span><\/span><\/span><span style=\"font-family: Times New Roman, serif\"><span style=\"font-size: large\"><span lang=\"en-GB\"><i>Cercle d\u2019Agermanament Occitano-Catal\u00e0 (C.A.O.C.)\u00a0&#8211;\u00a0Cercle d&#8217;Afrairament Occitanocatalan (C.A.O.C.)<\/i><\/span><\/span><\/span><span style=\"font-family: Times New Roman, serif\"><span style=\"font-size: large\"><span lang=\"en-GB\"> [<\/span><\/span><\/span><span style=\"font-family: Times New Roman, serif\"><span style=\"font-size: large\"><span lang=\"en-GB\"><i>Catalan Occitan Twinning Circle (C.A.O.C.)<\/i><\/span><\/span><\/span><span style=\"font-family: Times New Roman, serif\"><span style=\"font-size: large\"><span lang=\"en-GB\">] for their help.<\/span><\/span><\/span><\/p>\n<p class=\"western\" lang=\"es-ES\" align=\"right\"><span style=\"font-family: Times New Roman, serif\"><span style=\"font-size: large\"><span lang=\"en-GB\">Team of the \u201c<\/span><\/span><\/span><span style=\"font-family: Times New Roman, serif\"><span style=\"font-size: large\"><span lang=\"en-GB\"><i>En cos i \u00e0nima<\/i><\/span><\/span><\/span><span style=\"font-family: Times New Roman, serif\"><span style=\"font-size: large\"><span lang=\"en-GB\">\u201d web site.<br \/>\n<\/span><\/span><\/span><span style=\"color: #000000\"><span style=\"font-family: Times New Roman, serif\"><span style=\"font-size: large\"><span lang=\"en-GB\">Sunday<\/span><\/span><\/span><\/span><span style=\"font-family: Times New Roman, serif\"><span style=\"font-size: large\"><span lang=\"en-GB\">, <\/span><\/span><\/span><span style=\"color: #000000\"><span style=\"font-family: Times New Roman, serif\"><span style=\"font-size: large\"><span lang=\"en-GB\">15<\/span><\/span><\/span><\/span><sup><span style=\"font-family: Times New Roman, serif\"><span style=\"font-size: large\"><span lang=\"en-GB\">th<\/span><\/span><\/span><\/sup><span style=\"font-family: Times New Roman, serif\"><span style=\"font-size: large\"><span lang=\"en-GB\"> August 2021.<br \/>\n<\/span><\/span><\/span><span style=\"font-family: Times New Roman, serif\"><span style=\"font-size: large\"><b>Translation into English of this presentation by Loto Perrella. <\/b><\/span><\/span><\/p>\n<p class=\"western\" lang=\"en-GB\"><span style=\"font-family: Times New Roman, serif\"><span style=\"font-size: large\">The links of the translations into Occitanian are available again at:<\/span><\/span><\/p>\n<p class=\"western\" lang=\"es-ES\" align=\"justify\"><a href=\"\/oc\/respectar-els-individus-de-les-altres-condicions-el-testimoni-develyn\/\"><span style=\"font-size: x-large\"><span style=\"font-family: Times New Roman, serif\"><span lang=\"oc-FR\"><b>Respectar los individus de las autras condicions. Lo testim\u00f2ni d\u2019Evelyn <\/b><\/span><\/span><span style=\"font-family: Times New Roman, serif\"><span lang=\"oc-FR\"><b>(<\/b><\/span><\/span><span style=\"font-family: Times New Roman, serif\"><span lang=\"en-US\"><b>The respect of individuals of other conditions. Evelyn\u2019s evidence<\/b><\/span><\/span><span style=\"font-family: Times New Roman, serif\"><span lang=\"oc-FR\"><b>)<\/b><\/span><\/span><span style=\"font-family: Times New Roman, serif\"><span lang=\"oc-FR\"><b>.<br \/>\n<\/b><\/span><\/span><\/span><\/a><span style=\"font-size: large\"><i><span style=\"font-family: Times New Roman, serif\">Aiceste cas del Doctor Brian Weiss aperten a una pacienta qu\u2019a aqu\u00ed lo nom d\u2019Evelyn, ont es confirma la necessitat d\u2019aprene de respectar las personas qu\u2019apertenon a un collectiu ali\u00e8n.<br \/>\n<\/span><\/i><\/span><span style=\"font-size: large\"><span style=\"font-family: Times New Roman, serif\">Brian Weiss. <\/span><span style=\"font-family: Times New Roman, serif\"><i>Same Soul, Many Bodies<\/i><\/span><span style=\"font-family: Times New Roman, serif\"> (<\/span><span style=\"font-family: Times New Roman, serif\"><i>Molts cossos, una mateixa \u00e0nima<\/i><\/span><span style=\"font-family: Times New Roman, serif\">).<br \/>\n<\/span><\/span><span style=\"font-family: Times New Roman, serif\"><span style=\"font-size: large\"><b>Traduccion a l\u2019<\/b><b>occitan<\/b><b> d\u2019apr\u00e8p la version anglesa originala: Federico Merino.<\/b><\/span><\/span><\/p>\n<p class=\"western\" lang=\"oc-FR\" align=\"justify\"><a href=\"https:\/\/animaweb.cat\/a-la-comprensio-per-lexperiencia\/\"><span style=\"font-family: Times New Roman, serif\"><span style=\"font-size: x-large\"><b>A la compreneson per l\u2019experi\u00e9ncia (Understanding through experience).<br \/>\n<\/b><\/span><\/span><b><\/b><\/a><span style=\"font-family: Times New Roman, serif\"><span style=\"font-size: large\"><i>Lo Doctor en psiquiatria Brian Weiss relata las seiunas investigacions inicialas a la rec\u00e8rca de refer\u00e9ncias sus la reencarnacion apr\u00e8s los sieus primi\u00e8rs passes en la tecnica de la terapia de vidas passadas.<br \/>\n<\/i><\/span><\/span><span style=\"font-family: Times New Roman, serif\"><span style=\"font-size: large\">Brian Weiss. <i>Through Time into Healing<\/i> (<i>A trav\u00e8rs del temps en la guarison<\/i>).<br \/>\n<\/span><\/span><span style=\"font-family: Times New Roman, serif\"><span style=\"font-size: large\"><b>Traduccion a l\u2019occitan d\u2019apr\u00e8p la version anglesa originala: Federico Merino.<\/b><\/span><\/span><\/p>","protected":false},"excerpt":{"rendered":"<p>Understanding through experience and Evelyn\u2019s evidence in Occitanian. We inform you that the documents Understanding through experience and Evelyn\u2019s Evidence, two pieces from Brian Weiss\u2019 books, are now available for &hellip; <a href=\"https:\/\/animaweb.blog.pangea.org\/en\/2021\/08\/15\/a-la-comprensio-per-lexperiencia-i-el-testimoni-develyn-en-llengua-occitana\/\" class=\"more-link\">Continue reading<span class=\"screen-reader-text\"> &#8220;Understanding through experience and Evelyn\u2019s evidence in Occitanian.&#8221;<\/span><\/a><\/p>\n","protected":false},"author":12345698,"featured_media":0,"comment_status":"closed","ping_status":"open","sticky":false,"template":"","format":"standard","meta":{"ngg_post_thumbnail":0,"footnotes":""},"categories":[150026,119420,150025,19423,150024],"tags":[],"class_list":["post-1494","post","type-post","status-publish","format-standard","hentry","category-cercle-dagermanament-occitano-catala-caoc","category-doctor-brian-weiss","category-federico-merino","category-occitania","category-traduccions-a-loccita"],"views":130,"_links":{"self":[{"href":"https:\/\/animaweb.blog.pangea.org\/en\/wp-json\/wp\/v2\/posts\/1494","targetHints":{"allow":["GET"]}}],"collection":[{"href":"https:\/\/animaweb.blog.pangea.org\/en\/wp-json\/wp\/v2\/posts"}],"about":[{"href":"https:\/\/animaweb.blog.pangea.org\/en\/wp-json\/wp\/v2\/types\/post"}],"author":[{"embeddable":true,"href":"https:\/\/animaweb.blog.pangea.org\/en\/wp-json\/wp\/v2\/users\/12345698"}],"replies":[{"embeddable":true,"href":"https:\/\/animaweb.blog.pangea.org\/en\/wp-json\/wp\/v2\/comments?post=1494"}],"version-history":[{"count":3,"href":"https:\/\/animaweb.blog.pangea.org\/en\/wp-json\/wp\/v2\/posts\/1494\/revisions"}],"predecessor-version":[{"id":1502,"href":"https:\/\/animaweb.blog.pangea.org\/en\/wp-json\/wp\/v2\/posts\/1494\/revisions\/1502"}],"wp:attachment":[{"href":"https:\/\/animaweb.blog.pangea.org\/en\/wp-json\/wp\/v2\/media?parent=1494"}],"wp:term":[{"taxonomy":"category","embeddable":true,"href":"https:\/\/animaweb.blog.pangea.org\/en\/wp-json\/wp\/v2\/categories?post=1494"},{"taxonomy":"post_tag","embeddable":true,"href":"https:\/\/animaweb.blog.pangea.org\/en\/wp-json\/wp\/v2\/tags?post=1494"}],"curies":[{"name":"wp","href":"https:\/\/api.w.org\/{rel}","templated":true}]}}