{"id":1875,"date":"2022-06-14T19:24:16","date_gmt":"2022-06-14T17:24:16","guid":{"rendered":"https:\/\/animaweb.cat\/?p=1875"},"modified":"2022-06-15T22:08:41","modified_gmt":"2022-06-15T20:08:41","slug":"entrevista-al-doctor-cabouli-per-el-periodico-en-alemany","status":"publish","type":"post","link":"https:\/\/animaweb.blog.pangea.org\/de\/2022\/06\/14\/entrevista-al-doctor-cabouli-per-el-periodico-en-alemany\/","title":{"rendered":"Interview mit Doktor Cabouli in der Zeitung El Peri\u00f3dico auf Deutsch."},"content":{"rendered":"<p class=\"western\" lang=\"de-DE\" align=\"center\"><span style=\"font-size: x-large\"><span style=\"font-family: Times New Roman, serif\"><b>Interview mit Doktor Cabouli in der Zeitung El Peri\u00f3dico auf Deutsch.<\/b><\/span><\/span><\/p>\n<p align=\"justify\"><em><span style=\"font-family: Times New Roman, serif\"><span style=\"font-size: large\"><span lang=\"de-DE\"><span lang=\"ca-ES\"><img loading=\"lazy\" decoding=\"async\" class=\"alignleft wp-image-1013 size-full\" title=\"Animierte deutsche Flagge.\" src=\"https:\/\/animaweb.cat\/files\/2020\/11\/Bandera_alemanya_animada.gif\" alt=\"Animierte deutsche Flagge.\" width=\"68\" height=\"50\" \/><\/span><\/span><\/span><\/span><\/em><span style=\"font-family: Times New Roman, serif\"><span style=\"font-size: large\"><span lang=\"de-DE\">Das von Gaspar Hern\u00e1ndez weitergeleitete Interview mit Doktor Jos\u00e9 Lu\u00eds Cabouli in der Zeitung \u00ab<\/span><\/span><\/span><em><span style=\"font-family: Times New Roman, serif\"><span style=\"font-size: large\"><span lang=\"de-DE\">El Peri\u00f3dico de Catalunya<\/span><\/span><\/span><\/em><span style=\"font-family: Times New Roman, serif\"><span style=\"font-size: large\"><span lang=\"de-DE\">\u00bb <\/span><\/span><\/span><span style=\"font-family: Times New Roman, serif\"><span style=\"font-size: large\"><span lang=\"de-DE\">steht jetzt auf Deutsch zur Verf\u00fcgung. Hiermit bedanken wir uns bei der Person, die die \u00dcbersetzung erstellt hat.<\/span><\/span><\/span><\/p>\n<p align=\"justify\"><span style=\"font-family: Times New Roman, serif\"><span style=\"font-size: large\"><span lang=\"de-DE\">Wir erinnern Sie daran, dass, wenn Sie einen grossen Bildschirm benutzen, unsere Webseite direkt alle Abschnitte mit deren Seiten anzeigt. Auf kleinen Bildschirmen erscheint eine mit \u201e<\/span><\/span><\/span><em><span style=\"font-family: Times New Roman, serif\"><span style=\"font-size: large\"><span lang=\"de-DE\">Men\u00fc<\/span><\/span><\/span><\/em><span style=\"font-family: Times New Roman, serif\"><span style=\"font-size: large\"><span lang=\"de-DE\">\u201c <\/span><\/span><\/span><span style=\"font-family: Times New Roman, serif\"><span style=\"font-size: large\"><span lang=\"de-DE\">gekennzeichnete Schaltfl\u00e4che. Wenn Sie darauf klicken k\u00f6nnen Sie die Abschnitte, die zu den jeweiligen Seiten f\u00fchren sowohl erweitern als auch wieder verringern.<\/span><\/span><\/span><\/p>\n<p class=\"western\" align=\"right\"><span style=\"font-family: Times New Roman, serif\"><span style=\"font-size: large\"><span lang=\"de-DE\">Webteam \u201e<\/span><\/span><\/span><em><span style=\"font-family: Times New Roman, serif\"><span style=\"font-size: large\"><span lang=\"de-DE\">In K\u00f6rper und Seele<\/span><\/span><\/span><\/em><span style=\"font-family: Times New Roman, serif\"><span style=\"font-size: large\"><span lang=\"de-DE\">\u201c.<br \/>\n<\/span><\/span><\/span><span style=\"font-family: Times New Roman, serif\"><span style=\"font-size: large\"><span lang=\"de-DE\">Dienstag, 14. Juni 2022<\/span><\/span><\/span><\/p>\n<p class=\"western\"><span style=\"font-family: Times New Roman, serif\"><span style=\"font-size: large\"><span lang=\"de-DE\">Link zur Seite des Interviews auf Deutsch:<\/span><\/span><\/span><\/p>\n<p align=\"justify\"><a href=\"\/de\/jose-luis-cabouli-lanima-es-el-xofer-el-cos-el-vehicle\/\"><span style=\"font-family: Times New Roman, serif\"><span style=\"font-size: x-large\"><span lang=\"de-DE\"><b>Jos\u00e9 Luis Cabouli: \u201eDie Seele ist der Fahrer; der K\u00f6rper, das Fahrzeug\u201c.<br \/>\n<\/b><\/span><\/span><\/span><\/a><span style=\"font-family: Times New Roman, serif\"><span style=\"font-size: large\"><b>Die Zeitung \u00abEl Peri\u00f3dico de Catalunya\u00bb. Mittwoch, 8. Oktober 2008.<br \/>\n<\/b><\/span><\/span><span style=\"font-family: Times New Roman, serif\"><span style=\"font-size: large\"><i><em>Jos\u00e9 Luis Cabouli praktiziert die Therapie vergangener Leben. Er ist Arzt und Chirurg der Seele. Er geht davon aus, dass Reinkarnation existiert und arbeitet mit Patienten, die die Last von Traumata aus anderen Leben tragen.<\/em><\/i><\/span><\/span><\/p>","protected":false},"excerpt":{"rendered":"<p>Interview mit Doktor Cabouli in der Zeitung El Peri\u00f3dico auf Deutsch. Das von Gaspar Hern\u00e1ndez weitergeleitete Interview mit Doktor Jos\u00e9 Lu\u00eds Cabouli in der Zeitung \u00abEl Peri\u00f3dico de Catalunya\u00bb steht &hellip; <a href=\"https:\/\/animaweb.blog.pangea.org\/de\/2022\/06\/14\/entrevista-al-doctor-cabouli-per-el-periodico-en-alemany\/\" class=\"more-link\"><span class=\"screen-reader-text\">\u201eInterview mit Doktor Cabouli in der Zeitung El Peri\u00f3dico auf Deutsch.\u201c <\/span>weiterlesen<\/a><\/p>\n","protected":false},"author":12345698,"featured_media":0,"comment_status":"closed","ping_status":"open","sticky":false,"template":"","format":"standard","meta":{"ngg_post_thumbnail":0,"footnotes":""},"categories":[119692,139245,149952,150059,150063,150049,149991],"tags":[],"class_list":["post-1875","post","type-post","status-publish","format-standard","hentry","category-doctor-jose-luis-cabouli","category-el-periodico-de-catalunya","category-entrevistes-de-text","category-gaspar-hernandez","category-reencarnacio","category-terapia-regressiva","category-traduccions-a-lalemany"],"views":180,"_links":{"self":[{"href":"https:\/\/animaweb.blog.pangea.org\/de\/wp-json\/wp\/v2\/posts\/1875","targetHints":{"allow":["GET"]}}],"collection":[{"href":"https:\/\/animaweb.blog.pangea.org\/de\/wp-json\/wp\/v2\/posts"}],"about":[{"href":"https:\/\/animaweb.blog.pangea.org\/de\/wp-json\/wp\/v2\/types\/post"}],"author":[{"embeddable":true,"href":"https:\/\/animaweb.blog.pangea.org\/de\/wp-json\/wp\/v2\/users\/12345698"}],"replies":[{"embeddable":true,"href":"https:\/\/animaweb.blog.pangea.org\/de\/wp-json\/wp\/v2\/comments?post=1875"}],"version-history":[{"count":4,"href":"https:\/\/animaweb.blog.pangea.org\/de\/wp-json\/wp\/v2\/posts\/1875\/revisions"}],"predecessor-version":[{"id":1879,"href":"https:\/\/animaweb.blog.pangea.org\/de\/wp-json\/wp\/v2\/posts\/1875\/revisions\/1879"}],"wp:attachment":[{"href":"https:\/\/animaweb.blog.pangea.org\/de\/wp-json\/wp\/v2\/media?parent=1875"}],"wp:term":[{"taxonomy":"category","embeddable":true,"href":"https:\/\/animaweb.blog.pangea.org\/de\/wp-json\/wp\/v2\/categories?post=1875"},{"taxonomy":"post_tag","embeddable":true,"href":"https:\/\/animaweb.blog.pangea.org\/de\/wp-json\/wp\/v2\/tags?post=1875"}],"curies":[{"name":"wp","href":"https:\/\/api.w.org\/{rel}","templated":true}]}}